{"id":12662,"date":"2023-03-03T10:39:13","date_gmt":"2023-03-03T10:39:13","guid":{"rendered":"https:\/\/www.aezuff.org\/extranet\/?p=12662"},"modified":"2023-03-03T10:39:15","modified_gmt":"2023-03-03T10:39:15","slug":"2-a-jornada-de-tenis-de-mesa-02-03-2023-montemor-o-velho","status":"publish","type":"post","link":"http:\/\/www.aezuff.org\/extranet\/2-a-jornada-de-tenis-de-mesa-02-03-2023-montemor-o-velho\/","title":{"rendered":"2.\u00aa Jornada de T\u00e9nis de Mesa \u2013 02\/03\/2023 \u2013 Montemor-o-Velho"},"content":{"rendered":"\n<p>A 2.\u00aa Jornada de T\u00e9nis de Mesa, da s\u00e9rie E, do Desporto Escolar realizou-se no dia 2 de mar\u00e7o, no Pavilh\u00e3o Municipal de Montemor-o-Velho, reunindo mais uma vez um elevado n\u00famero de alunos. A Escola B\u00e1sica Jo\u00e3o de Barros mant\u00e9m v\u00e1rios lugares de p\u00f3dio, da jornada anterior, que se passam a citar:<\/p>\n\n\n\n<p>Infantil A Feminino: Todas as alunas do 5.\u00ba 1: 1.\u00ba \u2013 M\u00aa In\u00eas Monteiro; 2.\u00ba \u2013 Filipa Oliveira e 3.\u00ba \u2013 Laura Ferreira;<\/p>\n\n\n\n<p>Infantil A Masculino: 1.\u00ba \u2013 Tiago Valente \u2013 5\u00ba 9 e 2.\u00ba \u2013 Duarte Ca\u00e7\u00e3o \u2013 5.\u00ba6;<\/p>\n\n\n\n<p>Infantil B Feminino: 2.\u00ba \u2013 Maria Marques \u2013 (aluna em protocolo) e 3.\u00ba \u2013 Lara Duarte \u2013 6.\u00ba 4;<\/p>\n\n\n\n<p>Iniciado Feminino: 3.\u00ba \u2013 Vict\u00f3ria Quinteiro \u2013 8.\u00ba A;<\/p>\n\n\n\n<p>Iniciado Masculino: 1.\u00ba \u2013 Miguel Gomes \u2013 8.\u00ba A.<\/p>\n\n\n\n<p>Ainda em 4.\u00ba lugar, classificaram-se os\/as seguintes alunos\/as, nos escal\u00f5es de Infantis A e B:<\/p>\n\n\n\n<p>Ina Bugel \u2013 6\u00ba2; Guilherme Fernandes \u2013 5\u00ba6; Lara Fidalgo \u2013 6\u00ba12 e Gon\u00e7alo Bastos \u2013 6\u00ba6.<\/p>\n\n\n\n<p>Destaque ainda para os \u00e1rbitros: Tiago Caldeira &#8211; 6\u00ba5 e Rafael Prata &#8211; 5\u00ba6, que desempenharam muito bem as suas fun\u00e7\u00f5es.<\/p>\n\n\n\n<p>A pr\u00f3xima jornada ser\u00e1 realizada no dia 15 de mar\u00e7o, na Escola Infante D. Pedro, em Buarcos.<\/p>\n\n\n\n<p>Parab\u00e9ns a todos\/as pelo empenho nesta jornada e tamb\u00e9m pelas classifica\u00e7\u00f5es obtidas.<\/p>\n\n\n\n<figure class=\"wp-block-image size-large\"><img decoding=\"async\" loading=\"lazy\" width=\"1024\" height=\"640\" src=\"https:\/\/www.aezuff.org\/extranet\/http:\/\/www.aezuff.org\/extranet\/wp-content\/uploads\/2012\/10\/\/2023\/03\/20230302_140645-2-1024x640.jpg\" alt=\"\" class=\"wp-image-12663\" srcset=\"http:\/\/www.aezuff.org\/extranet\/http:\/\/www.aezuff.org\/extranet\/wp-content\/uploads\/2012\/10\/2023\/03\/20230302_140645-2-1024x640.jpg 1024w, http:\/\/www.aezuff.org\/extranet\/http:\/\/www.aezuff.org\/extranet\/wp-content\/uploads\/2012\/10\/2023\/03\/20230302_140645-2-300x188.jpg 300w, http:\/\/www.aezuff.org\/extranet\/http:\/\/www.aezuff.org\/extranet\/wp-content\/uploads\/2012\/10\/2023\/03\/20230302_140645-2-768x480.jpg 768w, http:\/\/www.aezuff.org\/extranet\/http:\/\/www.aezuff.org\/extranet\/wp-content\/uploads\/2012\/10\/2023\/03\/20230302_140645-2-1536x960.jpg 1536w, http:\/\/www.aezuff.org\/extranet\/http:\/\/www.aezuff.org\/extranet\/wp-content\/uploads\/2012\/10\/2023\/03\/20230302_140645-2-2048x1281.jpg 2048w\" sizes=\"(max-width: 1024px) 100vw, 1024px\" \/><\/figure>\n<span class=\"synved-social-container synved-social-container-follow\"><a class=\"synved-social-button synved-social-button-follow synved-social-size-24 synved-social-resolution-single synved-social-provider-facebook nolightbox\" data-provider=\"facebook\" target=\"_blank\" rel=\"nofollow\" title=\"Siga-nos no Facebook\" href=\"https:\/\/www.facebook.com\/pages\/Agrupamento-de-Escolas-da-Zona-Urbana-da-Figueira-da-Foz\/112980278714783\" style=\"font-size: 0px; width:24px;height:24px;margin:0;margin-bottom:5px;margin-right:5px;\"><img alt=\"Facebook\" title=\"Siga-nos no Facebook\" class=\"synved-share-image synved-social-image synved-social-image-follow\" width=\"24\" height=\"24\" style=\"display: inline; width:24px;height:24px; margin: 0; padding: 0; border: none; box-shadow: none;\" src=\"http:\/\/www.aezuff.org\/extranet\/wp-content\/plugins\/social-media-feather\/synved-social\/addons\/extra-icons\/image\/social\/flag\/48x48\/facebook.png\" \/><\/a><a class=\"synved-social-button synved-social-button-follow synved-social-size-24 synved-social-resolution-single synved-social-provider-twitter nolightbox\" data-provider=\"twitter\" target=\"_blank\" rel=\"nofollow\" title=\"Siga-nos no Twitter\" href=\"https:\/\/twitter.com\/aezuff\" style=\"font-size: 0px; width:24px;height:24px;margin:0;margin-bottom:5px;margin-right:5px;\"><img alt=\"twitter\" title=\"Siga-nos no Twitter\" class=\"synved-share-image synved-social-image synved-social-image-follow\" width=\"24\" height=\"24\" style=\"display: inline; width:24px;height:24px; margin: 0; padding: 0; border: none; box-shadow: none;\" src=\"http:\/\/www.aezuff.org\/extranet\/wp-content\/plugins\/social-media-feather\/synved-social\/addons\/extra-icons\/image\/social\/flag\/48x48\/twitter.png\" \/><\/a><a class=\"synved-social-button synved-social-button-follow synved-social-size-24 synved-social-resolution-single synved-social-provider-youtube nolightbox\" data-provider=\"youtube\" target=\"_blank\" rel=\"nofollow\" title=\"Subscreva-nos no YouTube\" href=\"http:\/\/www.youtube.com\/user\/actividadeseb23jb\" style=\"font-size: 0px; width:24px;height:24px;margin:0;margin-bottom:5px;\"><img alt=\"youtube\" title=\"Subscreva-nos no YouTube\" class=\"synved-share-image synved-social-image synved-social-image-follow\" width=\"24\" height=\"24\" style=\"display: inline; width:24px;height:24px; margin: 0; padding: 0; border: none; box-shadow: none;\" src=\"http:\/\/www.aezuff.org\/extranet\/wp-content\/plugins\/social-media-feather\/synved-social\/addons\/extra-icons\/image\/social\/flag\/48x48\/youtube.png\" \/><\/a><a class=\"synved-social-credit\" target=\"_blank\" rel=\"nofollow\" title=\"WordPress Social Media Feather\" href=\"http:\/\/synved.com\/wordpress-social-media-feather\/\" style=\"color:#444; text-decoration:none; font-size:8px; margin-left:5px;vertical-align:10px;white-space:nowrap;\"><span>by <\/span><img style=\"display: inline;margin:0;padding:0;width:16px;height:16px;\" width=\"16\" height=\"16\" alt=\"feather\" src=\"http:\/\/www.aezuff.org\/extranet\/wp-content\/plugins\/social-media-feather\/synved-social\/image\/icon.png\" \/><\/a><\/span>","protected":false},"excerpt":{"rendered":"<p>A 2.\u00aa Jornada de T\u00e9nis de Mesa, da s\u00e9rie E, do Desporto Escolar realizou-se no dia 2 de mar\u00e7o, no Pavilh\u00e3o Municipal de Montemor-o-Velho, reunindo mais uma vez um elevado n\u00famero de alunos. A&#46;&#46;&#46;<\/p>\n","protected":false},"author":1,"featured_media":12663,"comment_status":"closed","ping_status":"open","sticky":false,"template":"","format":"standard","meta":{"footnotes":""},"categories":[1],"tags":[],"_links":{"self":[{"href":"http:\/\/www.aezuff.org\/extranet\/wp-json\/wp\/v2\/posts\/12662"}],"collection":[{"href":"http:\/\/www.aezuff.org\/extranet\/wp-json\/wp\/v2\/posts"}],"about":[{"href":"http:\/\/www.aezuff.org\/extranet\/wp-json\/wp\/v2\/types\/post"}],"author":[{"embeddable":true,"href":"http:\/\/www.aezuff.org\/extranet\/wp-json\/wp\/v2\/users\/1"}],"replies":[{"embeddable":true,"href":"http:\/\/www.aezuff.org\/extranet\/wp-json\/wp\/v2\/comments?post=12662"}],"version-history":[{"count":1,"href":"http:\/\/www.aezuff.org\/extranet\/wp-json\/wp\/v2\/posts\/12662\/revisions"}],"predecessor-version":[{"id":12664,"href":"http:\/\/www.aezuff.org\/extranet\/wp-json\/wp\/v2\/posts\/12662\/revisions\/12664"}],"wp:featuredmedia":[{"embeddable":true,"href":"http:\/\/www.aezuff.org\/extranet\/wp-json\/wp\/v2\/media\/12663"}],"wp:attachment":[{"href":"http:\/\/www.aezuff.org\/extranet\/wp-json\/wp\/v2\/media?parent=12662"}],"wp:term":[{"taxonomy":"category","embeddable":true,"href":"http:\/\/www.aezuff.org\/extranet\/wp-json\/wp\/v2\/categories?post=12662"},{"taxonomy":"post_tag","embeddable":true,"href":"http:\/\/www.aezuff.org\/extranet\/wp-json\/wp\/v2\/tags?post=12662"}],"curies":[{"name":"wp","href":"https:\/\/api.w.org\/{rel}","templated":true}]}}