{"id":5612,"date":"2016-04-11T10:13:12","date_gmt":"2016-04-11T10:13:12","guid":{"rendered":"http:\/\/www.aezuff.org\/extranet\/?p=5612"},"modified":"2016-04-11T10:14:17","modified_gmt":"2016-04-11T10:14:17","slug":"5612-2","status":"publish","type":"post","link":"http:\/\/www.aezuff.org\/extranet\/5612-2\/","title":{"rendered":"Ta\u00e7a CNID"},"content":{"rendered":"<p><span style=\"color: #000000; font-family: Calibri;\"><a href=\"http:\/\/www.aezuff.org\/extranet\/wp-content\/uploads\/2012\/10\/\/2016\/04\/cnid-1.jpg\" rel=\"attachment wp-att-5613\"><img decoding=\"async\" loading=\"lazy\" class=\"aligncenter wp-image-5613 size-large\" src=\"http:\/\/www.aezuff.org\/extranet\/wp-content\/uploads\/2012\/10\/\/2016\/04\/cnid-1-1024x684.jpg\" alt=\"cnid 1\" width=\"720\" height=\"481\" srcset=\"http:\/\/www.aezuff.org\/extranet\/http:\/\/www.aezuff.org\/extranet\/wp-content\/uploads\/2012\/10\/2016\/04\/cnid-1-1024x684.jpg 1024w, http:\/\/www.aezuff.org\/extranet\/http:\/\/www.aezuff.org\/extranet\/wp-content\/uploads\/2012\/10\/2016\/04\/cnid-1-300x200.jpg 300w, http:\/\/www.aezuff.org\/extranet\/http:\/\/www.aezuff.org\/extranet\/wp-content\/uploads\/2012\/10\/2016\/04\/cnid-1-768x513.jpg 768w, http:\/\/www.aezuff.org\/extranet\/http:\/\/www.aezuff.org\/extranet\/wp-content\/uploads\/2012\/10\/2016\/04\/cnid-1.jpg 1702w\" sizes=\"(max-width: 720px) 100vw, 720px\" \/><\/a><\/span><\/p>\n<p><span style=\"color: #000000; font-family: Calibri;\">O nosso Agrupamento participou, na passada quinta feita, dia 7 de abril, na fase distrital da Ta\u00e7a CNID.<\/span><\/p>\n<p><span style=\"color: #000000; font-family: Calibri;\">O rec\u00e9m-criado projeto inserido nas comemora\u00e7\u00f5es dos 50 anos da imprensa desportiva contempla as modalidades de Andebol, Atletismo, Basquetebol e T\u00e9nis de Mesa, com a particularidade de, em cada uma delas, a escola ter que possuir alunos da mesma turma o que torna este projeto num inter turmas ao n\u00edvel nacional. Para se apurar o vencedor somam-se os pontos obtidos por cada Agrupamento\/Escola em todas as modalidades.<\/span><\/p>\n<p><span style=\"color: #000000; font-family: Calibri;\">O nosso agrupamento n\u00e3o poderia ter tido melhor presta\u00e7\u00e3o j\u00e1 que ficou em primeiro lugar em todas as modalidades o que resultou no t\u00edtulo distrital na Ta\u00e7a CNID, ganhando o direito de participar nas finais nacionais que se realizar\u00e3o em Lisboa no m\u00eas de Junho.<\/span><span style=\"color: #000000; font-family: Calibri;\">\u00a0<\/span><\/p>\n<p><span style=\"color: #000000; font-family: Calibri;\">Todos os alunos e professores est\u00e3o de parab\u00e9ns por trazerem mais um t\u00edtulo para o nosso Agrupamento.<\/span><\/p>\n<p><a href=\"http:\/\/www.aezuff.org\/extranet\/wp-content\/uploads\/2012\/10\/\/2016\/04\/cnid-2.jpg\" rel=\"attachment wp-att-5614\"><img decoding=\"async\" loading=\"lazy\" class=\"aligncenter wp-image-5614 size-large\" src=\"http:\/\/www.aezuff.org\/extranet\/wp-content\/uploads\/2012\/10\/\/2016\/04\/cnid-2-1024x768.jpg\" alt=\"cnid 2\" width=\"720\" height=\"540\" srcset=\"http:\/\/www.aezuff.org\/extranet\/http:\/\/www.aezuff.org\/extranet\/wp-content\/uploads\/2012\/10\/2016\/04\/cnid-2-1024x768.jpg 1024w, http:\/\/www.aezuff.org\/extranet\/http:\/\/www.aezuff.org\/extranet\/wp-content\/uploads\/2012\/10\/2016\/04\/cnid-2-300x225.jpg 300w, http:\/\/www.aezuff.org\/extranet\/http:\/\/www.aezuff.org\/extranet\/wp-content\/uploads\/2012\/10\/2016\/04\/cnid-2-768x576.jpg 768w, http:\/\/www.aezuff.org\/extranet\/http:\/\/www.aezuff.org\/extranet\/wp-content\/uploads\/2012\/10\/2016\/04\/cnid-2.jpg 1445w\" sizes=\"(max-width: 720px) 100vw, 720px\" \/><\/a><\/p>\n<p>&nbsp;<\/p>\n<span class=\"synved-social-container synved-social-container-follow\"><a class=\"synved-social-button synved-social-button-follow synved-social-size-24 synved-social-resolution-single synved-social-provider-facebook nolightbox\" data-provider=\"facebook\" target=\"_blank\" rel=\"nofollow\" title=\"Siga-nos no Facebook\" href=\"https:\/\/www.facebook.com\/pages\/Agrupamento-de-Escolas-da-Zona-Urbana-da-Figueira-da-Foz\/112980278714783\" style=\"font-size: 0px; width:24px;height:24px;margin:0;margin-bottom:5px;margin-right:5px;\"><img alt=\"Facebook\" title=\"Siga-nos no Facebook\" class=\"synved-share-image synved-social-image synved-social-image-follow\" width=\"24\" height=\"24\" style=\"display: inline; width:24px;height:24px; margin: 0; padding: 0; border: none; box-shadow: none;\" src=\"http:\/\/www.aezuff.org\/extranet\/wp-content\/plugins\/social-media-feather\/synved-social\/addons\/extra-icons\/image\/social\/flag\/48x48\/facebook.png\" \/><\/a><a class=\"synved-social-button synved-social-button-follow synved-social-size-24 synved-social-resolution-single synved-social-provider-twitter nolightbox\" data-provider=\"twitter\" target=\"_blank\" rel=\"nofollow\" title=\"Siga-nos no Twitter\" href=\"https:\/\/twitter.com\/aezuff\" style=\"font-size: 0px; width:24px;height:24px;margin:0;margin-bottom:5px;margin-right:5px;\"><img alt=\"twitter\" title=\"Siga-nos no Twitter\" class=\"synved-share-image synved-social-image synved-social-image-follow\" width=\"24\" height=\"24\" style=\"display: inline; width:24px;height:24px; margin: 0; padding: 0; border: none; box-shadow: none;\" src=\"http:\/\/www.aezuff.org\/extranet\/wp-content\/plugins\/social-media-feather\/synved-social\/addons\/extra-icons\/image\/social\/flag\/48x48\/twitter.png\" \/><\/a><a class=\"synved-social-button synved-social-button-follow synved-social-size-24 synved-social-resolution-single synved-social-provider-youtube nolightbox\" data-provider=\"youtube\" target=\"_blank\" rel=\"nofollow\" title=\"Subscreva-nos no YouTube\" href=\"http:\/\/www.youtube.com\/user\/actividadeseb23jb\" style=\"font-size: 0px; width:24px;height:24px;margin:0;margin-bottom:5px;\"><img alt=\"youtube\" title=\"Subscreva-nos no YouTube\" class=\"synved-share-image synved-social-image synved-social-image-follow\" width=\"24\" height=\"24\" style=\"display: inline; width:24px;height:24px; margin: 0; padding: 0; border: none; box-shadow: none;\" src=\"http:\/\/www.aezuff.org\/extranet\/wp-content\/plugins\/social-media-feather\/synved-social\/addons\/extra-icons\/image\/social\/flag\/48x48\/youtube.png\" \/><\/a><a class=\"synved-social-credit\" target=\"_blank\" rel=\"nofollow\" title=\"WordPress Social Media Feather\" href=\"http:\/\/synved.com\/wordpress-social-media-feather\/\" style=\"color:#444; text-decoration:none; font-size:8px; margin-left:5px;vertical-align:10px;white-space:nowrap;\"><span>by <\/span><img style=\"display: inline;margin:0;padding:0;width:16px;height:16px;\" width=\"16\" height=\"16\" alt=\"feather\" src=\"http:\/\/www.aezuff.org\/extranet\/wp-content\/plugins\/social-media-feather\/synved-social\/image\/icon.png\" \/><\/a><\/span>","protected":false},"excerpt":{"rendered":"<p>O nosso Agrupamento participou, na passada quinta feita, dia 7 de abril, na fase distrital da Ta\u00e7a CNID. O rec\u00e9m-criado projeto inserido nas comemora\u00e7\u00f5es dos 50 anos da imprensa desportiva contempla as modalidades de&#46;&#46;&#46;<\/p>\n","protected":false},"author":1,"featured_media":5613,"comment_status":"closed","ping_status":"open","sticky":false,"template":"","format":"standard","meta":{"footnotes":""},"categories":[1],"tags":[],"_links":{"self":[{"href":"http:\/\/www.aezuff.org\/extranet\/wp-json\/wp\/v2\/posts\/5612"}],"collection":[{"href":"http:\/\/www.aezuff.org\/extranet\/wp-json\/wp\/v2\/posts"}],"about":[{"href":"http:\/\/www.aezuff.org\/extranet\/wp-json\/wp\/v2\/types\/post"}],"author":[{"embeddable":true,"href":"http:\/\/www.aezuff.org\/extranet\/wp-json\/wp\/v2\/users\/1"}],"replies":[{"embeddable":true,"href":"http:\/\/www.aezuff.org\/extranet\/wp-json\/wp\/v2\/comments?post=5612"}],"version-history":[{"count":2,"href":"http:\/\/www.aezuff.org\/extranet\/wp-json\/wp\/v2\/posts\/5612\/revisions"}],"predecessor-version":[{"id":5616,"href":"http:\/\/www.aezuff.org\/extranet\/wp-json\/wp\/v2\/posts\/5612\/revisions\/5616"}],"wp:featuredmedia":[{"embeddable":true,"href":"http:\/\/www.aezuff.org\/extranet\/wp-json\/wp\/v2\/media\/5613"}],"wp:attachment":[{"href":"http:\/\/www.aezuff.org\/extranet\/wp-json\/wp\/v2\/media?parent=5612"}],"wp:term":[{"taxonomy":"category","embeddable":true,"href":"http:\/\/www.aezuff.org\/extranet\/wp-json\/wp\/v2\/categories?post=5612"},{"taxonomy":"post_tag","embeddable":true,"href":"http:\/\/www.aezuff.org\/extranet\/wp-json\/wp\/v2\/tags?post=5612"}],"curies":[{"name":"wp","href":"https:\/\/api.w.org\/{rel}","templated":true}]}}