{"id":7686,"date":"2018-03-10T23:14:38","date_gmt":"2018-03-10T23:14:38","guid":{"rendered":"http:\/\/www.aezuff.org\/extranet\/?p=7686"},"modified":"2018-03-10T23:28:05","modified_gmt":"2018-03-10T23:28:05","slug":"projeto-mega-sprinter-fase-distrital","status":"publish","type":"post","link":"http:\/\/www.aezuff.org\/extranet\/projeto-mega-sprinter-fase-distrital\/","title":{"rendered":"Projeto Mega Sprinter &#8211; Fase Distrital"},"content":{"rendered":"<p style=\"text-align: left;\"><strong><a href=\"http:\/\/www.aezuff.org\/extranet\/wp-content\/uploads\/2012\/10\/\/2018\/03\/mega1atual.jpg\"><img decoding=\"async\" loading=\"lazy\" class=\"size-medium wp-image-7693 alignleft\" src=\"http:\/\/www.aezuff.org\/extranet\/wp-content\/uploads\/2012\/10\/\/2018\/03\/mega1atual-195x300.jpg\" alt=\"\" width=\"195\" height=\"300\" srcset=\"http:\/\/www.aezuff.org\/extranet\/http:\/\/www.aezuff.org\/extranet\/wp-content\/uploads\/2012\/10\/2018\/03\/mega1atual-195x300.jpg 195w, http:\/\/www.aezuff.org\/extranet\/http:\/\/www.aezuff.org\/extranet\/wp-content\/uploads\/2012\/10\/2018\/03\/mega1atual-768x1182.jpg 768w, http:\/\/www.aezuff.org\/extranet\/http:\/\/www.aezuff.org\/extranet\/wp-content\/uploads\/2012\/10\/2018\/03\/mega1atual-666x1024.jpg 666w, http:\/\/www.aezuff.org\/extranet\/http:\/\/www.aezuff.org\/extranet\/wp-content\/uploads\/2012\/10\/2018\/03\/mega1atual.jpg 780w\" sizes=\"(max-width: 195px) 100vw, 195px\" \/><\/a> <a href=\"http:\/\/www.aezuff.org\/extranet\/wp-content\/uploads\/2012\/10\/\/2018\/03\/mega1.jpg\"><img decoding=\"async\" loading=\"lazy\" class=\"aligncenter size-medium wp-image-7688\" src=\"http:\/\/www.aezuff.org\/extranet\/wp-content\/uploads\/2012\/10\/\/2018\/03\/mega1-300x300.jpg\" alt=\"\" width=\"300\" height=\"300\" srcset=\"http:\/\/www.aezuff.org\/extranet\/http:\/\/www.aezuff.org\/extranet\/wp-content\/uploads\/2012\/10\/2018\/03\/mega1-300x300.jpg 300w, http:\/\/www.aezuff.org\/extranet\/http:\/\/www.aezuff.org\/extranet\/wp-content\/uploads\/2012\/10\/2018\/03\/mega1-150x150.jpg 150w, http:\/\/www.aezuff.org\/extranet\/http:\/\/www.aezuff.org\/extranet\/wp-content\/uploads\/2012\/10\/2018\/03\/mega1-768x768.jpg 768w, http:\/\/www.aezuff.org\/extranet\/http:\/\/www.aezuff.org\/extranet\/wp-content\/uploads\/2012\/10\/2018\/03\/mega1-1024x1024.jpg 1024w, http:\/\/www.aezuff.org\/extranet\/http:\/\/www.aezuff.org\/extranet\/wp-content\/uploads\/2012\/10\/2018\/03\/mega1-160x160.jpg 160w, http:\/\/www.aezuff.org\/extranet\/http:\/\/www.aezuff.org\/extranet\/wp-content\/uploads\/2012\/10\/2018\/03\/mega1-320x320.jpg 320w, http:\/\/www.aezuff.org\/extranet\/http:\/\/www.aezuff.org\/extranet\/wp-content\/uploads\/2012\/10\/2018\/03\/mega1.jpg 1200w\" sizes=\"(max-width: 300px) 100vw, 300px\" \/><\/a><\/strong><\/p>\n<p style=\"text-align: center;\"><strong>Escola Dr. Jo\u00e3o de Barros conquistou 12 p\u00f3dios<\/strong><\/p>\n<p>Foi com muito entusiasmo que a comitiva da Escola Dr. Jo\u00e3o de Barros se deslocou ao ECC, no dia 7 de mar\u00e7o, para realizar o Campeonato Distrital de Mega Sprinter que contou com a participa\u00e7\u00e3o de 30 alunos dos v\u00e1rios escal\u00f5es et\u00e1rios. Estiveram envolvidos nesta prova todas as escolas do Distrito de Coimbra, abrangendo os escal\u00f5es et\u00e1rios de Infantis, Iniciados e Juvenis, em ambos os g\u00e9neros. As condi\u00e7\u00f5es climat\u00e9ricas foram \u00f3ptimas o que beneficiou a presta\u00e7\u00e3o dos alunos envolvidos e a dinamiza\u00e7\u00e3o das provas. Passa-se assim a destacar as excelentes classifica\u00e7\u00f5es obtidas:<\/p>\n<p><strong>1.\u00ba Lugar: <\/strong><\/p>\n<p>*Em <strong>DUAS<\/strong> provas: M\u00aa Leonor Sim\u00f5es \u2013 5.\u00ba 11 &#8211; 40 m e Salto em comprimento<\/p>\n<p>*Marta Tavares \u2013 5.\u00ba10 &#8211; Lan\u00e7amento do peso<\/p>\n<p>*Beatriz Cruz &#8211; 9.\u00ba E &#8211; Salto em comprimento<\/p>\n<p><strong>2.\u00ba Lugar: <\/strong><\/p>\n<p>*Jo\u00e3o Oliveira &#8211; 5-\u00ba5 \u2013 1000 m; *Beatriz Lopes \u2013 7.\u00baB \u2013 1000 m ; Soraia Brito \u2013 9.\u00ba A \u2013 40 m; *Beatriz Cruz &#8211; 40 m; *Ana Rute Benedito \u2013 9.\u00ba C &#8211; Lan\u00e7amento do peso<\/p>\n<p><strong>3.\u00ba Lugar:<\/strong><\/p>\n<p>*Branca Fernandes \u2013 5.\u00ba3 \u2013 1000 m<\/p>\n<p>*M.\u00aa Leonor Nogueira \u2013 6.\u00ba 13 \u2013 Lan\u00e7amento do peso<\/p>\n<p>Encontram-se apuradas para o Mega Sprinter Nacional as seguintes alunas: M.\u00aa Leonor Sim\u00f5es \u2013 5.\u00ba11- nas provas de 40 m e Salto em comprimento; Soraia Brito &#8211; 9.\u00ba A na prova de 40 m e Beatriz Cruz \u2013 9.\u00ba E &#8211; nas provas de 40 m e Salto em comprimento. Este evento ser\u00e1 realizado nos dias 23 e 24 de mar\u00e7o, em Lisboa.<\/p>\n<p>Muitos parab\u00e9ns pelo empenho e resultados obtidos!<\/p>\n<p>A Coordenadora do Desporto Escolar, Isabel Oliveira<\/p>\n<span class=\"synved-social-container synved-social-container-follow\"><a class=\"synved-social-button synved-social-button-follow synved-social-size-24 synved-social-resolution-single synved-social-provider-facebook nolightbox\" data-provider=\"facebook\" target=\"_blank\" rel=\"nofollow\" title=\"Siga-nos no Facebook\" href=\"https:\/\/www.facebook.com\/pages\/Agrupamento-de-Escolas-da-Zona-Urbana-da-Figueira-da-Foz\/112980278714783\" style=\"font-size: 0px; width:24px;height:24px;margin:0;margin-bottom:5px;margin-right:5px;\"><img alt=\"Facebook\" title=\"Siga-nos no Facebook\" class=\"synved-share-image synved-social-image synved-social-image-follow\" width=\"24\" height=\"24\" style=\"display: inline; width:24px;height:24px; margin: 0; padding: 0; border: none; box-shadow: none;\" src=\"http:\/\/www.aezuff.org\/extranet\/wp-content\/plugins\/social-media-feather\/synved-social\/addons\/extra-icons\/image\/social\/flag\/48x48\/facebook.png\" \/><\/a><a class=\"synved-social-button synved-social-button-follow synved-social-size-24 synved-social-resolution-single synved-social-provider-twitter nolightbox\" data-provider=\"twitter\" target=\"_blank\" rel=\"nofollow\" title=\"Siga-nos no Twitter\" href=\"https:\/\/twitter.com\/aezuff\" style=\"font-size: 0px; width:24px;height:24px;margin:0;margin-bottom:5px;margin-right:5px;\"><img alt=\"twitter\" title=\"Siga-nos no Twitter\" class=\"synved-share-image synved-social-image synved-social-image-follow\" width=\"24\" height=\"24\" style=\"display: inline; width:24px;height:24px; margin: 0; padding: 0; border: none; box-shadow: none;\" src=\"http:\/\/www.aezuff.org\/extranet\/wp-content\/plugins\/social-media-feather\/synved-social\/addons\/extra-icons\/image\/social\/flag\/48x48\/twitter.png\" \/><\/a><a class=\"synved-social-button synved-social-button-follow synved-social-size-24 synved-social-resolution-single synved-social-provider-youtube nolightbox\" data-provider=\"youtube\" target=\"_blank\" rel=\"nofollow\" title=\"Subscreva-nos no YouTube\" href=\"http:\/\/www.youtube.com\/user\/actividadeseb23jb\" style=\"font-size: 0px; width:24px;height:24px;margin:0;margin-bottom:5px;\"><img alt=\"youtube\" title=\"Subscreva-nos no YouTube\" class=\"synved-share-image synved-social-image synved-social-image-follow\" width=\"24\" height=\"24\" style=\"display: inline; width:24px;height:24px; margin: 0; padding: 0; border: none; box-shadow: none;\" src=\"http:\/\/www.aezuff.org\/extranet\/wp-content\/plugins\/social-media-feather\/synved-social\/addons\/extra-icons\/image\/social\/flag\/48x48\/youtube.png\" \/><\/a><a class=\"synved-social-credit\" target=\"_blank\" rel=\"nofollow\" title=\"WordPress Social Media Feather\" href=\"http:\/\/synved.com\/wordpress-social-media-feather\/\" style=\"color:#444; text-decoration:none; font-size:8px; margin-left:5px;vertical-align:10px;white-space:nowrap;\"><span>by <\/span><img style=\"display: inline;margin:0;padding:0;width:16px;height:16px;\" width=\"16\" height=\"16\" alt=\"feather\" src=\"http:\/\/www.aezuff.org\/extranet\/wp-content\/plugins\/social-media-feather\/synved-social\/image\/icon.png\" \/><\/a><\/span>","protected":false},"excerpt":{"rendered":"<p>Escola Dr. Jo\u00e3o de Barros conquistou 12 p\u00f3dios Foi com muito entusiasmo que a comitiva da Escola Dr. Jo\u00e3o de Barros se deslocou ao ECC, no dia 7 de mar\u00e7o, para realizar o Campeonato&#46;&#46;&#46;<\/p>\n","protected":false},"author":1,"featured_media":7688,"comment_status":"closed","ping_status":"open","sticky":false,"template":"","format":"standard","meta":{"footnotes":""},"categories":[1],"tags":[],"_links":{"self":[{"href":"http:\/\/www.aezuff.org\/extranet\/wp-json\/wp\/v2\/posts\/7686"}],"collection":[{"href":"http:\/\/www.aezuff.org\/extranet\/wp-json\/wp\/v2\/posts"}],"about":[{"href":"http:\/\/www.aezuff.org\/extranet\/wp-json\/wp\/v2\/types\/post"}],"author":[{"embeddable":true,"href":"http:\/\/www.aezuff.org\/extranet\/wp-json\/wp\/v2\/users\/1"}],"replies":[{"embeddable":true,"href":"http:\/\/www.aezuff.org\/extranet\/wp-json\/wp\/v2\/comments?post=7686"}],"version-history":[{"count":6,"href":"http:\/\/www.aezuff.org\/extranet\/wp-json\/wp\/v2\/posts\/7686\/revisions"}],"predecessor-version":[{"id":7697,"href":"http:\/\/www.aezuff.org\/extranet\/wp-json\/wp\/v2\/posts\/7686\/revisions\/7697"}],"wp:featuredmedia":[{"embeddable":true,"href":"http:\/\/www.aezuff.org\/extranet\/wp-json\/wp\/v2\/media\/7688"}],"wp:attachment":[{"href":"http:\/\/www.aezuff.org\/extranet\/wp-json\/wp\/v2\/media?parent=7686"}],"wp:term":[{"taxonomy":"category","embeddable":true,"href":"http:\/\/www.aezuff.org\/extranet\/wp-json\/wp\/v2\/categories?post=7686"},{"taxonomy":"post_tag","embeddable":true,"href":"http:\/\/www.aezuff.org\/extranet\/wp-json\/wp\/v2\/tags?post=7686"}],"curies":[{"name":"wp","href":"https:\/\/api.w.org\/{rel}","templated":true}]}}