{"id":8056,"date":"2018-09-11T22:59:38","date_gmt":"2018-09-11T22:59:38","guid":{"rendered":"http:\/\/www.aezuff.org\/extranet\/?p=8056"},"modified":"2018-09-11T23:16:24","modified_gmt":"2018-09-11T23:16:24","slug":"rececao-paisencarregados-de-educacao-2018-19","status":"publish","type":"post","link":"http:\/\/www.aezuff.org\/extranet\/rececao-paisencarregados-de-educacao-2018-19\/","title":{"rendered":"Rece\u00e7\u00e3o Pais\/Encarregados de Educa\u00e7\u00e3o &#8211; 2018-19"},"content":{"rendered":"<p><a href=\"http:\/\/www.aezuff.org\/extranet\/wp-content\/uploads\/2012\/10\/\/2018\/09\/reunioes-com-pais-e-encarregados-de-educa\u00e7\u00e3o.jpg\"><img decoding=\"async\" loading=\"lazy\" class=\"size-full wp-image-8058 alignleft\" src=\"http:\/\/www.aezuff.org\/extranet\/wp-content\/uploads\/2012\/10\/\/2018\/09\/reunioes-com-pais-e-encarregados-de-educa\u00e7\u00e3o.jpg\" alt=\"\" width=\"225\" height=\"225\" srcset=\"http:\/\/www.aezuff.org\/extranet\/http:\/\/www.aezuff.org\/extranet\/wp-content\/uploads\/2012\/10\/2018\/09\/reunioes-com-pais-e-encarregados-de-educa\u00e7\u00e3o.jpg 225w, http:\/\/www.aezuff.org\/extranet\/http:\/\/www.aezuff.org\/extranet\/wp-content\/uploads\/2012\/10\/2018\/09\/reunioes-com-pais-e-encarregados-de-educa\u00e7\u00e3o-150x150.jpg 150w, http:\/\/www.aezuff.org\/extranet\/http:\/\/www.aezuff.org\/extranet\/wp-content\/uploads\/2012\/10\/2018\/09\/reunioes-com-pais-e-encarregados-de-educa\u00e7\u00e3o-160x160.jpg 160w, http:\/\/www.aezuff.org\/extranet\/http:\/\/www.aezuff.org\/extranet\/wp-content\/uploads\/2012\/10\/2018\/09\/reunioes-com-pais-e-encarregados-de-educa\u00e7\u00e3o-320x320.jpg 320w\" sizes=\"(max-width: 225px) 100vw, 225px\" \/><\/a><\/p>\n<p>Informamos que se realiza,\u00a0<strong>dia\u00a014 de setembro<\/strong>,\u00a0a habitual reuni\u00e3o de in\u00edcio de ano letivo, de rece\u00e7\u00e3o\u00a0aos Pais\/Encarregados de Educa\u00e7\u00e3o\u00a0dos alunos do Ensino Pr\u00e9-Escolar, 1.\u00ba, 2.\u00ba e 3.\u00ba ciclos.<\/p>\n<p>Desejamos a todos um excelente ano!<\/p>\n<p>A Dire\u00e7\u00e3o<\/p>\n<p>&nbsp;<\/p>\n<p>&nbsp;<\/p>\n<p style=\"text-align: center;\"><strong><span style=\"color: #ff00ff;\"><a style=\"color: #ff00ff;\" href=\"http:\/\/www.aezuff.org\/extranet\/wp-content\/uploads\/2012\/10\/\/2018\/09\/rece\u00e7\u00e3o-pr\u00e9_set_2018.pdf\">Rece\u00e7\u00e3o Pais\/Encarregados de Educa\u00e7\u00e3o &#8211; Pr\u00e9-Escolar<\/a><\/span><\/strong><\/p>\n<p style=\"text-align: center;\"><a href=\"http:\/\/www.aezuff.org\/extranet\/wp-content\/uploads\/2012\/10\/\/2018\/09\/Rece\u00e7\u00e3o-aos-EE-CE.pdf\"><span style=\"color: #3366ff;\"><strong>Rece\u00e7\u00e3o Pais\/Encarregados de Educa\u00e7\u00e3o &#8211; Centro Escolar S.Juli\u00e3o\/Tavarede<\/strong><\/span><\/a><\/p>\n<p style=\"text-align: center;\"><a href=\"http:\/\/www.aezuff.org\/extranet\/wp-content\/uploads\/2012\/10\/\/2018\/09\/Escolas-abertura_set_2018.pdf\"><span style=\"color: #008000;\"><strong>Rece\u00e7\u00e3o Pais\/Encarregados de Educa\u00e7\u00e3o &#8211; Gala, Viso, Abadias, Rui Martins<\/strong><\/span><\/a><\/p>\n<p style=\"text-align: center;\"><a href=\"http:\/\/www.aezuff.org\/extranet\/wp-content\/uploads\/2012\/10\/\/2018\/09\/Mapa-Rece\u00e7\u00e3o-aos-Encarreg.-de-Educa\u00e7\u00e3o_setembro_2018.pdf\"><span style=\"color: #800080;\"><strong>Rece\u00e7\u00e3o Pais\/Encarregados de Educa\u00e7\u00e3o &#8211;\u00a02.\u00ba e 3.\u00ba ciclos<\/strong><\/span><\/a><\/p>\n<span class=\"synved-social-container synved-social-container-follow\"><a class=\"synved-social-button synved-social-button-follow synved-social-size-24 synved-social-resolution-single synved-social-provider-facebook nolightbox\" data-provider=\"facebook\" target=\"_blank\" rel=\"nofollow\" title=\"Siga-nos no Facebook\" href=\"https:\/\/www.facebook.com\/pages\/Agrupamento-de-Escolas-da-Zona-Urbana-da-Figueira-da-Foz\/112980278714783\" style=\"font-size: 0px; width:24px;height:24px;margin:0;margin-bottom:5px;margin-right:5px;\"><img alt=\"Facebook\" title=\"Siga-nos no Facebook\" class=\"synved-share-image synved-social-image synved-social-image-follow\" width=\"24\" height=\"24\" style=\"display: inline; width:24px;height:24px; margin: 0; padding: 0; border: none; box-shadow: none;\" src=\"http:\/\/www.aezuff.org\/extranet\/wp-content\/plugins\/social-media-feather\/synved-social\/addons\/extra-icons\/image\/social\/flag\/48x48\/facebook.png\" \/><\/a><a class=\"synved-social-button synved-social-button-follow synved-social-size-24 synved-social-resolution-single synved-social-provider-twitter nolightbox\" data-provider=\"twitter\" target=\"_blank\" rel=\"nofollow\" title=\"Siga-nos no Twitter\" href=\"https:\/\/twitter.com\/aezuff\" style=\"font-size: 0px; width:24px;height:24px;margin:0;margin-bottom:5px;margin-right:5px;\"><img alt=\"twitter\" title=\"Siga-nos no Twitter\" class=\"synved-share-image synved-social-image synved-social-image-follow\" width=\"24\" height=\"24\" style=\"display: inline; width:24px;height:24px; margin: 0; padding: 0; border: none; box-shadow: none;\" src=\"http:\/\/www.aezuff.org\/extranet\/wp-content\/plugins\/social-media-feather\/synved-social\/addons\/extra-icons\/image\/social\/flag\/48x48\/twitter.png\" \/><\/a><a class=\"synved-social-button synved-social-button-follow synved-social-size-24 synved-social-resolution-single synved-social-provider-youtube nolightbox\" data-provider=\"youtube\" target=\"_blank\" rel=\"nofollow\" title=\"Subscreva-nos no YouTube\" href=\"http:\/\/www.youtube.com\/user\/actividadeseb23jb\" style=\"font-size: 0px; width:24px;height:24px;margin:0;margin-bottom:5px;\"><img alt=\"youtube\" title=\"Subscreva-nos no YouTube\" class=\"synved-share-image synved-social-image synved-social-image-follow\" width=\"24\" height=\"24\" style=\"display: inline; width:24px;height:24px; margin: 0; padding: 0; border: none; box-shadow: none;\" src=\"http:\/\/www.aezuff.org\/extranet\/wp-content\/plugins\/social-media-feather\/synved-social\/addons\/extra-icons\/image\/social\/flag\/48x48\/youtube.png\" \/><\/a><a class=\"synved-social-credit\" target=\"_blank\" rel=\"nofollow\" title=\"WordPress Social Media Feather\" href=\"http:\/\/synved.com\/wordpress-social-media-feather\/\" style=\"color:#444; text-decoration:none; font-size:8px; margin-left:5px;vertical-align:10px;white-space:nowrap;\"><span>by <\/span><img style=\"display: inline;margin:0;padding:0;width:16px;height:16px;\" width=\"16\" height=\"16\" alt=\"feather\" src=\"http:\/\/www.aezuff.org\/extranet\/wp-content\/plugins\/social-media-feather\/synved-social\/image\/icon.png\" \/><\/a><\/span>","protected":false},"excerpt":{"rendered":"<p>Informamos que se realiza,\u00a0dia\u00a014 de setembro,\u00a0a habitual reuni\u00e3o de in\u00edcio de ano letivo, de rece\u00e7\u00e3o\u00a0aos Pais\/Encarregados de Educa\u00e7\u00e3o\u00a0dos alunos do Ensino Pr\u00e9-Escolar, 1.\u00ba, 2.\u00ba e 3.\u00ba ciclos. Desejamos a todos um excelente ano! A&#46;&#46;&#46;<\/p>\n","protected":false},"author":1,"featured_media":8058,"comment_status":"closed","ping_status":"open","sticky":false,"template":"","format":"standard","meta":{"footnotes":""},"categories":[1],"tags":[],"_links":{"self":[{"href":"http:\/\/www.aezuff.org\/extranet\/wp-json\/wp\/v2\/posts\/8056"}],"collection":[{"href":"http:\/\/www.aezuff.org\/extranet\/wp-json\/wp\/v2\/posts"}],"about":[{"href":"http:\/\/www.aezuff.org\/extranet\/wp-json\/wp\/v2\/types\/post"}],"author":[{"embeddable":true,"href":"http:\/\/www.aezuff.org\/extranet\/wp-json\/wp\/v2\/users\/1"}],"replies":[{"embeddable":true,"href":"http:\/\/www.aezuff.org\/extranet\/wp-json\/wp\/v2\/comments?post=8056"}],"version-history":[{"count":8,"href":"http:\/\/www.aezuff.org\/extranet\/wp-json\/wp\/v2\/posts\/8056\/revisions"}],"predecessor-version":[{"id":8069,"href":"http:\/\/www.aezuff.org\/extranet\/wp-json\/wp\/v2\/posts\/8056\/revisions\/8069"}],"wp:featuredmedia":[{"embeddable":true,"href":"http:\/\/www.aezuff.org\/extranet\/wp-json\/wp\/v2\/media\/8058"}],"wp:attachment":[{"href":"http:\/\/www.aezuff.org\/extranet\/wp-json\/wp\/v2\/media?parent=8056"}],"wp:term":[{"taxonomy":"category","embeddable":true,"href":"http:\/\/www.aezuff.org\/extranet\/wp-json\/wp\/v2\/categories?post=8056"},{"taxonomy":"post_tag","embeddable":true,"href":"http:\/\/www.aezuff.org\/extranet\/wp-json\/wp\/v2\/tags?post=8056"}],"curies":[{"name":"wp","href":"https:\/\/api.w.org\/{rel}","templated":true}]}}