{"id":8585,"date":"2019-02-04T11:47:48","date_gmt":"2019-02-04T11:47:48","guid":{"rendered":"http:\/\/www.aezuff.org\/extranet\/?p=8585"},"modified":"2019-02-04T11:47:48","modified_gmt":"2019-02-04T11:47:48","slug":"dia-escolar-da-nao-violencia-e-da-paz","status":"publish","type":"post","link":"http:\/\/www.aezuff.org\/extranet\/dia-escolar-da-nao-violencia-e-da-paz\/","title":{"rendered":"Dia escolar da n\u00e3o viol\u00eancia e da paz"},"content":{"rendered":"<p><a href=\"http:\/\/www.aezuff.org\/extranet\/wp-content\/uploads\/2012\/10\/\/2019\/02\/Dia-da-paz-e-n\u00e3o-viol\u00eancia-.jpg\"><img decoding=\"async\" loading=\"lazy\" class=\"size-medium wp-image-8584 alignleft\" src=\"http:\/\/www.aezuff.org\/extranet\/wp-content\/uploads\/2012\/10\/\/2019\/02\/Dia-da-paz-e-n\u00e3o-viol\u00eancia--300x300.jpg\" alt=\"\" width=\"300\" height=\"300\" srcset=\"http:\/\/www.aezuff.org\/extranet\/http:\/\/www.aezuff.org\/extranet\/wp-content\/uploads\/2012\/10\/2019\/02\/Dia-da-paz-e-n\u00e3o-viol\u00eancia--300x300.jpg 300w, http:\/\/www.aezuff.org\/extranet\/http:\/\/www.aezuff.org\/extranet\/wp-content\/uploads\/2012\/10\/2019\/02\/Dia-da-paz-e-n\u00e3o-viol\u00eancia--150x150.jpg 150w, http:\/\/www.aezuff.org\/extranet\/http:\/\/www.aezuff.org\/extranet\/wp-content\/uploads\/2012\/10\/2019\/02\/Dia-da-paz-e-n\u00e3o-viol\u00eancia--768x768.jpg 768w, http:\/\/www.aezuff.org\/extranet\/http:\/\/www.aezuff.org\/extranet\/wp-content\/uploads\/2012\/10\/2019\/02\/Dia-da-paz-e-n\u00e3o-viol\u00eancia--1024x1024.jpg 1024w, http:\/\/www.aezuff.org\/extranet\/http:\/\/www.aezuff.org\/extranet\/wp-content\/uploads\/2012\/10\/2019\/02\/Dia-da-paz-e-n\u00e3o-viol\u00eancia--160x160.jpg 160w, http:\/\/www.aezuff.org\/extranet\/http:\/\/www.aezuff.org\/extranet\/wp-content\/uploads\/2012\/10\/2019\/02\/Dia-da-paz-e-n\u00e3o-viol\u00eancia--320x320.jpg 320w, http:\/\/www.aezuff.org\/extranet\/http:\/\/www.aezuff.org\/extranet\/wp-content\/uploads\/2012\/10\/2019\/02\/Dia-da-paz-e-n\u00e3o-viol\u00eancia-.jpg 1200w\" sizes=\"(max-width: 300px) 100vw, 300px\" \/><\/a>O Dia Escolar da N\u00e3o Viol\u00eancia e da Paz comemora-se\u00a0 \u00a0 \u00a0 anualmente a\u00a0<strong>30 de janeiro<\/strong>. A data foi institu\u00edda em 1964 em Espanha pelo poeta, pedagogo e pacifista espanhol Lloren\u00e7 Vidal, mas foi acolhida a n\u00edvel internacional. Foi escolhido o dia 30 de janeiro por assinalar o falecimento do grande pacifista indiano Mahatma Gandhi.<\/p>\n<p>Para assinalar este dia, a Biblioteca Escolar promoveu a dinamiza\u00e7\u00e3o de v\u00e1rias atividades:<\/p>\n<p>-Constru\u00e7\u00e3o de um mural com os valores fundamentais numa educa\u00e7\u00e3o para a paz;<\/p>\n<p>-Origami de pombas da paz;<\/p>\n<p>-Ac\u00e7\u00f5es de sensibiliza\u00e7\u00e3o dinamizadas pela psic\u00f3loga escolar Alexandra Mendes e a T\u00e9cnica de Servi\u00e7o Social Catarina Neto, com as turmas do 7.\u00ba ano, com o intuito de promover educa\u00e7\u00e3o para a paz, valores como o respeito, a igualdade, a toler\u00e2ncia, a solidariedade, a coopera\u00e7\u00e3o e a n\u00e3o viol\u00eancia.<\/p>\n<p>Tendo-se lan\u00e7ado o repto \u00e0s turmas envolvidas, para a elabora\u00e7\u00e3o de um pequeno v\u00eddeo alusivo \u00e0 tem\u00e1tica abordada, em representa\u00e7\u00e3o do Agrupamento de Escolas da Zona Urbana da Figueira da Foz.<\/p>\n<p>&nbsp;<\/p>\n<span class=\"synved-social-container synved-social-container-follow\"><a class=\"synved-social-button synved-social-button-follow synved-social-size-24 synved-social-resolution-single synved-social-provider-facebook nolightbox\" data-provider=\"facebook\" target=\"_blank\" rel=\"nofollow\" title=\"Siga-nos no Facebook\" href=\"https:\/\/www.facebook.com\/pages\/Agrupamento-de-Escolas-da-Zona-Urbana-da-Figueira-da-Foz\/112980278714783\" style=\"font-size: 0px; width:24px;height:24px;margin:0;margin-bottom:5px;margin-right:5px;\"><img alt=\"Facebook\" title=\"Siga-nos no Facebook\" class=\"synved-share-image synved-social-image synved-social-image-follow\" width=\"24\" height=\"24\" style=\"display: inline; width:24px;height:24px; margin: 0; padding: 0; border: none; box-shadow: none;\" src=\"http:\/\/www.aezuff.org\/extranet\/wp-content\/plugins\/social-media-feather\/synved-social\/addons\/extra-icons\/image\/social\/flag\/48x48\/facebook.png\" \/><\/a><a class=\"synved-social-button synved-social-button-follow synved-social-size-24 synved-social-resolution-single synved-social-provider-twitter nolightbox\" data-provider=\"twitter\" target=\"_blank\" rel=\"nofollow\" title=\"Siga-nos no Twitter\" href=\"https:\/\/twitter.com\/aezuff\" style=\"font-size: 0px; width:24px;height:24px;margin:0;margin-bottom:5px;margin-right:5px;\"><img alt=\"twitter\" title=\"Siga-nos no Twitter\" class=\"synved-share-image synved-social-image synved-social-image-follow\" width=\"24\" height=\"24\" style=\"display: inline; width:24px;height:24px; margin: 0; padding: 0; border: none; box-shadow: none;\" src=\"http:\/\/www.aezuff.org\/extranet\/wp-content\/plugins\/social-media-feather\/synved-social\/addons\/extra-icons\/image\/social\/flag\/48x48\/twitter.png\" \/><\/a><a class=\"synved-social-button synved-social-button-follow synved-social-size-24 synved-social-resolution-single synved-social-provider-youtube nolightbox\" data-provider=\"youtube\" target=\"_blank\" rel=\"nofollow\" title=\"Subscreva-nos no YouTube\" href=\"http:\/\/www.youtube.com\/user\/actividadeseb23jb\" style=\"font-size: 0px; width:24px;height:24px;margin:0;margin-bottom:5px;\"><img alt=\"youtube\" title=\"Subscreva-nos no YouTube\" class=\"synved-share-image synved-social-image synved-social-image-follow\" width=\"24\" height=\"24\" style=\"display: inline; width:24px;height:24px; margin: 0; padding: 0; border: none; box-shadow: none;\" src=\"http:\/\/www.aezuff.org\/extranet\/wp-content\/plugins\/social-media-feather\/synved-social\/addons\/extra-icons\/image\/social\/flag\/48x48\/youtube.png\" \/><\/a><a class=\"synved-social-credit\" target=\"_blank\" rel=\"nofollow\" title=\"WordPress Social Media Feather\" href=\"http:\/\/synved.com\/wordpress-social-media-feather\/\" style=\"color:#444; text-decoration:none; font-size:8px; margin-left:5px;vertical-align:10px;white-space:nowrap;\"><span>by <\/span><img style=\"display: inline;margin:0;padding:0;width:16px;height:16px;\" width=\"16\" height=\"16\" alt=\"feather\" src=\"http:\/\/www.aezuff.org\/extranet\/wp-content\/plugins\/social-media-feather\/synved-social\/image\/icon.png\" \/><\/a><\/span>","protected":false},"excerpt":{"rendered":"<p>O Dia Escolar da N\u00e3o Viol\u00eancia e da Paz comemora-se\u00a0 \u00a0 \u00a0 anualmente a\u00a030 de janeiro. A data foi institu\u00edda em 1964 em Espanha pelo poeta, pedagogo e pacifista espanhol Lloren\u00e7 Vidal, mas foi&#46;&#46;&#46;<\/p>\n","protected":false},"author":1,"featured_media":8584,"comment_status":"closed","ping_status":"open","sticky":false,"template":"","format":"standard","meta":{"footnotes":""},"categories":[1],"tags":[],"_links":{"self":[{"href":"http:\/\/www.aezuff.org\/extranet\/wp-json\/wp\/v2\/posts\/8585"}],"collection":[{"href":"http:\/\/www.aezuff.org\/extranet\/wp-json\/wp\/v2\/posts"}],"about":[{"href":"http:\/\/www.aezuff.org\/extranet\/wp-json\/wp\/v2\/types\/post"}],"author":[{"embeddable":true,"href":"http:\/\/www.aezuff.org\/extranet\/wp-json\/wp\/v2\/users\/1"}],"replies":[{"embeddable":true,"href":"http:\/\/www.aezuff.org\/extranet\/wp-json\/wp\/v2\/comments?post=8585"}],"version-history":[{"count":1,"href":"http:\/\/www.aezuff.org\/extranet\/wp-json\/wp\/v2\/posts\/8585\/revisions"}],"predecessor-version":[{"id":8586,"href":"http:\/\/www.aezuff.org\/extranet\/wp-json\/wp\/v2\/posts\/8585\/revisions\/8586"}],"wp:featuredmedia":[{"embeddable":true,"href":"http:\/\/www.aezuff.org\/extranet\/wp-json\/wp\/v2\/media\/8584"}],"wp:attachment":[{"href":"http:\/\/www.aezuff.org\/extranet\/wp-json\/wp\/v2\/media?parent=8585"}],"wp:term":[{"taxonomy":"category","embeddable":true,"href":"http:\/\/www.aezuff.org\/extranet\/wp-json\/wp\/v2\/categories?post=8585"},{"taxonomy":"post_tag","embeddable":true,"href":"http:\/\/www.aezuff.org\/extranet\/wp-json\/wp\/v2\/tags?post=8585"}],"curies":[{"name":"wp","href":"https:\/\/api.w.org\/{rel}","templated":true}]}}