{"id":8827,"date":"2019-02-28T11:59:48","date_gmt":"2019-02-28T11:59:48","guid":{"rendered":"http:\/\/www.aezuff.org\/extranet\/?p=8827"},"modified":"2019-02-28T12:14:50","modified_gmt":"2019-02-28T12:14:50","slug":"premio-fundacao-ilidio-pinho-ciencia-na-escola","status":"publish","type":"post","link":"http:\/\/www.aezuff.org\/extranet\/premio-fundacao-ilidio-pinho-ciencia-na-escola\/","title":{"rendered":"Pr\u00e9mio Funda\u00e7\u00e3o Il\u00eddio Pinho \u201cCi\u00eancia na Escola\u201d"},"content":{"rendered":"<p><strong><a href=\"http:\/\/www.aezuff.org\/extranet\/wp-content\/uploads\/2012\/10\/\/2019\/02\/FIP.jpg\"><img decoding=\"async\" loading=\"lazy\" class=\"aligncenter size-medium wp-image-8828\" src=\"http:\/\/www.aezuff.org\/extranet\/wp-content\/uploads\/2012\/10\/\/2019\/02\/FIP-300x169.jpg\" alt=\"\" width=\"300\" height=\"169\" srcset=\"http:\/\/www.aezuff.org\/extranet\/http:\/\/www.aezuff.org\/extranet\/wp-content\/uploads\/2012\/10\/2019\/02\/FIP-300x169.jpg 300w, http:\/\/www.aezuff.org\/extranet\/http:\/\/www.aezuff.org\/extranet\/wp-content\/uploads\/2012\/10\/2019\/02\/FIP-768x432.jpg 768w, http:\/\/www.aezuff.org\/extranet\/http:\/\/www.aezuff.org\/extranet\/wp-content\/uploads\/2012\/10\/2019\/02\/FIP.jpg 1024w\" sizes=\"(max-width: 300px) 100vw, 300px\" \/><\/a>Projetos do AEZUFF selecionados para a Fase de Desenvolvimento do Pr\u00e9mio Funda\u00e7\u00e3o Il\u00eddio Pinho \u201cCi\u00eancia na Escola\u201d<\/strong><\/p>\n<p>Sob o tema \u201cA Ci\u00eancia na Escola ao Servi\u00e7o do Desenvolvimento de Portugal\u201d, o nosso Agrupamento candidatou-se ao 16.\u00ba Pr\u00e9mio da Funda\u00e7\u00e3o Il\u00eddio Pinho \u201cCi\u00eancia na Escola\u201d nos 2.\u00ba e 3.\u00ba escal\u00f5es com os projetos \u00abQuando o azul do Mondego, passa a verde\u2026no jacinto (d\u2019\u00e1gua) est\u00e1 o problema, no Charco est\u00e1 uma solu\u00e7\u00e3o\u00bb (1.\u00ba Ciclo) e \u00abFigArroz \u2013 \u00c1gua Facial dos Arrozais da Figueira da Foz\u00bb (2.\u00ba Ciclo).<\/p>\n<p>O projeto do 1.\u00ba Ciclo, da E.B. S. Juli\u00e3o\/Tavarede, coordenado pela Professora Paula Sim\u00f5es (e que conta com o apoio dos Professores Elsa Pinto, Marcelina Gomes e Lu\u00eds Fernandes) e o projeto do 2.\u00ba Ciclo, impulsionado pelas Docentes Ad\u00e9lia Henriques e Bela Matos v\u00e3o, nesta fase, aprofundar e desenvolver as tem\u00e1ticas propostas que pretendem promover a partilha do conhecimento e cultura cient\u00edfica, estimulando a multidisciplinaridade e a inova\u00e7\u00e3o na \u00e1rea da ci\u00eancia e tecnologia.<\/p>\n<p>Parab\u00e9ns AEZUFF!<\/p>\n<span class=\"synved-social-container synved-social-container-follow\"><a class=\"synved-social-button synved-social-button-follow synved-social-size-24 synved-social-resolution-single synved-social-provider-facebook nolightbox\" data-provider=\"facebook\" target=\"_blank\" rel=\"nofollow\" title=\"Siga-nos no Facebook\" href=\"https:\/\/www.facebook.com\/pages\/Agrupamento-de-Escolas-da-Zona-Urbana-da-Figueira-da-Foz\/112980278714783\" style=\"font-size: 0px; width:24px;height:24px;margin:0;margin-bottom:5px;margin-right:5px;\"><img alt=\"Facebook\" title=\"Siga-nos no Facebook\" class=\"synved-share-image synved-social-image synved-social-image-follow\" width=\"24\" height=\"24\" style=\"display: inline; width:24px;height:24px; margin: 0; padding: 0; border: none; box-shadow: none;\" src=\"http:\/\/www.aezuff.org\/extranet\/wp-content\/plugins\/social-media-feather\/synved-social\/addons\/extra-icons\/image\/social\/flag\/48x48\/facebook.png\" \/><\/a><a class=\"synved-social-button synved-social-button-follow synved-social-size-24 synved-social-resolution-single synved-social-provider-twitter nolightbox\" data-provider=\"twitter\" target=\"_blank\" rel=\"nofollow\" title=\"Siga-nos no Twitter\" href=\"https:\/\/twitter.com\/aezuff\" style=\"font-size: 0px; width:24px;height:24px;margin:0;margin-bottom:5px;margin-right:5px;\"><img alt=\"twitter\" title=\"Siga-nos no Twitter\" class=\"synved-share-image synved-social-image synved-social-image-follow\" width=\"24\" height=\"24\" style=\"display: inline; width:24px;height:24px; margin: 0; padding: 0; border: none; box-shadow: none;\" src=\"http:\/\/www.aezuff.org\/extranet\/wp-content\/plugins\/social-media-feather\/synved-social\/addons\/extra-icons\/image\/social\/flag\/48x48\/twitter.png\" \/><\/a><a class=\"synved-social-button synved-social-button-follow synved-social-size-24 synved-social-resolution-single synved-social-provider-youtube nolightbox\" data-provider=\"youtube\" target=\"_blank\" rel=\"nofollow\" title=\"Subscreva-nos no YouTube\" href=\"http:\/\/www.youtube.com\/user\/actividadeseb23jb\" style=\"font-size: 0px; width:24px;height:24px;margin:0;margin-bottom:5px;\"><img alt=\"youtube\" title=\"Subscreva-nos no YouTube\" class=\"synved-share-image synved-social-image synved-social-image-follow\" width=\"24\" height=\"24\" style=\"display: inline; width:24px;height:24px; margin: 0; padding: 0; border: none; box-shadow: none;\" src=\"http:\/\/www.aezuff.org\/extranet\/wp-content\/plugins\/social-media-feather\/synved-social\/addons\/extra-icons\/image\/social\/flag\/48x48\/youtube.png\" \/><\/a><a class=\"synved-social-credit\" target=\"_blank\" rel=\"nofollow\" title=\"WordPress Social Media Feather\" href=\"http:\/\/synved.com\/wordpress-social-media-feather\/\" style=\"color:#444; text-decoration:none; font-size:8px; margin-left:5px;vertical-align:10px;white-space:nowrap;\"><span>by <\/span><img style=\"display: inline;margin:0;padding:0;width:16px;height:16px;\" width=\"16\" height=\"16\" alt=\"feather\" src=\"http:\/\/www.aezuff.org\/extranet\/wp-content\/plugins\/social-media-feather\/synved-social\/image\/icon.png\" \/><\/a><\/span>","protected":false},"excerpt":{"rendered":"<p>Projetos do AEZUFF selecionados para a Fase de Desenvolvimento do Pr\u00e9mio Funda\u00e7\u00e3o Il\u00eddio Pinho \u201cCi\u00eancia na Escola\u201d Sob o tema \u201cA Ci\u00eancia na Escola ao Servi\u00e7o do Desenvolvimento de Portugal\u201d, o nosso Agrupamento candidatou-se&#46;&#46;&#46;<\/p>\n","protected":false},"author":1,"featured_media":8828,"comment_status":"closed","ping_status":"open","sticky":false,"template":"","format":"standard","meta":{"footnotes":""},"categories":[1],"tags":[],"_links":{"self":[{"href":"http:\/\/www.aezuff.org\/extranet\/wp-json\/wp\/v2\/posts\/8827"}],"collection":[{"href":"http:\/\/www.aezuff.org\/extranet\/wp-json\/wp\/v2\/posts"}],"about":[{"href":"http:\/\/www.aezuff.org\/extranet\/wp-json\/wp\/v2\/types\/post"}],"author":[{"embeddable":true,"href":"http:\/\/www.aezuff.org\/extranet\/wp-json\/wp\/v2\/users\/1"}],"replies":[{"embeddable":true,"href":"http:\/\/www.aezuff.org\/extranet\/wp-json\/wp\/v2\/comments?post=8827"}],"version-history":[{"count":1,"href":"http:\/\/www.aezuff.org\/extranet\/wp-json\/wp\/v2\/posts\/8827\/revisions"}],"predecessor-version":[{"id":8829,"href":"http:\/\/www.aezuff.org\/extranet\/wp-json\/wp\/v2\/posts\/8827\/revisions\/8829"}],"wp:featuredmedia":[{"embeddable":true,"href":"http:\/\/www.aezuff.org\/extranet\/wp-json\/wp\/v2\/media\/8828"}],"wp:attachment":[{"href":"http:\/\/www.aezuff.org\/extranet\/wp-json\/wp\/v2\/media?parent=8827"}],"wp:term":[{"taxonomy":"category","embeddable":true,"href":"http:\/\/www.aezuff.org\/extranet\/wp-json\/wp\/v2\/categories?post=8827"},{"taxonomy":"post_tag","embeddable":true,"href":"http:\/\/www.aezuff.org\/extranet\/wp-json\/wp\/v2\/tags?post=8827"}],"curies":[{"name":"wp","href":"https:\/\/api.w.org\/{rel}","templated":true}]}}