{"id":9585,"date":"2020-01-30T17:58:23","date_gmt":"2020-01-30T17:58:23","guid":{"rendered":"http:\/\/www.aezuff.org\/extranet\/?p=9585"},"modified":"2020-01-30T17:58:23","modified_gmt":"2020-01-30T17:58:23","slug":"2-a-jornada-de-tenis-de-mesa-3","status":"publish","type":"post","link":"http:\/\/www.aezuff.org\/extranet\/2-a-jornada-de-tenis-de-mesa-3\/","title":{"rendered":"2.\u00aa Jornada de T\u00e9nis de Mesa"},"content":{"rendered":"<p>A 2.\u00aa Jornada do calen<a href=\"http:\/\/www.aezuff.org\/extranet\/http:\/\/www.aezuff.org\/extranet\/wp-content\/uploads\/2012\/10\/\/2020\/01\/20200129_141558.jpeg\"><img decoding=\"async\" loading=\"lazy\" class=\"size-medium wp-image-9586 alignleft\" src=\"http:\/\/www.aezuff.org\/extranet\/http:\/\/www.aezuff.org\/extranet\/wp-content\/uploads\/2012\/10\/\/2020\/01\/20200129_141558-300x225.jpeg\" alt=\"\" width=\"300\" height=\"225\" srcset=\"http:\/\/www.aezuff.org\/extranet\/http:\/\/www.aezuff.org\/extranet\/wp-content\/uploads\/2012\/10\/2020\/01\/20200129_141558-300x225.jpeg 300w, http:\/\/www.aezuff.org\/extranet\/http:\/\/www.aezuff.org\/extranet\/wp-content\/uploads\/2012\/10\/2020\/01\/20200129_141558-768x576.jpeg 768w, http:\/\/www.aezuff.org\/extranet\/http:\/\/www.aezuff.org\/extranet\/wp-content\/uploads\/2012\/10\/2020\/01\/20200129_141558.jpeg 960w\" sizes=\"(max-width: 300px) 100vw, 300px\" \/><\/a>d\u00e1rio competitivo do Desporto Escolar de T\u00e9nis de Mesa, da s\u00e9rie E, realizou-se em Condeixa-a-Nova, no dia 29 de janeiro, tendo reunido mais de meia centena de alunos. Foram v\u00e1rias as classifica\u00e7\u00f5es obtidas nos tr\u00eas primeiros lugares, que se passam a citar:<\/p>\n<p>Infantil A Feminino: 1.\u00ba &#8211; Sofia Nunes (5.\u00ba11); 2.\u00ba &#8211; Adriana Saraiva (5.\u00ba12) e 3.\u00ba &#8211; Mariana Santiago (5.\u00ba3).<\/p>\n<p>Infantil A Masculino: 1.\u00ba &#8211; Luis Figueiredo (5.\u00ba12); 2.\u00ba &#8211; Sim\u00e3o Azenha (5.\u00ba3) e 3.\u00ba &#8211; Miguel Gomes (5.\u00ba12).<\/p>\n<p>Infantil B Feminino: 2.\u00ba &#8211; Mariana Bonito (6.\u00ba6) e 3.\u00ba &#8211; Lara Rama (6.\u00ba9).<\/p>\n<p>Iniciado Feminino: 2.\u00ba &#8211; M.\u00aa Jo\u00e3o Santos (8.\u00baC) e 3.\u00ba &#8211; Rafaela Concei\u00e7\u00e3o (8.\u00baC).<\/p>\n<p>A aluna, Matilde Albarino do 9.\u00baA, com forma\u00e7\u00e3o a n\u00edvel regional, desempenhou a fun\u00e7\u00e3o de arbitragem. A 3.\u00aa e \u00faltima jornada desta s\u00e9rie E, ser\u00e1 realizada na Escola Dr. Jo\u00e3o de Barros no dia 19 de fevereiro. As alunas, M.\u00aa Jo\u00e3o Santos (8.\u00baC), Rafaela Concei\u00e7\u00e3o (8.\u00baC) e Luana Pinto (8.\u00baE), encontram-se apuradas, por equipas, para a Final Distrital de Iniciados de T\u00e9nis de Mesa, a realizar na Figueira da Foz, no dia 7 de mar\u00e7o.<\/p>\n<p>Muitos parab\u00e9ns pelas classifica\u00e7\u00f5es obtidas. At\u00e9 l\u00e1 \u2026 bons treinos!<\/p>\n<p>A dinamizadora do Grupo\/Equipa de T\u00e9nis de Mesa,\u00a0Isabel Oliveira<\/p>\n<p>&nbsp;<\/p>\n<span class=\"synved-social-container synved-social-container-follow\"><a class=\"synved-social-button synved-social-button-follow synved-social-size-24 synved-social-resolution-single synved-social-provider-facebook nolightbox\" data-provider=\"facebook\" target=\"_blank\" rel=\"nofollow\" title=\"Siga-nos no Facebook\" href=\"https:\/\/www.facebook.com\/pages\/Agrupamento-de-Escolas-da-Zona-Urbana-da-Figueira-da-Foz\/112980278714783\" style=\"font-size: 0px; width:24px;height:24px;margin:0;margin-bottom:5px;margin-right:5px;\"><img alt=\"Facebook\" title=\"Siga-nos no Facebook\" class=\"synved-share-image synved-social-image synved-social-image-follow\" width=\"24\" height=\"24\" style=\"display: inline; width:24px;height:24px; margin: 0; padding: 0; border: none; box-shadow: none;\" src=\"http:\/\/www.aezuff.org\/extranet\/wp-content\/plugins\/social-media-feather\/synved-social\/addons\/extra-icons\/image\/social\/flag\/48x48\/facebook.png\" \/><\/a><a class=\"synved-social-button synved-social-button-follow synved-social-size-24 synved-social-resolution-single synved-social-provider-twitter nolightbox\" data-provider=\"twitter\" target=\"_blank\" rel=\"nofollow\" title=\"Siga-nos no Twitter\" href=\"https:\/\/twitter.com\/aezuff\" style=\"font-size: 0px; width:24px;height:24px;margin:0;margin-bottom:5px;margin-right:5px;\"><img alt=\"twitter\" title=\"Siga-nos no Twitter\" class=\"synved-share-image synved-social-image synved-social-image-follow\" width=\"24\" height=\"24\" style=\"display: inline; width:24px;height:24px; margin: 0; padding: 0; border: none; box-shadow: none;\" src=\"http:\/\/www.aezuff.org\/extranet\/wp-content\/plugins\/social-media-feather\/synved-social\/addons\/extra-icons\/image\/social\/flag\/48x48\/twitter.png\" \/><\/a><a class=\"synved-social-button synved-social-button-follow synved-social-size-24 synved-social-resolution-single synved-social-provider-youtube nolightbox\" data-provider=\"youtube\" target=\"_blank\" rel=\"nofollow\" title=\"Subscreva-nos no YouTube\" href=\"http:\/\/www.youtube.com\/user\/actividadeseb23jb\" style=\"font-size: 0px; width:24px;height:24px;margin:0;margin-bottom:5px;\"><img alt=\"youtube\" title=\"Subscreva-nos no YouTube\" class=\"synved-share-image synved-social-image synved-social-image-follow\" width=\"24\" height=\"24\" style=\"display: inline; width:24px;height:24px; margin: 0; padding: 0; border: none; box-shadow: none;\" src=\"http:\/\/www.aezuff.org\/extranet\/wp-content\/plugins\/social-media-feather\/synved-social\/addons\/extra-icons\/image\/social\/flag\/48x48\/youtube.png\" \/><\/a><a class=\"synved-social-credit\" target=\"_blank\" rel=\"nofollow\" title=\"WordPress Social Media Feather\" href=\"http:\/\/synved.com\/wordpress-social-media-feather\/\" style=\"color:#444; text-decoration:none; font-size:8px; margin-left:5px;vertical-align:10px;white-space:nowrap;\"><span>by <\/span><img style=\"display: inline;margin:0;padding:0;width:16px;height:16px;\" width=\"16\" height=\"16\" alt=\"feather\" src=\"http:\/\/www.aezuff.org\/extranet\/wp-content\/plugins\/social-media-feather\/synved-social\/image\/icon.png\" \/><\/a><\/span>","protected":false},"excerpt":{"rendered":"<p>A 2.\u00aa Jornada do calend\u00e1rio competitivo do Desporto Escolar de T\u00e9nis de Mesa, da s\u00e9rie E, realizou-se em Condeixa-a-Nova, no dia 29 de janeiro, tendo reunido mais de meia centena de alunos. Foram v\u00e1rias&#46;&#46;&#46;<\/p>\n","protected":false},"author":1,"featured_media":9586,"comment_status":"closed","ping_status":"open","sticky":false,"template":"","format":"standard","meta":{"footnotes":""},"categories":[1],"tags":[],"_links":{"self":[{"href":"http:\/\/www.aezuff.org\/extranet\/wp-json\/wp\/v2\/posts\/9585"}],"collection":[{"href":"http:\/\/www.aezuff.org\/extranet\/wp-json\/wp\/v2\/posts"}],"about":[{"href":"http:\/\/www.aezuff.org\/extranet\/wp-json\/wp\/v2\/types\/post"}],"author":[{"embeddable":true,"href":"http:\/\/www.aezuff.org\/extranet\/wp-json\/wp\/v2\/users\/1"}],"replies":[{"embeddable":true,"href":"http:\/\/www.aezuff.org\/extranet\/wp-json\/wp\/v2\/comments?post=9585"}],"version-history":[{"count":1,"href":"http:\/\/www.aezuff.org\/extranet\/wp-json\/wp\/v2\/posts\/9585\/revisions"}],"predecessor-version":[{"id":9587,"href":"http:\/\/www.aezuff.org\/extranet\/wp-json\/wp\/v2\/posts\/9585\/revisions\/9587"}],"wp:featuredmedia":[{"embeddable":true,"href":"http:\/\/www.aezuff.org\/extranet\/wp-json\/wp\/v2\/media\/9586"}],"wp:attachment":[{"href":"http:\/\/www.aezuff.org\/extranet\/wp-json\/wp\/v2\/media?parent=9585"}],"wp:term":[{"taxonomy":"category","embeddable":true,"href":"http:\/\/www.aezuff.org\/extranet\/wp-json\/wp\/v2\/categories?post=9585"},{"taxonomy":"post_tag","embeddable":true,"href":"http:\/\/www.aezuff.org\/extranet\/wp-json\/wp\/v2\/tags?post=9585"}],"curies":[{"name":"wp","href":"https:\/\/api.w.org\/{rel}","templated":true}]}}