{"id":10298,"date":"2020-10-08T22:14:47","date_gmt":"2020-10-08T22:14:47","guid":{"rendered":"http:\/\/www.aezuff.org\/extranet\/?p=10298"},"modified":"2020-10-08T23:06:46","modified_gmt":"2020-10-08T23:06:46","slug":"torneios-de-abertura-de-tenis-de-mesa-na-escola-dr-joao-de-barros","status":"publish","type":"post","link":"https:\/\/www.aezuff.org\/extranet\/torneios-de-abertura-de-tenis-de-mesa-na-escola-dr-joao-de-barros\/","title":{"rendered":"Torneios de Abertura de T\u00e9nis de Mesa na Escola Dr. Jo\u00e3o de Barros"},"content":{"rendered":"<p>&nbsp;<\/p>\n<p><a href=\"http:\/\/www.aezuff.org\/extranet\/http:\/\/www.aezuff.org\/extranet\/wp-content\/uploads\/2012\/10\/\/2020\/10\/torneio-TM-5\u00ba-ano-1.jpg\"><img decoding=\"async\" loading=\"lazy\" class=\"size-medium wp-image-10297 alignleft\" src=\"http:\/\/www.aezuff.org\/extranet\/http:\/\/www.aezuff.org\/extranet\/wp-content\/uploads\/2012\/10\/\/2020\/10\/torneio-TM-5\u00ba-ano-1-300x225.jpg\" alt=\"\" width=\"300\" height=\"225\" srcset=\"https:\/\/www.aezuff.org\/extranet\/http:\/\/www.aezuff.org\/extranet\/wp-content\/uploads\/2012\/10\/2020\/10\/torneio-TM-5\u00ba-ano-1-300x225.jpg 300w, https:\/\/www.aezuff.org\/extranet\/http:\/\/www.aezuff.org\/extranet\/wp-content\/uploads\/2012\/10\/2020\/10\/torneio-TM-5\u00ba-ano-1-768x577.jpg 768w, https:\/\/www.aezuff.org\/extranet\/http:\/\/www.aezuff.org\/extranet\/wp-content\/uploads\/2012\/10\/2020\/10\/torneio-TM-5\u00ba-ano-1-1024x769.jpg 1024w, https:\/\/www.aezuff.org\/extranet\/http:\/\/www.aezuff.org\/extranet\/wp-content\/uploads\/2012\/10\/2020\/10\/torneio-TM-5\u00ba-ano-1.jpg 2038w\" sizes=\"(max-width: 300px) 100vw, 300px\" \/><\/a><\/p>\n<p>Iniciou-se a \u00e9poca competitiva do Desporto Escolar com a realiza\u00e7\u00e3o dos Torneios de Abertura de T\u00e9nis de Mesa, na Escola Dr. Jo\u00e3o de Barros. Foi no dia 6 de outubro que cerca de 50 alunos do 5.\u00ba ano puderam demonstrar a sua performance nesta modalidade, com muito entusiasmo e dinamismo, real\u00e7ando tamb\u00e9m a presen\u00e7a e colabora\u00e7\u00e3o de v\u00e1rios \u00e1rbitros do 6. \u00ba ano que acompanharam todo o torneio. As classifica\u00e7\u00f5es dos primeiros classificados foram as seguintes: escal\u00e3o Infantil A Feminino \u2013 1. \u00ba- Eduarda Penedo \u2013 5.\u00ba 5; 2.\u00ba &#8211; Rafaela Bernardes \u2013 5.\u00ba 3 e 3.\u00ba &#8211; Madalena Gomes \u2013 5.\u00ba 14.<\/p>\n<p>No escal\u00e3o Infantil A Masculino \u2013 1. \u00ba &#8211; Martim Dias \u2013 5\u00ba 4; 2. \u00ba &#8211; David Correia &#8211; 5.\u00ba 13 e 3. \u00ba &#8211; Diogo Marques \u2013 5.\u00ba 7.<\/p>\n<p>Muitos parab\u00e9ns a todos os participantes!<\/p>\n<p>A Dinamizadora do Grupo \/ Equipa, Isabel Oliveira<\/p>\n<span class=\"synved-social-container synved-social-container-follow\"><a class=\"synved-social-button synved-social-button-follow synved-social-size-24 synved-social-resolution-single synved-social-provider-facebook nolightbox\" data-provider=\"facebook\" target=\"_blank\" rel=\"nofollow\" title=\"Siga-nos no Facebook\" href=\"https:\/\/www.facebook.com\/pages\/Agrupamento-de-Escolas-da-Zona-Urbana-da-Figueira-da-Foz\/112980278714783\" style=\"font-size: 0px; width:24px;height:24px;margin:0;margin-bottom:5px;margin-right:5px;\"><img alt=\"Facebook\" title=\"Siga-nos no Facebook\" class=\"synved-share-image synved-social-image synved-social-image-follow\" width=\"24\" height=\"24\" style=\"display: inline; width:24px;height:24px; margin: 0; padding: 0; border: none; box-shadow: none;\" src=\"https:\/\/www.aezuff.org\/extranet\/wp-content\/plugins\/social-media-feather\/synved-social\/addons\/extra-icons\/image\/social\/flag\/48x48\/facebook.png\" \/><\/a><a class=\"synved-social-button synved-social-button-follow synved-social-size-24 synved-social-resolution-single synved-social-provider-twitter nolightbox\" data-provider=\"twitter\" target=\"_blank\" rel=\"nofollow\" title=\"Siga-nos no Twitter\" href=\"https:\/\/twitter.com\/aezuff\" style=\"font-size: 0px; width:24px;height:24px;margin:0;margin-bottom:5px;margin-right:5px;\"><img alt=\"twitter\" title=\"Siga-nos no Twitter\" class=\"synved-share-image synved-social-image synved-social-image-follow\" width=\"24\" height=\"24\" style=\"display: inline; width:24px;height:24px; margin: 0; padding: 0; border: none; box-shadow: none;\" src=\"https:\/\/www.aezuff.org\/extranet\/wp-content\/plugins\/social-media-feather\/synved-social\/addons\/extra-icons\/image\/social\/flag\/48x48\/twitter.png\" \/><\/a><a class=\"synved-social-button synved-social-button-follow synved-social-size-24 synved-social-resolution-single synved-social-provider-youtube nolightbox\" data-provider=\"youtube\" target=\"_blank\" rel=\"nofollow\" title=\"Subscreva-nos no YouTube\" href=\"http:\/\/www.youtube.com\/user\/actividadeseb23jb\" style=\"font-size: 0px; width:24px;height:24px;margin:0;margin-bottom:5px;\"><img alt=\"youtube\" title=\"Subscreva-nos no YouTube\" class=\"synved-share-image synved-social-image synved-social-image-follow\" width=\"24\" height=\"24\" style=\"display: inline; width:24px;height:24px; margin: 0; padding: 0; border: none; box-shadow: none;\" src=\"https:\/\/www.aezuff.org\/extranet\/wp-content\/plugins\/social-media-feather\/synved-social\/addons\/extra-icons\/image\/social\/flag\/48x48\/youtube.png\" \/><\/a><a class=\"synved-social-credit\" target=\"_blank\" rel=\"nofollow\" title=\"WordPress Social Media Feather\" href=\"http:\/\/synved.com\/wordpress-social-media-feather\/\" style=\"color:#444; text-decoration:none; font-size:8px; margin-left:5px;vertical-align:10px;white-space:nowrap;\"><span>by <\/span><img style=\"display: inline;margin:0;padding:0;width:16px;height:16px;\" width=\"16\" height=\"16\" alt=\"feather\" src=\"https:\/\/www.aezuff.org\/extranet\/wp-content\/plugins\/social-media-feather\/synved-social\/image\/icon.png\" \/><\/a><\/span>","protected":false},"excerpt":{"rendered":"<p>&nbsp; Iniciou-se a \u00e9poca competitiva do Desporto Escolar com a realiza\u00e7\u00e3o dos Torneios de Abertura de T\u00e9nis de Mesa, na Escola Dr. Jo\u00e3o de Barros. Foi no dia 6 de outubro que cerca de&#46;&#46;&#46;<\/p>\n","protected":false},"author":1,"featured_media":10297,"comment_status":"closed","ping_status":"open","sticky":false,"template":"","format":"standard","meta":{"footnotes":""},"categories":[1],"tags":[],"_links":{"self":[{"href":"https:\/\/www.aezuff.org\/extranet\/wp-json\/wp\/v2\/posts\/10298"}],"collection":[{"href":"https:\/\/www.aezuff.org\/extranet\/wp-json\/wp\/v2\/posts"}],"about":[{"href":"https:\/\/www.aezuff.org\/extranet\/wp-json\/wp\/v2\/types\/post"}],"author":[{"embeddable":true,"href":"https:\/\/www.aezuff.org\/extranet\/wp-json\/wp\/v2\/users\/1"}],"replies":[{"embeddable":true,"href":"https:\/\/www.aezuff.org\/extranet\/wp-json\/wp\/v2\/comments?post=10298"}],"version-history":[{"count":1,"href":"https:\/\/www.aezuff.org\/extranet\/wp-json\/wp\/v2\/posts\/10298\/revisions"}],"predecessor-version":[{"id":10299,"href":"https:\/\/www.aezuff.org\/extranet\/wp-json\/wp\/v2\/posts\/10298\/revisions\/10299"}],"wp:featuredmedia":[{"embeddable":true,"href":"https:\/\/www.aezuff.org\/extranet\/wp-json\/wp\/v2\/media\/10297"}],"wp:attachment":[{"href":"https:\/\/www.aezuff.org\/extranet\/wp-json\/wp\/v2\/media?parent=10298"}],"wp:term":[{"taxonomy":"category","embeddable":true,"href":"https:\/\/www.aezuff.org\/extranet\/wp-json\/wp\/v2\/categories?post=10298"},{"taxonomy":"post_tag","embeddable":true,"href":"https:\/\/www.aezuff.org\/extranet\/wp-json\/wp\/v2\/tags?post=10298"}],"curies":[{"name":"wp","href":"https:\/\/api.w.org\/{rel}","templated":true}]}}