{"id":10698,"date":"2020-12-05T12:42:03","date_gmt":"2020-12-05T12:42:03","guid":{"rendered":"http:\/\/www.aezuff.org\/extranet\/?p=10698"},"modified":"2020-12-05T17:23:51","modified_gmt":"2020-12-05T17:23:51","slug":"agarrambiente-agarra-com-garra-o-teu-ambiente","status":"publish","type":"post","link":"https:\/\/www.aezuff.org\/extranet\/agarrambiente-agarra-com-garra-o-teu-ambiente\/","title":{"rendered":"\u00abAgarrAmbiente &#8211; Agarra com Garra o teu Ambiente\u00bb"},"content":{"rendered":"<div><a href=\"http:\/\/www.aezuff.org\/extranet\/http:\/\/www.aezuff.org\/extranet\/wp-content\/uploads\/2012\/10\/\/2020\/12\/20201203_102134_1.jpg\"><img decoding=\"async\" loading=\"lazy\" class=\"wp-image-10700 alignleft\" src=\"http:\/\/www.aezuff.org\/extranet\/http:\/\/www.aezuff.org\/extranet\/wp-content\/uploads\/2012\/10\/\/2020\/12\/20201203_102134_1-e1607172517966-225x300.jpg\" alt=\"\" width=\"164\" height=\"219\" srcset=\"https:\/\/www.aezuff.org\/extranet\/http:\/\/www.aezuff.org\/extranet\/wp-content\/uploads\/2012\/10\/2020\/12\/20201203_102134_1-e1607172517966-225x300.jpg 225w, https:\/\/www.aezuff.org\/extranet\/http:\/\/www.aezuff.org\/extranet\/wp-content\/uploads\/2012\/10\/2020\/12\/20201203_102134_1-e1607172517966-768x1024.jpg 768w\" sizes=\"(max-width: 164px) 100vw, 164px\" \/><\/a><\/p>\n<p style=\"font-weight: 400;\">No \u00e2mbito das din\u00e2micas do Clube de Empreendedorismo do AEZUFF e do projeto do presente ano letivo &#8211;\u00a0\u00abAgarrAmbiente\u00a0&#8211; Agarra com Garra o teu Ambiente\u00bb &#8211; as Professoras Ad\u00e9lia Henriques e Bela Matos (dinamizadoras do Clube)\u00a0receberam a visita de Eunice Louro, na sequ\u00eancia das A\u00e7\u00f5es de Sensibiliza\u00e7\u00e3o Ambiental inerentes ao Projeto CompHorta, promovido pela IEFF &#8211; Incubadora de Empresas da Figueira da Foz, com a colabora\u00e7\u00e3o do Laborat\u00f3rio MAREFOZ, para uma potencial parceria pedag\u00f3gica, de modo a articular iniciativas que sustentem a tem\u00e1tica em desenvolvimento.\u00a0O projeto central do Clube de Empreendedorismo baseia-se no conceito da economia circular, conceito estrat\u00e9gico que assenta na redu\u00e7\u00e3o, reutiliza\u00e7\u00e3o, recupera\u00e7\u00e3o e reciclagem de materiais e energia.<\/p>\n<p style=\"font-weight: 400;\">O Engenheiro Gon\u00e7alo Tom\u00e9, CEO da Plasfil, permanece como Mentor que acompanhar\u00e1 as din\u00e2micas do Clube, estando j\u00e1 agendadas sess\u00f5es online com os Alunos e Professoras do Clube.<\/p>\n<\/div>\n<div>\n<div><\/div>\n<\/div>\n<span class=\"synved-social-container synved-social-container-follow\"><a class=\"synved-social-button synved-social-button-follow synved-social-size-24 synved-social-resolution-single synved-social-provider-facebook nolightbox\" data-provider=\"facebook\" target=\"_blank\" rel=\"nofollow\" title=\"Siga-nos no Facebook\" href=\"https:\/\/www.facebook.com\/pages\/Agrupamento-de-Escolas-da-Zona-Urbana-da-Figueira-da-Foz\/112980278714783\" style=\"font-size: 0px; width:24px;height:24px;margin:0;margin-bottom:5px;margin-right:5px;\"><img alt=\"Facebook\" title=\"Siga-nos no Facebook\" class=\"synved-share-image synved-social-image synved-social-image-follow\" width=\"24\" height=\"24\" style=\"display: inline; width:24px;height:24px; margin: 0; padding: 0; border: none; box-shadow: none;\" src=\"https:\/\/www.aezuff.org\/extranet\/wp-content\/plugins\/social-media-feather\/synved-social\/addons\/extra-icons\/image\/social\/flag\/48x48\/facebook.png\" \/><\/a><a class=\"synved-social-button synved-social-button-follow synved-social-size-24 synved-social-resolution-single synved-social-provider-twitter nolightbox\" data-provider=\"twitter\" target=\"_blank\" rel=\"nofollow\" title=\"Siga-nos no Twitter\" href=\"https:\/\/twitter.com\/aezuff\" style=\"font-size: 0px; width:24px;height:24px;margin:0;margin-bottom:5px;margin-right:5px;\"><img alt=\"twitter\" title=\"Siga-nos no Twitter\" class=\"synved-share-image synved-social-image synved-social-image-follow\" width=\"24\" height=\"24\" style=\"display: inline; width:24px;height:24px; margin: 0; padding: 0; border: none; box-shadow: none;\" src=\"https:\/\/www.aezuff.org\/extranet\/wp-content\/plugins\/social-media-feather\/synved-social\/addons\/extra-icons\/image\/social\/flag\/48x48\/twitter.png\" \/><\/a><a class=\"synved-social-button synved-social-button-follow synved-social-size-24 synved-social-resolution-single synved-social-provider-youtube nolightbox\" data-provider=\"youtube\" target=\"_blank\" rel=\"nofollow\" title=\"Subscreva-nos no YouTube\" href=\"http:\/\/www.youtube.com\/user\/actividadeseb23jb\" style=\"font-size: 0px; width:24px;height:24px;margin:0;margin-bottom:5px;\"><img alt=\"youtube\" title=\"Subscreva-nos no YouTube\" class=\"synved-share-image synved-social-image synved-social-image-follow\" width=\"24\" height=\"24\" style=\"display: inline; width:24px;height:24px; margin: 0; padding: 0; border: none; box-shadow: none;\" src=\"https:\/\/www.aezuff.org\/extranet\/wp-content\/plugins\/social-media-feather\/synved-social\/addons\/extra-icons\/image\/social\/flag\/48x48\/youtube.png\" \/><\/a><a class=\"synved-social-credit\" target=\"_blank\" rel=\"nofollow\" title=\"WordPress Social Media Feather\" href=\"http:\/\/synved.com\/wordpress-social-media-feather\/\" style=\"color:#444; text-decoration:none; font-size:8px; margin-left:5px;vertical-align:10px;white-space:nowrap;\"><span>by <\/span><img style=\"display: inline;margin:0;padding:0;width:16px;height:16px;\" width=\"16\" height=\"16\" alt=\"feather\" src=\"https:\/\/www.aezuff.org\/extranet\/wp-content\/plugins\/social-media-feather\/synved-social\/image\/icon.png\" \/><\/a><\/span>","protected":false},"excerpt":{"rendered":"<p>No \u00e2mbito das din\u00e2micas do Clube de Empreendedorismo do AEZUFF e do projeto do presente ano letivo &#8211;\u00a0\u00abAgarrAmbiente\u00a0&#8211; Agarra com Garra o teu Ambiente\u00bb &#8211; as Professoras Ad\u00e9lia Henriques e Bela Matos (dinamizadoras do&#46;&#46;&#46;<\/p>\n","protected":false},"author":1,"featured_media":10700,"comment_status":"closed","ping_status":"open","sticky":false,"template":"","format":"standard","meta":{"footnotes":""},"categories":[1],"tags":[],"_links":{"self":[{"href":"https:\/\/www.aezuff.org\/extranet\/wp-json\/wp\/v2\/posts\/10698"}],"collection":[{"href":"https:\/\/www.aezuff.org\/extranet\/wp-json\/wp\/v2\/posts"}],"about":[{"href":"https:\/\/www.aezuff.org\/extranet\/wp-json\/wp\/v2\/types\/post"}],"author":[{"embeddable":true,"href":"https:\/\/www.aezuff.org\/extranet\/wp-json\/wp\/v2\/users\/1"}],"replies":[{"embeddable":true,"href":"https:\/\/www.aezuff.org\/extranet\/wp-json\/wp\/v2\/comments?post=10698"}],"version-history":[{"count":4,"href":"https:\/\/www.aezuff.org\/extranet\/wp-json\/wp\/v2\/posts\/10698\/revisions"}],"predecessor-version":[{"id":10704,"href":"https:\/\/www.aezuff.org\/extranet\/wp-json\/wp\/v2\/posts\/10698\/revisions\/10704"}],"wp:featuredmedia":[{"embeddable":true,"href":"https:\/\/www.aezuff.org\/extranet\/wp-json\/wp\/v2\/media\/10700"}],"wp:attachment":[{"href":"https:\/\/www.aezuff.org\/extranet\/wp-json\/wp\/v2\/media?parent=10698"}],"wp:term":[{"taxonomy":"category","embeddable":true,"href":"https:\/\/www.aezuff.org\/extranet\/wp-json\/wp\/v2\/categories?post=10698"},{"taxonomy":"post_tag","embeddable":true,"href":"https:\/\/www.aezuff.org\/extranet\/wp-json\/wp\/v2\/tags?post=10698"}],"curies":[{"name":"wp","href":"https:\/\/api.w.org\/{rel}","templated":true}]}}