{"id":1077,"date":"2012-10-11T11:00:06","date_gmt":"2012-10-11T11:00:06","guid":{"rendered":"http:\/\/www.aezuff.org\/extranet\/?p=1077"},"modified":"2012-10-11T11:01:10","modified_gmt":"2012-10-11T11:01:10","slug":"eco-escolas-dia-das-bandeiras-verdes","status":"publish","type":"post","link":"https:\/\/www.aezuff.org\/extranet\/eco-escolas-dia-das-bandeiras-verdes\/","title":{"rendered":"Eco-Escolas &#8211; Dia das Bandeiras Verdes"},"content":{"rendered":"<h4 style=\"text-align: justify;\"><a href=\"http:\/\/www.aezuff.org\/extranet\/wp-content\/uploads\/2012\/10\/Bandeiras-Verdes.png\"><img decoding=\"async\" loading=\"lazy\" class=\" wp-image-1078 alignright\" title=\"Bandeiras Verdes\" src=\"http:\/\/www.aezuff.org\/extranet\/wp-content\/uploads\/2012\/10\/Bandeiras-Verdes-300x252.png\" alt=\"\" width=\"180\" height=\"151\" srcset=\"https:\/\/www.aezuff.org\/extranet\/http:\/\/www.aezuff.org\/extranet\/wp-content\/uploads\/2012\/10\/2012\/10\/Bandeiras-Verdes-300x252.png 300w, https:\/\/www.aezuff.org\/extranet\/http:\/\/www.aezuff.org\/extranet\/wp-content\/uploads\/2012\/10\/2012\/10\/Bandeiras-Verdes.png 989w\" sizes=\"(max-width: 180px) 100vw, 180px\" \/><\/a><strong>Um grupo de 33 alunos e 4 professores do Agrupamento descolocaram-se, no dia 10 de outubro, a Gondomar para participar na Cerim\u00f3nia &#8211; Dia das Bandeiras Verdes da Eco-Escolas.<\/strong><\/h4>\n<h4 style=\"text-align: justify;\"><strong> Alunos e professores tiveram oportunidade de participar nos v\u00e1rios ateliers dispon\u00edveis no pavilh\u00e3o multiusos de Gondomar. Ap\u00f3s um almo\u00e7o-piquenique partilhado realizou-se a cerim\u00f3nia de entrega das bandeiras verdes que contou com apresenta\u00e7\u00f5es de v\u00e1rias escolas da \u00e1rea de Gondomar e ainda, para del\u00edrio dos alunos, uma apresenta\u00e7\u00e3o dos CL\u00c2. Finalmente foi a vez de subirmos ao palco e receber a bandeira de cada uma das escolas. <\/strong><\/h4>\n<h4 style=\"text-align: justify;\"><a href=\"http:\/\/www.aezuff.org\/extranet\/wp-content\/uploads\/2012\/10\/eco-escolas.jpg\"><img decoding=\"async\" loading=\"lazy\" class=\"wp-image-1079 alignleft\" title=\"eco-escolas\" src=\"http:\/\/www.aezuff.org\/extranet\/wp-content\/uploads\/2012\/10\/eco-escolas-300x225.jpg\" alt=\"\" width=\"216\" height=\"162\" srcset=\"https:\/\/www.aezuff.org\/extranet\/http:\/\/www.aezuff.org\/extranet\/wp-content\/uploads\/2012\/10\/2012\/10\/eco-escolas-300x225.jpg 300w, https:\/\/www.aezuff.org\/extranet\/http:\/\/www.aezuff.org\/extranet\/wp-content\/uploads\/2012\/10\/2012\/10\/eco-escolas.jpg 960w\" sizes=\"(max-width: 216px) 100vw, 216px\" \/><\/a><\/h4>\n<h4 style=\"text-align: justify;\"><strong>Este ano o Agrupamento conta, novamente, com a atribui\u00e7\u00e3o de 9 bandeiras. Um desafio superado e que contribui para que todos sejam mais conscientes na preserva\u00e7\u00e3o ambiental .<\/strong><\/h4>\n<h4 style=\"text-align: justify;\"><strong>Estas bandeiras verdes vem premiar o trabalho desenvolvido no Agrupamento, no ano letivo 2011\/2012. <\/strong><\/h4>\n<p>&nbsp;<\/p>\n<span class=\"synved-social-container synved-social-container-follow\"><a class=\"synved-social-button synved-social-button-follow synved-social-size-24 synved-social-resolution-single synved-social-provider-facebook nolightbox\" data-provider=\"facebook\" target=\"_blank\" rel=\"nofollow\" title=\"Siga-nos no Facebook\" href=\"https:\/\/www.facebook.com\/pages\/Agrupamento-de-Escolas-da-Zona-Urbana-da-Figueira-da-Foz\/112980278714783\" style=\"font-size: 0px; width:24px;height:24px;margin:0;margin-bottom:5px;margin-right:5px;\"><img alt=\"Facebook\" title=\"Siga-nos no Facebook\" class=\"synved-share-image synved-social-image synved-social-image-follow\" width=\"24\" height=\"24\" style=\"display: inline; width:24px;height:24px; margin: 0; padding: 0; border: none; box-shadow: none;\" src=\"https:\/\/www.aezuff.org\/extranet\/wp-content\/plugins\/social-media-feather\/synved-social\/addons\/extra-icons\/image\/social\/flag\/48x48\/facebook.png\" \/><\/a><a class=\"synved-social-button synved-social-button-follow synved-social-size-24 synved-social-resolution-single synved-social-provider-twitter nolightbox\" data-provider=\"twitter\" target=\"_blank\" rel=\"nofollow\" title=\"Siga-nos no Twitter\" href=\"https:\/\/twitter.com\/aezuff\" style=\"font-size: 0px; width:24px;height:24px;margin:0;margin-bottom:5px;margin-right:5px;\"><img alt=\"twitter\" title=\"Siga-nos no Twitter\" class=\"synved-share-image synved-social-image synved-social-image-follow\" width=\"24\" height=\"24\" style=\"display: inline; width:24px;height:24px; margin: 0; padding: 0; border: none; box-shadow: none;\" src=\"https:\/\/www.aezuff.org\/extranet\/wp-content\/plugins\/social-media-feather\/synved-social\/addons\/extra-icons\/image\/social\/flag\/48x48\/twitter.png\" \/><\/a><a class=\"synved-social-button synved-social-button-follow synved-social-size-24 synved-social-resolution-single synved-social-provider-youtube nolightbox\" data-provider=\"youtube\" target=\"_blank\" rel=\"nofollow\" title=\"Subscreva-nos no YouTube\" href=\"http:\/\/www.youtube.com\/user\/actividadeseb23jb\" style=\"font-size: 0px; width:24px;height:24px;margin:0;margin-bottom:5px;\"><img alt=\"youtube\" title=\"Subscreva-nos no YouTube\" class=\"synved-share-image synved-social-image synved-social-image-follow\" width=\"24\" height=\"24\" style=\"display: inline; width:24px;height:24px; margin: 0; padding: 0; border: none; box-shadow: none;\" src=\"https:\/\/www.aezuff.org\/extranet\/wp-content\/plugins\/social-media-feather\/synved-social\/addons\/extra-icons\/image\/social\/flag\/48x48\/youtube.png\" \/><\/a><a class=\"synved-social-credit\" target=\"_blank\" rel=\"nofollow\" title=\"WordPress Social Media Feather\" href=\"http:\/\/synved.com\/wordpress-social-media-feather\/\" style=\"color:#444; text-decoration:none; font-size:8px; margin-left:5px;vertical-align:10px;white-space:nowrap;\"><span>by <\/span><img style=\"display: inline;margin:0;padding:0;width:16px;height:16px;\" width=\"16\" height=\"16\" alt=\"feather\" src=\"https:\/\/www.aezuff.org\/extranet\/wp-content\/plugins\/social-media-feather\/synved-social\/image\/icon.png\" \/><\/a><\/span>","protected":false},"excerpt":{"rendered":"<p>Um grupo de 33 alunos e 4 professores do Agrupamento descolocaram-se, no dia 10 de outubro, a Gondomar para participar na Cerim\u00f3nia &#8211; Dia das Bandeiras Verdes da Eco-Escolas. Alunos e professores tiveram oportunidade&#46;&#46;&#46;<\/p>\n","protected":false},"author":1,"featured_media":1078,"comment_status":"closed","ping_status":"open","sticky":false,"template":"","format":"standard","meta":{"footnotes":""},"categories":[1],"tags":[49],"_links":{"self":[{"href":"https:\/\/www.aezuff.org\/extranet\/wp-json\/wp\/v2\/posts\/1077"}],"collection":[{"href":"https:\/\/www.aezuff.org\/extranet\/wp-json\/wp\/v2\/posts"}],"about":[{"href":"https:\/\/www.aezuff.org\/extranet\/wp-json\/wp\/v2\/types\/post"}],"author":[{"embeddable":true,"href":"https:\/\/www.aezuff.org\/extranet\/wp-json\/wp\/v2\/users\/1"}],"replies":[{"embeddable":true,"href":"https:\/\/www.aezuff.org\/extranet\/wp-json\/wp\/v2\/comments?post=1077"}],"version-history":[{"count":3,"href":"https:\/\/www.aezuff.org\/extranet\/wp-json\/wp\/v2\/posts\/1077\/revisions"}],"predecessor-version":[{"id":1082,"href":"https:\/\/www.aezuff.org\/extranet\/wp-json\/wp\/v2\/posts\/1077\/revisions\/1082"}],"wp:featuredmedia":[{"embeddable":true,"href":"https:\/\/www.aezuff.org\/extranet\/wp-json\/wp\/v2\/media\/1078"}],"wp:attachment":[{"href":"https:\/\/www.aezuff.org\/extranet\/wp-json\/wp\/v2\/media?parent=1077"}],"wp:term":[{"taxonomy":"category","embeddable":true,"href":"https:\/\/www.aezuff.org\/extranet\/wp-json\/wp\/v2\/categories?post=1077"},{"taxonomy":"post_tag","embeddable":true,"href":"https:\/\/www.aezuff.org\/extranet\/wp-json\/wp\/v2\/tags?post=1077"}],"curies":[{"name":"wp","href":"https:\/\/api.w.org\/{rel}","templated":true}]}}