{"id":10895,"date":"2021-04-25T22:08:43","date_gmt":"2021-04-25T22:08:43","guid":{"rendered":"http:\/\/www.aezuff.org\/extranet\/?p=10895"},"modified":"2021-04-25T22:09:35","modified_gmt":"2021-04-25T22:09:35","slug":"painel-comemorativo-do-25-de-abril","status":"publish","type":"post","link":"https:\/\/www.aezuff.org\/extranet\/painel-comemorativo-do-25-de-abril\/","title":{"rendered":"&#8220;Painel comemorativo do 25 de Abril&#8221;"},"content":{"rendered":"<p><a href=\"http:\/\/www.aezuff.org\/extranet\/http:\/\/www.aezuff.org\/extranet\/wp-content\/uploads\/2012\/10\/\/2021\/03\/Painel25Abril.jpg\"><img decoding=\"async\" loading=\"lazy\" class=\"size-medium wp-image-10810 alignleft\" src=\"http:\/\/www.aezuff.org\/extranet\/http:\/\/www.aezuff.org\/extranet\/wp-content\/uploads\/2012\/10\/\/2021\/03\/Painel25Abril-300x300.jpg\" alt=\"\" width=\"300\" height=\"300\" srcset=\"https:\/\/www.aezuff.org\/extranet\/http:\/\/www.aezuff.org\/extranet\/wp-content\/uploads\/2012\/10\/2021\/03\/Painel25Abril-300x300.jpg 300w, https:\/\/www.aezuff.org\/extranet\/http:\/\/www.aezuff.org\/extranet\/wp-content\/uploads\/2012\/10\/2021\/03\/Painel25Abril-150x150.jpg 150w, https:\/\/www.aezuff.org\/extranet\/http:\/\/www.aezuff.org\/extranet\/wp-content\/uploads\/2012\/10\/2021\/03\/Painel25Abril-768x768.jpg 768w, https:\/\/www.aezuff.org\/extranet\/http:\/\/www.aezuff.org\/extranet\/wp-content\/uploads\/2012\/10\/2021\/03\/Painel25Abril-1024x1024.jpg 1024w, https:\/\/www.aezuff.org\/extranet\/http:\/\/www.aezuff.org\/extranet\/wp-content\/uploads\/2012\/10\/2021\/03\/Painel25Abril-160x160.jpg 160w, https:\/\/www.aezuff.org\/extranet\/http:\/\/www.aezuff.org\/extranet\/wp-content\/uploads\/2012\/10\/2021\/03\/Painel25Abril-320x320.jpg 320w, https:\/\/www.aezuff.org\/extranet\/http:\/\/www.aezuff.org\/extranet\/wp-content\/uploads\/2012\/10\/2021\/03\/Painel25Abril.jpg 1512w\" sizes=\"(max-width: 300px) 100vw, 300px\" \/><\/a>Na sequ\u00eancia da candidatura do nosso Agrupamento ao Projeto &#8220;<span class=\"il\">Painel<\/span>\u00a0comemorativo do\u00a0<span class=\"il\">25<\/span>\u00a0de\u00a0<span class=\"il\">Abril<\/span>&#8220;, promovido pela FENPROF, A25A e FBAUL, os alunos Alfredo Marcelo, Andr\u00e9 Sim\u00f5es, Iara Matos, Mariana Loureiro e Ir\u00eds Sim\u00f5es do 7.\u00ba C\u00a0orientados pelos professores Carlos Mo\u00e7o e S\u00e9rgio Nogueira realizaram um\u00a0<span class=\"il\">painel<\/span>\u00a0de azulejos a partir do tema &#8220;Cravo de\u00a0<span class=\"il\">Abril<\/span>&#8220;. Este trabalho seguir\u00e1 para o Museu da Liberdade, em Peniche, para se juntar a outros mais, realizados por outras crian\u00e7as de escolas do pa\u00eds, dando forma a um\u00a0<span class=\"il\">painel<\/span>\u00a0coletivo que ser\u00e1 fixado numa das fachadas do museu. Com esta contribui\u00e7\u00e3o, estes alunos da Escola EB 2,3 Dr. Jo\u00e3o de Barros,\u00a0deixar\u00e3o a sua marca criativa para a afirma\u00e7\u00e3o da liberdade que se celebra em\u00a0<span class=\"il\">Abril<\/span>.<\/p>\n<p>O\u00a0Prof. Coordenador Grupo Disciplinar EV\/ET, S\u00e9rgio Nogueira<\/p>\n<span class=\"synved-social-container synved-social-container-follow\"><a class=\"synved-social-button synved-social-button-follow synved-social-size-24 synved-social-resolution-single synved-social-provider-facebook nolightbox\" data-provider=\"facebook\" target=\"_blank\" rel=\"nofollow\" title=\"Siga-nos no Facebook\" href=\"https:\/\/www.facebook.com\/pages\/Agrupamento-de-Escolas-da-Zona-Urbana-da-Figueira-da-Foz\/112980278714783\" style=\"font-size: 0px; width:24px;height:24px;margin:0;margin-bottom:5px;margin-right:5px;\"><img alt=\"Facebook\" title=\"Siga-nos no Facebook\" class=\"synved-share-image synved-social-image synved-social-image-follow\" width=\"24\" height=\"24\" style=\"display: inline; width:24px;height:24px; margin: 0; padding: 0; border: none; box-shadow: none;\" src=\"https:\/\/www.aezuff.org\/extranet\/wp-content\/plugins\/social-media-feather\/synved-social\/addons\/extra-icons\/image\/social\/flag\/48x48\/facebook.png\" \/><\/a><a class=\"synved-social-button synved-social-button-follow synved-social-size-24 synved-social-resolution-single synved-social-provider-twitter nolightbox\" data-provider=\"twitter\" target=\"_blank\" rel=\"nofollow\" title=\"Siga-nos no Twitter\" href=\"https:\/\/twitter.com\/aezuff\" style=\"font-size: 0px; width:24px;height:24px;margin:0;margin-bottom:5px;margin-right:5px;\"><img alt=\"twitter\" title=\"Siga-nos no Twitter\" class=\"synved-share-image synved-social-image synved-social-image-follow\" width=\"24\" height=\"24\" style=\"display: inline; width:24px;height:24px; margin: 0; padding: 0; border: none; box-shadow: none;\" src=\"https:\/\/www.aezuff.org\/extranet\/wp-content\/plugins\/social-media-feather\/synved-social\/addons\/extra-icons\/image\/social\/flag\/48x48\/twitter.png\" \/><\/a><a class=\"synved-social-button synved-social-button-follow synved-social-size-24 synved-social-resolution-single synved-social-provider-youtube nolightbox\" data-provider=\"youtube\" target=\"_blank\" rel=\"nofollow\" title=\"Subscreva-nos no YouTube\" href=\"http:\/\/www.youtube.com\/user\/actividadeseb23jb\" style=\"font-size: 0px; width:24px;height:24px;margin:0;margin-bottom:5px;\"><img alt=\"youtube\" title=\"Subscreva-nos no YouTube\" class=\"synved-share-image synved-social-image synved-social-image-follow\" width=\"24\" height=\"24\" style=\"display: inline; width:24px;height:24px; margin: 0; padding: 0; border: none; box-shadow: none;\" src=\"https:\/\/www.aezuff.org\/extranet\/wp-content\/plugins\/social-media-feather\/synved-social\/addons\/extra-icons\/image\/social\/flag\/48x48\/youtube.png\" \/><\/a><a class=\"synved-social-credit\" target=\"_blank\" rel=\"nofollow\" title=\"WordPress Social Media Feather\" href=\"http:\/\/synved.com\/wordpress-social-media-feather\/\" style=\"color:#444; text-decoration:none; font-size:8px; margin-left:5px;vertical-align:10px;white-space:nowrap;\"><span>by <\/span><img style=\"display: inline;margin:0;padding:0;width:16px;height:16px;\" width=\"16\" height=\"16\" alt=\"feather\" src=\"https:\/\/www.aezuff.org\/extranet\/wp-content\/plugins\/social-media-feather\/synved-social\/image\/icon.png\" \/><\/a><\/span>","protected":false},"excerpt":{"rendered":"<p>Na sequ\u00eancia da candidatura do nosso Agrupamento ao Projeto &#8220;Painel\u00a0comemorativo do\u00a025\u00a0de\u00a0Abril&#8220;, promovido pela FENPROF, A25A e FBAUL, os alunos Alfredo Marcelo, Andr\u00e9 Sim\u00f5es, Iara Matos, Mariana Loureiro e Ir\u00eds Sim\u00f5es do 7.\u00ba C\u00a0orientados pelos&#46;&#46;&#46;<\/p>\n","protected":false},"author":1,"featured_media":10810,"comment_status":"closed","ping_status":"open","sticky":false,"template":"","format":"standard","meta":{"footnotes":""},"categories":[1],"tags":[],"_links":{"self":[{"href":"https:\/\/www.aezuff.org\/extranet\/wp-json\/wp\/v2\/posts\/10895"}],"collection":[{"href":"https:\/\/www.aezuff.org\/extranet\/wp-json\/wp\/v2\/posts"}],"about":[{"href":"https:\/\/www.aezuff.org\/extranet\/wp-json\/wp\/v2\/types\/post"}],"author":[{"embeddable":true,"href":"https:\/\/www.aezuff.org\/extranet\/wp-json\/wp\/v2\/users\/1"}],"replies":[{"embeddable":true,"href":"https:\/\/www.aezuff.org\/extranet\/wp-json\/wp\/v2\/comments?post=10895"}],"version-history":[{"count":1,"href":"https:\/\/www.aezuff.org\/extranet\/wp-json\/wp\/v2\/posts\/10895\/revisions"}],"predecessor-version":[{"id":10898,"href":"https:\/\/www.aezuff.org\/extranet\/wp-json\/wp\/v2\/posts\/10895\/revisions\/10898"}],"wp:featuredmedia":[{"embeddable":true,"href":"https:\/\/www.aezuff.org\/extranet\/wp-json\/wp\/v2\/media\/10810"}],"wp:attachment":[{"href":"https:\/\/www.aezuff.org\/extranet\/wp-json\/wp\/v2\/media?parent=10895"}],"wp:term":[{"taxonomy":"category","embeddable":true,"href":"https:\/\/www.aezuff.org\/extranet\/wp-json\/wp\/v2\/categories?post=10895"},{"taxonomy":"post_tag","embeddable":true,"href":"https:\/\/www.aezuff.org\/extranet\/wp-json\/wp\/v2\/tags?post=10895"}],"curies":[{"name":"wp","href":"https:\/\/api.w.org\/{rel}","templated":true}]}}