{"id":10976,"date":"2021-05-28T15:45:35","date_gmt":"2021-05-28T15:45:35","guid":{"rendered":"http:\/\/www.aezuff.org\/extranet\/?p=10976"},"modified":"2021-05-28T15:45:35","modified_gmt":"2021-05-28T15:45:35","slug":"provas-de-afericao-2-oano-8-o-ano","status":"publish","type":"post","link":"https:\/\/www.aezuff.org\/extranet\/provas-de-afericao-2-oano-8-o-ano\/","title":{"rendered":"Provas de Aferi\u00e7\u00e3o &#8211; 2.\u00baano, 8.\u00ba ano"},"content":{"rendered":"<p style=\"text-align: center;\"><strong><a href=\"http:\/\/www.aezuff.org\/extranet\/http:\/\/www.aezuff.org\/extranet\/wp-content\/uploads\/2012\/10\/\/2021\/05\/provas-de-afericao-2021.jpg\"><img decoding=\"async\" loading=\"lazy\" class=\"aligncenter size-medium wp-image-10977\" src=\"http:\/\/www.aezuff.org\/extranet\/http:\/\/www.aezuff.org\/extranet\/wp-content\/uploads\/2012\/10\/\/2021\/05\/provas-de-afericao-2021-300x222.jpg\" alt=\"\" width=\"300\" height=\"222\" srcset=\"https:\/\/www.aezuff.org\/extranet\/http:\/\/www.aezuff.org\/extranet\/wp-content\/uploads\/2012\/10\/2021\/05\/provas-de-afericao-2021-300x222.jpg 300w, https:\/\/www.aezuff.org\/extranet\/http:\/\/www.aezuff.org\/extranet\/wp-content\/uploads\/2012\/10\/2021\/05\/provas-de-afericao-2021-768x569.jpg 768w, https:\/\/www.aezuff.org\/extranet\/http:\/\/www.aezuff.org\/extranet\/wp-content\/uploads\/2012\/10\/2021\/05\/provas-de-afericao-2021.jpg 1024w\" sizes=\"(max-width: 300px) 100vw, 300px\" \/><\/a>INFORMA\u00c7\u00c3O \u2013 2020\/2021<\/strong><\/p>\n<p><strong>ASSUNTO: Participa\u00e7\u00e3o no Estudo Amostral de Aferi\u00e7\u00e3o das Aprendizagens \u2013\u00a0 2.\u00ba e 8.\u00ba ano<\/strong><\/p>\n<p>Os alunos do\u00a0<strong><u>2.\u00ba, 5.\u00ba e 8.\u00ba anos,<\/u><\/strong>\u00a0v\u00e3o realizar uma prova de aferi\u00e7\u00e3o de aprendizagens.<\/p>\n<p>Esta participa\u00e7\u00e3o insere-se num\u00a0<strong>estudo amostral<\/strong>\u00a0realizado apenas em algumas escolas do pa\u00eds. Pretende-se recolher informa\u00e7\u00e3o sobre as aprendizagens dos alunos no final do presente ano letivo e contribuir para o processo de recupera\u00e7\u00e3o das aprendizagens dos mesmos.<\/p>\n<p>No nosso Agrupamento foram selecionadas 2 escolas para realizar estas provas, a Escola EB1 do Viso (2.\u00ba ano) e a Escola Dr Jo\u00e3o de Barros (8.\u00ba ano)<\/p>\n<p><strong><u>Provas de Aferi\u00e7\u00e3o (2021)<\/u><\/strong><br \/>\nNo\u00a0<strong>2.\u00ba ano do 1.\u00ba ciclo<\/strong>\u00a0do Ensino B\u00e1sico realizam-se as seguintes provas:<br \/>\n\u2013 portugu\u00eas e estudo do meio (25),<br \/>\n\u2013 matem\u00e1tica e estudo do meio (26).<\/p>\n<p>No\u00a0<strong>8.\u00ba ano do 3.\u00ba ciclo<\/strong>\u00a0do Ensino B\u00e1sico realizam-se as seguintes provas:<br \/>\n\u2013 matem\u00e1tica (86),<\/p>\n<p>\u2013 ingl\u00eas (81).<\/p>\n<p>O calend\u00e1rio ser\u00e1 o que estava previsto para as Provas de Aferi\u00e7\u00e3o.<\/p>\n<p style=\"text-align: center;\"><span style=\"color: #339966;\"><strong>8.\u00ba ANO \u2013 2020 \/ 2021<\/strong><\/span><\/p>\n<table>\n<tbody>\n<tr>\n<td width=\"192\">\n<p style=\"text-align: center;\"><strong>Hora<\/strong><\/p>\n<\/td>\n<td style=\"text-align: center;\" width=\"192\"><strong>Dia<\/strong><\/td>\n<td width=\"192\">\n<p style=\"text-align: center;\"><strong>Disciplina (c\u00f3digo)<\/strong><\/p>\n<\/td>\n<\/tr>\n<tr>\n<td width=\"192\">\n<p style=\"text-align: center;\"><strong>9.30<\/strong><\/p>\n<\/td>\n<td style=\"text-align: center;\" width=\"192\"><strong>14 de junho \u2013 2.\u00aa feira<\/strong><\/td>\n<td style=\"text-align: center;\" width=\"192\"><strong>Matem\u00e1tica (86)<\/strong><\/td>\n<\/tr>\n<tr>\n<td style=\"text-align: center;\" width=\"192\"><strong>9.30<\/strong><\/td>\n<td style=\"text-align: center;\" width=\"192\"><strong>16 de junho \u2013 4.\u00aa feira<\/strong><\/td>\n<td width=\"192\">\n<p style=\"text-align: center;\"><strong>Ingl\u00eas (86)<\/strong><\/p>\n<\/td>\n<\/tr>\n<\/tbody>\n<\/table>\n<p style=\"text-align: center;\"><span style=\"color: #339966;\"><strong>2.\u00ba ANO \u2013 2020 \/ 2021<\/strong><\/span><\/p>\n<table>\n<tbody>\n<tr>\n<td width=\"192\">\n<p style=\"text-align: center;\"><strong>Hora<\/strong><\/p>\n<\/td>\n<td style=\"text-align: center;\" width=\"192\"><strong>Dia<\/strong><\/td>\n<td width=\"192\">\n<p style=\"text-align: center;\"><strong>Disciplina (c\u00f3digo)<\/strong><\/p>\n<\/td>\n<\/tr>\n<tr>\n<td width=\"192\">\n<p style=\"text-align: center;\"><strong>10.00<\/strong><\/p>\n<\/td>\n<td style=\"text-align: center;\" width=\"192\"><strong>18 de junho \u2013 6.\u00aa feira<\/strong><\/td>\n<td style=\"text-align: center;\" width=\"192\"><strong>Portugu\u00eas e Estudo do Meio (25)<\/strong><\/td>\n<\/tr>\n<tr>\n<td style=\"text-align: center;\" width=\"192\"><strong>10.00<\/strong><\/td>\n<td style=\"text-align: center;\" width=\"192\"><strong>21 de junho \u2013 2.\u00aa feira<\/strong><\/td>\n<td width=\"192\">\n<p style=\"text-align: center;\"><strong>Matem\u00e1tica e Estudo do Meio (86)<\/strong><\/p>\n<\/td>\n<\/tr>\n<\/tbody>\n<\/table>\n<p>Em breve ser\u00e3o divulgadas mais informa\u00e7\u00f5es sobre o funcionamento das escolas, nas datas referidas, para os restantes anos de escolaridade.<\/p>\n<p>O Diretor, Jos\u00e9 Manuel Pinto Castanho<\/p>\n<span class=\"synved-social-container synved-social-container-follow\"><a class=\"synved-social-button synved-social-button-follow synved-social-size-24 synved-social-resolution-single synved-social-provider-facebook nolightbox\" data-provider=\"facebook\" target=\"_blank\" rel=\"nofollow\" title=\"Siga-nos no Facebook\" href=\"https:\/\/www.facebook.com\/pages\/Agrupamento-de-Escolas-da-Zona-Urbana-da-Figueira-da-Foz\/112980278714783\" style=\"font-size: 0px; width:24px;height:24px;margin:0;margin-bottom:5px;margin-right:5px;\"><img alt=\"Facebook\" title=\"Siga-nos no Facebook\" class=\"synved-share-image synved-social-image synved-social-image-follow\" width=\"24\" height=\"24\" style=\"display: inline; width:24px;height:24px; margin: 0; padding: 0; border: none; box-shadow: none;\" src=\"https:\/\/www.aezuff.org\/extranet\/wp-content\/plugins\/social-media-feather\/synved-social\/addons\/extra-icons\/image\/social\/flag\/48x48\/facebook.png\" \/><\/a><a class=\"synved-social-button synved-social-button-follow synved-social-size-24 synved-social-resolution-single synved-social-provider-twitter nolightbox\" data-provider=\"twitter\" target=\"_blank\" rel=\"nofollow\" title=\"Siga-nos no Twitter\" href=\"https:\/\/twitter.com\/aezuff\" style=\"font-size: 0px; width:24px;height:24px;margin:0;margin-bottom:5px;margin-right:5px;\"><img alt=\"twitter\" title=\"Siga-nos no Twitter\" class=\"synved-share-image synved-social-image synved-social-image-follow\" width=\"24\" height=\"24\" style=\"display: inline; width:24px;height:24px; margin: 0; padding: 0; border: none; box-shadow: none;\" src=\"https:\/\/www.aezuff.org\/extranet\/wp-content\/plugins\/social-media-feather\/synved-social\/addons\/extra-icons\/image\/social\/flag\/48x48\/twitter.png\" \/><\/a><a class=\"synved-social-button synved-social-button-follow synved-social-size-24 synved-social-resolution-single synved-social-provider-youtube nolightbox\" data-provider=\"youtube\" target=\"_blank\" rel=\"nofollow\" title=\"Subscreva-nos no YouTube\" href=\"http:\/\/www.youtube.com\/user\/actividadeseb23jb\" style=\"font-size: 0px; width:24px;height:24px;margin:0;margin-bottom:5px;\"><img alt=\"youtube\" title=\"Subscreva-nos no YouTube\" class=\"synved-share-image synved-social-image synved-social-image-follow\" width=\"24\" height=\"24\" style=\"display: inline; width:24px;height:24px; margin: 0; padding: 0; border: none; box-shadow: none;\" src=\"https:\/\/www.aezuff.org\/extranet\/wp-content\/plugins\/social-media-feather\/synved-social\/addons\/extra-icons\/image\/social\/flag\/48x48\/youtube.png\" \/><\/a><a class=\"synved-social-credit\" target=\"_blank\" rel=\"nofollow\" title=\"WordPress Social Media Feather\" href=\"http:\/\/synved.com\/wordpress-social-media-feather\/\" style=\"color:#444; text-decoration:none; font-size:8px; margin-left:5px;vertical-align:10px;white-space:nowrap;\"><span>by <\/span><img style=\"display: inline;margin:0;padding:0;width:16px;height:16px;\" width=\"16\" height=\"16\" alt=\"feather\" src=\"https:\/\/www.aezuff.org\/extranet\/wp-content\/plugins\/social-media-feather\/synved-social\/image\/icon.png\" \/><\/a><\/span>","protected":false},"excerpt":{"rendered":"<p>INFORMA\u00c7\u00c3O \u2013 2020\/2021 ASSUNTO: Participa\u00e7\u00e3o no Estudo Amostral de Aferi\u00e7\u00e3o das Aprendizagens \u2013\u00a0 2.\u00ba e 8.\u00ba ano Os alunos do\u00a02.\u00ba, 5.\u00ba e 8.\u00ba anos,\u00a0v\u00e3o realizar uma prova de aferi\u00e7\u00e3o de aprendizagens. Esta participa\u00e7\u00e3o insere-se&#46;&#46;&#46;<\/p>\n","protected":false},"author":1,"featured_media":10977,"comment_status":"closed","ping_status":"open","sticky":false,"template":"","format":"standard","meta":{"footnotes":""},"categories":[1],"tags":[],"_links":{"self":[{"href":"https:\/\/www.aezuff.org\/extranet\/wp-json\/wp\/v2\/posts\/10976"}],"collection":[{"href":"https:\/\/www.aezuff.org\/extranet\/wp-json\/wp\/v2\/posts"}],"about":[{"href":"https:\/\/www.aezuff.org\/extranet\/wp-json\/wp\/v2\/types\/post"}],"author":[{"embeddable":true,"href":"https:\/\/www.aezuff.org\/extranet\/wp-json\/wp\/v2\/users\/1"}],"replies":[{"embeddable":true,"href":"https:\/\/www.aezuff.org\/extranet\/wp-json\/wp\/v2\/comments?post=10976"}],"version-history":[{"count":1,"href":"https:\/\/www.aezuff.org\/extranet\/wp-json\/wp\/v2\/posts\/10976\/revisions"}],"predecessor-version":[{"id":10978,"href":"https:\/\/www.aezuff.org\/extranet\/wp-json\/wp\/v2\/posts\/10976\/revisions\/10978"}],"wp:featuredmedia":[{"embeddable":true,"href":"https:\/\/www.aezuff.org\/extranet\/wp-json\/wp\/v2\/media\/10977"}],"wp:attachment":[{"href":"https:\/\/www.aezuff.org\/extranet\/wp-json\/wp\/v2\/media?parent=10976"}],"wp:term":[{"taxonomy":"category","embeddable":true,"href":"https:\/\/www.aezuff.org\/extranet\/wp-json\/wp\/v2\/categories?post=10976"},{"taxonomy":"post_tag","embeddable":true,"href":"https:\/\/www.aezuff.org\/extranet\/wp-json\/wp\/v2\/tags?post=10976"}],"curies":[{"name":"wp","href":"https:\/\/api.w.org\/{rel}","templated":true}]}}