{"id":1104,"date":"2012-10-29T10:15:11","date_gmt":"2012-10-29T10:15:11","guid":{"rendered":"http:\/\/www.aezuff.org\/extranet\/?p=1104"},"modified":"2012-10-29T10:18:27","modified_gmt":"2012-10-29T10:18:27","slug":"1104","status":"publish","type":"post","link":"https:\/\/www.aezuff.org\/extranet\/1104\/","title":{"rendered":"Escola de Abadias &#8211; Projeto Comenius: &#8220;The Water Around Us&#8221;"},"content":{"rendered":"<h4 style=\"text-align: justify;\"><a href=\"http:\/\/www.aezuff.org\/extranet\/wp-content\/uploads\/2011\/11\/kaunas.jpg\"><img decoding=\"async\" loading=\"lazy\" class=\" wp-image-1090 alignleft\" title=\"kaunas\" src=\"http:\/\/www.aezuff.org\/extranet\/wp-content\/uploads\/2011\/11\/kaunas-279x300.jpg\" alt=\"\" width=\"195\" height=\"210\" srcset=\"https:\/\/www.aezuff.org\/extranet\/http:\/\/www.aezuff.org\/extranet\/wp-content\/uploads\/2012\/10\/2011\/11\/kaunas-279x300.jpg 279w, https:\/\/www.aezuff.org\/extranet\/http:\/\/www.aezuff.org\/extranet\/wp-content\/uploads\/2012\/10\/2011\/11\/kaunas.jpg 351w\" sizes=\"(max-width: 195px) 100vw, 195px\" \/><\/a><span style=\"color: #333333;\">No \u00e2mbito do\u00a0Programa\u00a0Europeu Comenius,\u00a0a Escola EB1 de Abadias participa desde o ano letivo 2011\/12 numa parceria de aprendizagem subordinada ao tema \u00abThe water around us\u00bb. Esta parceria envolve escolas do ensino b\u00e1sico de Fran\u00e7a (Collorgues), de Inglaterra (Norwich), da Pol\u00f3nia (Somonino), da Litu\u00e2nia (Kaunas) e da Gr\u00e9cia (Vlachata, Kefallonia).<\/span><\/h4>\n<h4 style=\"text-align: justify;\"><span style=\"color: #333333;\">Ao longo dos dois anos do projeto realizam-se atividades comuns relacionadas ao tema, com partilha de materiais, que possibilitam um conhecimento da realidade de cada regi\u00e3o, bem como das l\u00ednguas e culturas. Neste momento a parceria trabalha hist\u00f3rias tradicionais relacionadas com a \u00e1gua, que ser\u00e3o partilhadas e exploradas pelos alunos de todas as escolas envolvidas.<\/span><\/h4>\n<h4 style=\"text-align: justify;\"><span style=\"color: #333333;\">Das atividades previstas para este ano salientam-se ainda a partilha de receitas da gastronomia local e a constru\u00e7\u00e3o de um dicion\u00e1rio ilustrado de palavras das diferentes l\u00ednguas.<\/span><\/h4>\n<h4 style=\"text-align: justify;\"><span style=\"color: #333333;\">Para prepara\u00e7\u00e3o e coordena\u00e7\u00e3o das v\u00e1rias atividades e para um conhecimento mais profundo das realidades de cada pa\u00eds, o projeto prev\u00ea a desloca\u00e7\u00e3o de docentes e alunos aos v\u00e1rios pa\u00edses parceiros.<\/span><\/h4>\n<h4 style=\"text-align: justify;\"><span style=\"color: #333333;\">\u00c9 neste contexto que de 16 a 21de Outubro deslocar-se-\u00e3o professores da Escola EB1 de Abadias \u00e0 Litu\u00e2nia para conhecerem a escola parceira e o meio em que est\u00e1 inserida. Neste encontra pretende-se discutir e avaliar o trabalho j\u00e1 desenvolvido e, programar os pr\u00f3ximos meses.<\/span><\/h4>\n<h4 style=\"text-align: justify;\"><span style=\"color: #333333;\">Ainda este m\u00eas de 25 a 28 de Outubro a nossa escola ter\u00e1 o grato prazer de receber um grupo de alunos e professores da escola inglesa.<\/span><\/h4>\n<h4 style=\"text-align: justify;\"><span style=\"color: #333333;\">\u00a0<\/span><\/h4>\n<span class=\"synved-social-container synved-social-container-follow\"><a class=\"synved-social-button synved-social-button-follow synved-social-size-24 synved-social-resolution-single synved-social-provider-facebook nolightbox\" data-provider=\"facebook\" target=\"_blank\" rel=\"nofollow\" title=\"Siga-nos no Facebook\" href=\"https:\/\/www.facebook.com\/pages\/Agrupamento-de-Escolas-da-Zona-Urbana-da-Figueira-da-Foz\/112980278714783\" style=\"font-size: 0px; width:24px;height:24px;margin:0;margin-bottom:5px;margin-right:5px;\"><img alt=\"Facebook\" title=\"Siga-nos no Facebook\" class=\"synved-share-image synved-social-image synved-social-image-follow\" width=\"24\" height=\"24\" style=\"display: inline; width:24px;height:24px; margin: 0; padding: 0; border: none; box-shadow: none;\" src=\"https:\/\/www.aezuff.org\/extranet\/wp-content\/plugins\/social-media-feather\/synved-social\/addons\/extra-icons\/image\/social\/flag\/48x48\/facebook.png\" \/><\/a><a class=\"synved-social-button synved-social-button-follow synved-social-size-24 synved-social-resolution-single synved-social-provider-twitter nolightbox\" data-provider=\"twitter\" target=\"_blank\" rel=\"nofollow\" title=\"Siga-nos no Twitter\" href=\"https:\/\/twitter.com\/aezuff\" style=\"font-size: 0px; width:24px;height:24px;margin:0;margin-bottom:5px;margin-right:5px;\"><img alt=\"twitter\" title=\"Siga-nos no Twitter\" class=\"synved-share-image synved-social-image synved-social-image-follow\" width=\"24\" height=\"24\" style=\"display: inline; width:24px;height:24px; margin: 0; padding: 0; border: none; box-shadow: none;\" src=\"https:\/\/www.aezuff.org\/extranet\/wp-content\/plugins\/social-media-feather\/synved-social\/addons\/extra-icons\/image\/social\/flag\/48x48\/twitter.png\" \/><\/a><a class=\"synved-social-button synved-social-button-follow synved-social-size-24 synved-social-resolution-single synved-social-provider-youtube nolightbox\" data-provider=\"youtube\" target=\"_blank\" rel=\"nofollow\" title=\"Subscreva-nos no YouTube\" href=\"http:\/\/www.youtube.com\/user\/actividadeseb23jb\" style=\"font-size: 0px; width:24px;height:24px;margin:0;margin-bottom:5px;\"><img alt=\"youtube\" title=\"Subscreva-nos no YouTube\" class=\"synved-share-image synved-social-image synved-social-image-follow\" width=\"24\" height=\"24\" style=\"display: inline; width:24px;height:24px; margin: 0; padding: 0; border: none; box-shadow: none;\" src=\"https:\/\/www.aezuff.org\/extranet\/wp-content\/plugins\/social-media-feather\/synved-social\/addons\/extra-icons\/image\/social\/flag\/48x48\/youtube.png\" \/><\/a><a class=\"synved-social-credit\" target=\"_blank\" rel=\"nofollow\" title=\"WordPress Social Media Feather\" href=\"http:\/\/synved.com\/wordpress-social-media-feather\/\" style=\"color:#444; text-decoration:none; font-size:8px; margin-left:5px;vertical-align:10px;white-space:nowrap;\"><span>by <\/span><img style=\"display: inline;margin:0;padding:0;width:16px;height:16px;\" width=\"16\" height=\"16\" alt=\"feather\" src=\"https:\/\/www.aezuff.org\/extranet\/wp-content\/plugins\/social-media-feather\/synved-social\/image\/icon.png\" \/><\/a><\/span>","protected":false},"excerpt":{"rendered":"<p>No \u00e2mbito do\u00a0Programa\u00a0Europeu Comenius,\u00a0a Escola EB1 de Abadias participa desde o ano letivo 2011\/12 numa parceria de aprendizagem subordinada ao tema \u00abThe water around us\u00bb. Esta parceria envolve escolas do ensino b\u00e1sico de Fran\u00e7a&#46;&#46;&#46;<\/p>\n","protected":false},"author":1,"featured_media":0,"comment_status":"closed","ping_status":"closed","sticky":false,"template":"","format":"standard","meta":{"footnotes":""},"categories":[1],"tags":[9,49],"_links":{"self":[{"href":"https:\/\/www.aezuff.org\/extranet\/wp-json\/wp\/v2\/posts\/1104"}],"collection":[{"href":"https:\/\/www.aezuff.org\/extranet\/wp-json\/wp\/v2\/posts"}],"about":[{"href":"https:\/\/www.aezuff.org\/extranet\/wp-json\/wp\/v2\/types\/post"}],"author":[{"embeddable":true,"href":"https:\/\/www.aezuff.org\/extranet\/wp-json\/wp\/v2\/users\/1"}],"replies":[{"embeddable":true,"href":"https:\/\/www.aezuff.org\/extranet\/wp-json\/wp\/v2\/comments?post=1104"}],"version-history":[{"count":6,"href":"https:\/\/www.aezuff.org\/extranet\/wp-json\/wp\/v2\/posts\/1104\/revisions"}],"predecessor-version":[{"id":1110,"href":"https:\/\/www.aezuff.org\/extranet\/wp-json\/wp\/v2\/posts\/1104\/revisions\/1110"}],"wp:attachment":[{"href":"https:\/\/www.aezuff.org\/extranet\/wp-json\/wp\/v2\/media?parent=1104"}],"wp:term":[{"taxonomy":"category","embeddable":true,"href":"https:\/\/www.aezuff.org\/extranet\/wp-json\/wp\/v2\/categories?post=1104"},{"taxonomy":"post_tag","embeddable":true,"href":"https:\/\/www.aezuff.org\/extranet\/wp-json\/wp\/v2\/tags?post=1104"}],"curies":[{"name":"wp","href":"https:\/\/api.w.org\/{rel}","templated":true}]}}