{"id":11044,"date":"2021-06-29T22:57:31","date_gmt":"2021-06-29T22:57:31","guid":{"rendered":"https:\/\/www.aezuff.org\/extranet\/?p=11044"},"modified":"2021-06-29T22:57:33","modified_gmt":"2021-06-29T22:57:33","slug":"clube-de-empreendedorismo-do-aezuff-visita-empresa-armindo-freitas-carregado","status":"publish","type":"post","link":"https:\/\/www.aezuff.org\/extranet\/clube-de-empreendedorismo-do-aezuff-visita-empresa-armindo-freitas-carregado\/","title":{"rendered":"Clube de Empreendedorismo do AEZUFF visita Empresa Armindo Freitas Carregado"},"content":{"rendered":"\n<p>Alunos e Professoras do Clube de Empreendedorismo do AEZUFF visitaram a empresa portuguesa\u00a0Armindo\u00a0Freitas Carregado, em Soure,\u00a0que se dedica \u00e0 cria\u00e7\u00e3o, fabrico e comercializa\u00e7\u00e3o de gamas de produtos para jardim, praia e campismo. Os produtos criados no centro de desenvolvimento da unidade e fabricados, maioritariamente, com mat\u00e9ria prima nacional, s\u00e3o apresentados ao consumidor enquanto duas marcas distintas:\u00a0Saurium\u00a0\u00e9 a marca distintiva para a linha de praia e campismo e\u00a0a\u00a0Id\u00e9e\u00a0Garden\u00a0engloba os produtos para jardim e decora\u00e7\u00e3o interior. Tivemos, ainda, oportunidade de conhecer a MMPet,\u00a0Lda., que surgiu em 2014, quando foi identificada uma lacuna no mercado pet &#8211; a quase inexist\u00eancia de fabricantes nacionais de produtos de conforto e decora\u00e7\u00e3o para animais de estima\u00e7\u00e3o. A visita foi enquadrada no \u00e2mbito do Projeto \u00abAgarrAmbiente\u00a0&#8211; Agarra com Garra o\u00a0Teu\u00a0Ambiente\u00bb &#8211; uma din\u00e2mica que estimula a economia circular dos materiais, cultiva uma profunda consci\u00eancia ambiental no combate ao ecoc\u00eddio e pretende contribuir para a diminui\u00e7\u00e3o da pegada ecol\u00f3gica.<br \/>Fomos recebidos em ambas as Empresas de forma \u00edmpar e todos os conhecimentos recebidos sobre o ciclo dos materiais utilizados, muniram-nos de\u00a0mais e melhores informa\u00e7\u00f5es que sustentam o desenvolvimento do nosso projeto AgarrAmbiente. Deixamos um profundo\u00a0agradecimento\u00a0ao Sr. Armindo e \u00e0 sua Fam\u00edlia t\u00e3o especial!<\/p>\n\n\n\n<p>As professoras, Bela Matos e Ad\u00e9lia Henriques<\/p>\n\n\n\n<figure class=\"wp-block-gallery columns-1 is-cropped wp-block-gallery-1 is-layout-flex wp-block-gallery-is-layout-flex\"><ul class=\"blocks-gallery-grid\"><li class=\"blocks-gallery-item\"><figure><img decoding=\"async\" loading=\"lazy\" width=\"1024\" height=\"576\" src=\"https:\/\/www.aezuff.org\/extranet\/http:\/\/www.aezuff.org\/extranet\/wp-content\/uploads\/2012\/10\/\/2021\/06\/Visita-Soure-1-1024x576.jpg\" alt=\"\" data-id=\"11045\" data-full-url=\"https:\/\/www.aezuff.org\/extranet\/http:\/\/www.aezuff.org\/extranet\/wp-content\/uploads\/2012\/10\/\/2021\/06\/Visita-Soure-1.jpg\" data-link=\"https:\/\/www.aezuff.org\/extranet\/?attachment_id=11045\" class=\"wp-image-11045\" srcset=\"https:\/\/www.aezuff.org\/extranet\/http:\/\/www.aezuff.org\/extranet\/wp-content\/uploads\/2012\/10\/2021\/06\/Visita-Soure-1-1024x576.jpg 1024w, https:\/\/www.aezuff.org\/extranet\/http:\/\/www.aezuff.org\/extranet\/wp-content\/uploads\/2012\/10\/2021\/06\/Visita-Soure-1-300x169.jpg 300w, https:\/\/www.aezuff.org\/extranet\/http:\/\/www.aezuff.org\/extranet\/wp-content\/uploads\/2012\/10\/2021\/06\/Visita-Soure-1-768x432.jpg 768w, https:\/\/www.aezuff.org\/extranet\/http:\/\/www.aezuff.org\/extranet\/wp-content\/uploads\/2012\/10\/2021\/06\/Visita-Soure-1-1536x864.jpg 1536w, https:\/\/www.aezuff.org\/extranet\/http:\/\/www.aezuff.org\/extranet\/wp-content\/uploads\/2012\/10\/2021\/06\/Visita-Soure-1.jpg 1920w\" sizes=\"(max-width: 1024px) 100vw, 1024px\" \/><\/figure><\/li><\/ul><\/figure>\n<span class=\"synved-social-container synved-social-container-follow\"><a class=\"synved-social-button synved-social-button-follow synved-social-size-24 synved-social-resolution-single synved-social-provider-facebook nolightbox\" data-provider=\"facebook\" target=\"_blank\" rel=\"nofollow\" title=\"Siga-nos no Facebook\" href=\"https:\/\/www.facebook.com\/pages\/Agrupamento-de-Escolas-da-Zona-Urbana-da-Figueira-da-Foz\/112980278714783\" style=\"font-size: 0px; width:24px;height:24px;margin:0;margin-bottom:5px;margin-right:5px;\"><img alt=\"Facebook\" title=\"Siga-nos no Facebook\" class=\"synved-share-image synved-social-image synved-social-image-follow\" width=\"24\" height=\"24\" style=\"display: inline; width:24px;height:24px; margin: 0; padding: 0; border: none; box-shadow: none;\" src=\"https:\/\/www.aezuff.org\/extranet\/wp-content\/plugins\/social-media-feather\/synved-social\/addons\/extra-icons\/image\/social\/flag\/48x48\/facebook.png\" \/><\/a><a class=\"synved-social-button synved-social-button-follow synved-social-size-24 synved-social-resolution-single synved-social-provider-twitter nolightbox\" data-provider=\"twitter\" target=\"_blank\" rel=\"nofollow\" title=\"Siga-nos no Twitter\" href=\"https:\/\/twitter.com\/aezuff\" style=\"font-size: 0px; width:24px;height:24px;margin:0;margin-bottom:5px;margin-right:5px;\"><img alt=\"twitter\" title=\"Siga-nos no Twitter\" class=\"synved-share-image synved-social-image synved-social-image-follow\" width=\"24\" height=\"24\" style=\"display: inline; width:24px;height:24px; margin: 0; padding: 0; border: none; box-shadow: none;\" src=\"https:\/\/www.aezuff.org\/extranet\/wp-content\/plugins\/social-media-feather\/synved-social\/addons\/extra-icons\/image\/social\/flag\/48x48\/twitter.png\" \/><\/a><a class=\"synved-social-button synved-social-button-follow synved-social-size-24 synved-social-resolution-single synved-social-provider-youtube nolightbox\" data-provider=\"youtube\" target=\"_blank\" rel=\"nofollow\" title=\"Subscreva-nos no YouTube\" href=\"http:\/\/www.youtube.com\/user\/actividadeseb23jb\" style=\"font-size: 0px; width:24px;height:24px;margin:0;margin-bottom:5px;\"><img alt=\"youtube\" title=\"Subscreva-nos no YouTube\" class=\"synved-share-image synved-social-image synved-social-image-follow\" width=\"24\" height=\"24\" style=\"display: inline; width:24px;height:24px; margin: 0; padding: 0; border: none; box-shadow: none;\" src=\"https:\/\/www.aezuff.org\/extranet\/wp-content\/plugins\/social-media-feather\/synved-social\/addons\/extra-icons\/image\/social\/flag\/48x48\/youtube.png\" \/><\/a><a class=\"synved-social-credit\" target=\"_blank\" rel=\"nofollow\" title=\"WordPress Social Media Feather\" href=\"http:\/\/synved.com\/wordpress-social-media-feather\/\" style=\"color:#444; text-decoration:none; font-size:8px; margin-left:5px;vertical-align:10px;white-space:nowrap;\"><span>by <\/span><img style=\"display: inline;margin:0;padding:0;width:16px;height:16px;\" width=\"16\" height=\"16\" alt=\"feather\" src=\"https:\/\/www.aezuff.org\/extranet\/wp-content\/plugins\/social-media-feather\/synved-social\/image\/icon.png\" \/><\/a><\/span>","protected":false},"excerpt":{"rendered":"<p>Alunos e Professoras do Clube de Empreendedorismo do AEZUFF visitaram a empresa portuguesa\u00a0Armindo\u00a0Freitas Carregado, em Soure,\u00a0que se dedica \u00e0 cria\u00e7\u00e3o, fabrico e comercializa\u00e7\u00e3o de gamas de produtos para jardim, praia e campismo. Os produtos&#46;&#46;&#46;<\/p>\n","protected":false},"author":1,"featured_media":11045,"comment_status":"closed","ping_status":"open","sticky":false,"template":"","format":"standard","meta":{"footnotes":""},"categories":[1],"tags":[],"_links":{"self":[{"href":"https:\/\/www.aezuff.org\/extranet\/wp-json\/wp\/v2\/posts\/11044"}],"collection":[{"href":"https:\/\/www.aezuff.org\/extranet\/wp-json\/wp\/v2\/posts"}],"about":[{"href":"https:\/\/www.aezuff.org\/extranet\/wp-json\/wp\/v2\/types\/post"}],"author":[{"embeddable":true,"href":"https:\/\/www.aezuff.org\/extranet\/wp-json\/wp\/v2\/users\/1"}],"replies":[{"embeddable":true,"href":"https:\/\/www.aezuff.org\/extranet\/wp-json\/wp\/v2\/comments?post=11044"}],"version-history":[{"count":1,"href":"https:\/\/www.aezuff.org\/extranet\/wp-json\/wp\/v2\/posts\/11044\/revisions"}],"predecessor-version":[{"id":11046,"href":"https:\/\/www.aezuff.org\/extranet\/wp-json\/wp\/v2\/posts\/11044\/revisions\/11046"}],"wp:featuredmedia":[{"embeddable":true,"href":"https:\/\/www.aezuff.org\/extranet\/wp-json\/wp\/v2\/media\/11045"}],"wp:attachment":[{"href":"https:\/\/www.aezuff.org\/extranet\/wp-json\/wp\/v2\/media?parent=11044"}],"wp:term":[{"taxonomy":"category","embeddable":true,"href":"https:\/\/www.aezuff.org\/extranet\/wp-json\/wp\/v2\/categories?post=11044"},{"taxonomy":"post_tag","embeddable":true,"href":"https:\/\/www.aezuff.org\/extranet\/wp-json\/wp\/v2\/tags?post=11044"}],"curies":[{"name":"wp","href":"https:\/\/api.w.org\/{rel}","templated":true}]}}