{"id":11049,"date":"2021-06-30T23:34:54","date_gmt":"2021-06-30T23:34:54","guid":{"rendered":"https:\/\/www.aezuff.org\/extranet\/?p=11049"},"modified":"2021-06-30T23:34:55","modified_gmt":"2021-06-30T23:34:55","slug":"s-joao-nas-abadias","status":"publish","type":"post","link":"https:\/\/www.aezuff.org\/extranet\/s-joao-nas-abadias\/","title":{"rendered":"S. Jo\u00e3o&#8230;nas Abadias!"},"content":{"rendered":"\n<p>EB de Abadias<\/p>\n\n\n\n<p>Santos Populares, que Alegria!<\/p>\n\n\n\n<p>M\u00fasica, marchas e muita cor, <\/p>\n\n\n\n<p>Brindaram a nossa escola<\/p>\n\n\n\n<p>Em todo o seu esplendor. <\/p>\n\n\n\n<p>Anima\u00e7\u00e3o n\u00e3o faltou e a comunidade escolar participou. <\/p>\n\n\n\n<p>Viva a nossa escola!<\/p>\n\n\n\n<p><a href=\"https:\/\/www.facebook.com\/hashtag\/eco?__eep__=6&amp;__cft__[0]=AZUfi4UB0AyqwyPsdj-kdkQ7fQDtZPk5--L1bThw39BqCru6ITJDXzBX9X2xkw8h4lCiQUSiYVoNtt2QXvXnoRUO4FuhJo3yWnHSge5pjzXM7UHXKCTBA2_RPM9J3Fxf99YjyV3hlHdzLOG7z1Zw85LeI23AHeyAnc99AnCbWQdS_bW2nyGR65sISb7ahsAYInM&amp;__tn__=*NK-R\">#Eco<\/a>-Escolas<\/p>\n\n\n\n<p><a href=\"https:\/\/www.facebook.com\/hashtag\/erasmus?__eep__=6&amp;__cft__[0]=AZUfi4UB0AyqwyPsdj-kdkQ7fQDtZPk5--L1bThw39BqCru6ITJDXzBX9X2xkw8h4lCiQUSiYVoNtt2QXvXnoRUO4FuhJo3yWnHSge5pjzXM7UHXKCTBA2_RPM9J3Fxf99YjyV3hlHdzLOG7z1Zw85LeI23AHeyAnc99AnCbWQdS_bW2nyGR65sISb7ahsAYInM&amp;__tn__=*NK-R\">#Erasmus<\/a><\/p>\n\n\n\n<p><a href=\"https:\/\/www.facebook.com\/hashtag\/escolaazul?__eep__=6&amp;__cft__[0]=AZUfi4UB0AyqwyPsdj-kdkQ7fQDtZPk5--L1bThw39BqCru6ITJDXzBX9X2xkw8h4lCiQUSiYVoNtt2QXvXnoRUO4FuhJo3yWnHSge5pjzXM7UHXKCTBA2_RPM9J3Fxf99YjyV3hlHdzLOG7z1Zw85LeI23AHeyAnc99AnCbWQdS_bW2nyGR65sISb7ahsAYInM&amp;__tn__=*NK-R\">#EscolaAzul<\/a><\/p>\n\n\n\n<figure class=\"wp-block-gallery columns-2 is-cropped wp-block-gallery-1 is-layout-flex wp-block-gallery-is-layout-flex\"><ul class=\"blocks-gallery-grid\"><li class=\"blocks-gallery-item\"><figure><img decoding=\"async\" loading=\"lazy\" width=\"1024\" height=\"576\" src=\"https:\/\/www.aezuff.org\/extranet\/http:\/\/www.aezuff.org\/extranet\/wp-content\/uploads\/2012\/10\/\/2021\/06\/Abadias_1-2-1024x576.jpg\" alt=\"\" data-id=\"11052\" data-full-url=\"https:\/\/www.aezuff.org\/extranet\/http:\/\/www.aezuff.org\/extranet\/wp-content\/uploads\/2012\/10\/\/2021\/06\/Abadias_1-2.jpg\" data-link=\"https:\/\/www.aezuff.org\/extranet\/?attachment_id=11052\" class=\"wp-image-11052\" srcset=\"https:\/\/www.aezuff.org\/extranet\/http:\/\/www.aezuff.org\/extranet\/wp-content\/uploads\/2012\/10\/2021\/06\/Abadias_1-2-1024x576.jpg 1024w, https:\/\/www.aezuff.org\/extranet\/http:\/\/www.aezuff.org\/extranet\/wp-content\/uploads\/2012\/10\/2021\/06\/Abadias_1-2-300x169.jpg 300w, https:\/\/www.aezuff.org\/extranet\/http:\/\/www.aezuff.org\/extranet\/wp-content\/uploads\/2012\/10\/2021\/06\/Abadias_1-2-768x432.jpg 768w, https:\/\/www.aezuff.org\/extranet\/http:\/\/www.aezuff.org\/extranet\/wp-content\/uploads\/2012\/10\/2021\/06\/Abadias_1-2-1536x864.jpg 1536w, https:\/\/www.aezuff.org\/extranet\/http:\/\/www.aezuff.org\/extranet\/wp-content\/uploads\/2012\/10\/2021\/06\/Abadias_1-2.jpg 1920w\" sizes=\"(max-width: 1024px) 100vw, 1024px\" \/><\/figure><\/li><li class=\"blocks-gallery-item\"><figure><img decoding=\"async\" loading=\"lazy\" width=\"1024\" height=\"576\" src=\"https:\/\/www.aezuff.org\/extranet\/http:\/\/www.aezuff.org\/extranet\/wp-content\/uploads\/2012\/10\/\/2021\/06\/Abadias_2-2-1024x576.jpg\" alt=\"\" data-id=\"11053\" data-full-url=\"https:\/\/www.aezuff.org\/extranet\/http:\/\/www.aezuff.org\/extranet\/wp-content\/uploads\/2012\/10\/\/2021\/06\/Abadias_2-2.jpg\" data-link=\"https:\/\/www.aezuff.org\/extranet\/?attachment_id=11053\" class=\"wp-image-11053\" srcset=\"https:\/\/www.aezuff.org\/extranet\/http:\/\/www.aezuff.org\/extranet\/wp-content\/uploads\/2012\/10\/2021\/06\/Abadias_2-2-1024x576.jpg 1024w, https:\/\/www.aezuff.org\/extranet\/http:\/\/www.aezuff.org\/extranet\/wp-content\/uploads\/2012\/10\/2021\/06\/Abadias_2-2-300x169.jpg 300w, https:\/\/www.aezuff.org\/extranet\/http:\/\/www.aezuff.org\/extranet\/wp-content\/uploads\/2012\/10\/2021\/06\/Abadias_2-2-768x432.jpg 768w, https:\/\/www.aezuff.org\/extranet\/http:\/\/www.aezuff.org\/extranet\/wp-content\/uploads\/2012\/10\/2021\/06\/Abadias_2-2-1536x864.jpg 1536w, https:\/\/www.aezuff.org\/extranet\/http:\/\/www.aezuff.org\/extranet\/wp-content\/uploads\/2012\/10\/2021\/06\/Abadias_2-2.jpg 1920w\" sizes=\"(max-width: 1024px) 100vw, 1024px\" \/><\/figure><\/li><\/ul><\/figure>\n\n\n\n<div class=\"wp-block-media-text alignwide is-stacked-on-mobile\"><figure class=\"wp-block-media-text__media\"><video controls src=\"http:\/\/www.aezuff.org\/extranet\/http:\/\/www.aezuff.org\/extranet\/wp-content\/uploads\/2012\/10\/\/2021\/06\/SantosPopulares.mov\"><\/video><\/figure><div class=\"wp-block-media-text__content\">\n<p class=\"has-large-font-size\"><\/p>\n<\/div><\/div>\n<span class=\"synved-social-container synved-social-container-follow\"><a class=\"synved-social-button synved-social-button-follow synved-social-size-24 synved-social-resolution-single synved-social-provider-facebook nolightbox\" data-provider=\"facebook\" target=\"_blank\" rel=\"nofollow\" title=\"Siga-nos no Facebook\" href=\"https:\/\/www.facebook.com\/pages\/Agrupamento-de-Escolas-da-Zona-Urbana-da-Figueira-da-Foz\/112980278714783\" style=\"font-size: 0px; width:24px;height:24px;margin:0;margin-bottom:5px;margin-right:5px;\"><img alt=\"Facebook\" title=\"Siga-nos no Facebook\" class=\"synved-share-image synved-social-image synved-social-image-follow\" width=\"24\" height=\"24\" style=\"display: inline; width:24px;height:24px; margin: 0; padding: 0; border: none; box-shadow: none;\" src=\"https:\/\/www.aezuff.org\/extranet\/wp-content\/plugins\/social-media-feather\/synved-social\/addons\/extra-icons\/image\/social\/flag\/48x48\/facebook.png\" \/><\/a><a class=\"synved-social-button synved-social-button-follow synved-social-size-24 synved-social-resolution-single synved-social-provider-twitter nolightbox\" data-provider=\"twitter\" target=\"_blank\" rel=\"nofollow\" title=\"Siga-nos no Twitter\" href=\"https:\/\/twitter.com\/aezuff\" style=\"font-size: 0px; width:24px;height:24px;margin:0;margin-bottom:5px;margin-right:5px;\"><img alt=\"twitter\" title=\"Siga-nos no Twitter\" class=\"synved-share-image synved-social-image synved-social-image-follow\" width=\"24\" height=\"24\" style=\"display: inline; width:24px;height:24px; margin: 0; padding: 0; border: none; box-shadow: none;\" src=\"https:\/\/www.aezuff.org\/extranet\/wp-content\/plugins\/social-media-feather\/synved-social\/addons\/extra-icons\/image\/social\/flag\/48x48\/twitter.png\" \/><\/a><a class=\"synved-social-button synved-social-button-follow synved-social-size-24 synved-social-resolution-single synved-social-provider-youtube nolightbox\" data-provider=\"youtube\" target=\"_blank\" rel=\"nofollow\" title=\"Subscreva-nos no YouTube\" href=\"http:\/\/www.youtube.com\/user\/actividadeseb23jb\" style=\"font-size: 0px; width:24px;height:24px;margin:0;margin-bottom:5px;\"><img alt=\"youtube\" title=\"Subscreva-nos no YouTube\" class=\"synved-share-image synved-social-image synved-social-image-follow\" width=\"24\" height=\"24\" style=\"display: inline; width:24px;height:24px; margin: 0; padding: 0; border: none; box-shadow: none;\" src=\"https:\/\/www.aezuff.org\/extranet\/wp-content\/plugins\/social-media-feather\/synved-social\/addons\/extra-icons\/image\/social\/flag\/48x48\/youtube.png\" \/><\/a><a class=\"synved-social-credit\" target=\"_blank\" rel=\"nofollow\" title=\"WordPress Social Media Feather\" href=\"http:\/\/synved.com\/wordpress-social-media-feather\/\" style=\"color:#444; text-decoration:none; font-size:8px; margin-left:5px;vertical-align:10px;white-space:nowrap;\"><span>by <\/span><img style=\"display: inline;margin:0;padding:0;width:16px;height:16px;\" width=\"16\" height=\"16\" alt=\"feather\" src=\"https:\/\/www.aezuff.org\/extranet\/wp-content\/plugins\/social-media-feather\/synved-social\/image\/icon.png\" \/><\/a><\/span>","protected":false},"excerpt":{"rendered":"<p>EB de Abadias Santos Populares, que Alegria! M\u00fasica, marchas e muita cor, Brindaram a nossa escola Em todo o seu esplendor. Anima\u00e7\u00e3o n\u00e3o faltou e a comunidade escolar participou. Viva a nossa escola! #Eco-Escolas&#46;&#46;&#46;<\/p>\n","protected":false},"author":1,"featured_media":11050,"comment_status":"closed","ping_status":"open","sticky":false,"template":"","format":"standard","meta":{"footnotes":""},"categories":[1],"tags":[],"_links":{"self":[{"href":"https:\/\/www.aezuff.org\/extranet\/wp-json\/wp\/v2\/posts\/11049"}],"collection":[{"href":"https:\/\/www.aezuff.org\/extranet\/wp-json\/wp\/v2\/posts"}],"about":[{"href":"https:\/\/www.aezuff.org\/extranet\/wp-json\/wp\/v2\/types\/post"}],"author":[{"embeddable":true,"href":"https:\/\/www.aezuff.org\/extranet\/wp-json\/wp\/v2\/users\/1"}],"replies":[{"embeddable":true,"href":"https:\/\/www.aezuff.org\/extranet\/wp-json\/wp\/v2\/comments?post=11049"}],"version-history":[{"count":1,"href":"https:\/\/www.aezuff.org\/extranet\/wp-json\/wp\/v2\/posts\/11049\/revisions"}],"predecessor-version":[{"id":11055,"href":"https:\/\/www.aezuff.org\/extranet\/wp-json\/wp\/v2\/posts\/11049\/revisions\/11055"}],"wp:featuredmedia":[{"embeddable":true,"href":"https:\/\/www.aezuff.org\/extranet\/wp-json\/wp\/v2\/media\/11050"}],"wp:attachment":[{"href":"https:\/\/www.aezuff.org\/extranet\/wp-json\/wp\/v2\/media?parent=11049"}],"wp:term":[{"taxonomy":"category","embeddable":true,"href":"https:\/\/www.aezuff.org\/extranet\/wp-json\/wp\/v2\/categories?post=11049"},{"taxonomy":"post_tag","embeddable":true,"href":"https:\/\/www.aezuff.org\/extranet\/wp-json\/wp\/v2\/tags?post=11049"}],"curies":[{"name":"wp","href":"https:\/\/api.w.org\/{rel}","templated":true}]}}