{"id":11057,"date":"2021-07-01T08:50:09","date_gmt":"2021-07-01T08:50:09","guid":{"rendered":"https:\/\/www.aezuff.org\/extranet\/?p=11057"},"modified":"2021-07-02T10:59:12","modified_gmt":"2021-07-02T10:59:12","slug":"11057-2","status":"publish","type":"post","link":"https:\/\/www.aezuff.org\/extranet\/11057-2\/","title":{"rendered":"Aulas de Nata\u00e7\u00e3o&#8230;"},"content":{"rendered":"\n<p>Aulas de Nata\u00e7\u00e3o<\/p>\n\n\n\n<p>Os alunos da Escola Dr. Jo\u00e3o de Barros, que frequentam o Centro de Apoio \u00e0 Aprendizagem, passaram a usufruir, a partir de junho, de aulas de Nata\u00e7\u00e3o, na Piscina do Gin\u00e1sio Figueirense, Clube este que \u00e9 parceiro da Escola. Esta proposta, muito significativa, foi apresentada pelo professor Jo\u00e3o Furet, de Educa\u00e7\u00e3o F\u00edsica, sendo tamb\u00e9m dinamizada pela professora Isabel Pires, de Educa\u00e7\u00e3o Especial. Os principais objetivos s\u00e3o: desenvolver a pr\u00e1tica desportiva da Nata\u00e7\u00e3o; adapta\u00e7\u00e3o ao meio aqu\u00e1tico; aprendizagem das t\u00e9cnicas; favorecer a maturidade associativa e s\u00f3cioafetiva, criando atitudes e h\u00e1bitos positivos de rela\u00e7\u00e3o (quer no plano dos seus v\u00ednculos, quer no da interven\u00e7\u00e3o consciente da realidade circundante). Esta atividade pedag\u00f3gica, com impacto muito positivo, perspetiva o sucesso desportivo e educacional destes alunos, contando com o seu elevado n\u00edvel de participa\u00e7\u00e3o, entusiasmo, empenho e responsabilidade. Atendendo ao \u00eaxito desta iniciativa, pretende-se que a mesma tenha continuidade no pr\u00f3ximo ano letivo 2021\/2022!<\/p>\n\n\n\n<p>Os dinamizadores, Isabel Pires e Jo\u00e3o Furet<\/p>\n\n\n\n<figure class=\"wp-block-image size-large\"><img decoding=\"async\" loading=\"lazy\" width=\"1024\" height=\"576\" src=\"https:\/\/www.aezuff.org\/extranet\/http:\/\/www.aezuff.org\/extranet\/wp-content\/uploads\/2012\/10\/\/2021\/07\/aulas-de-natacao-1-1024x576.jpg\" alt=\"\" class=\"wp-image-11058\" srcset=\"https:\/\/www.aezuff.org\/extranet\/http:\/\/www.aezuff.org\/extranet\/wp-content\/uploads\/2012\/10\/2021\/07\/aulas-de-natacao-1-1024x576.jpg 1024w, https:\/\/www.aezuff.org\/extranet\/http:\/\/www.aezuff.org\/extranet\/wp-content\/uploads\/2012\/10\/2021\/07\/aulas-de-natacao-1-300x169.jpg 300w, https:\/\/www.aezuff.org\/extranet\/http:\/\/www.aezuff.org\/extranet\/wp-content\/uploads\/2012\/10\/2021\/07\/aulas-de-natacao-1-768x432.jpg 768w, https:\/\/www.aezuff.org\/extranet\/http:\/\/www.aezuff.org\/extranet\/wp-content\/uploads\/2012\/10\/2021\/07\/aulas-de-natacao-1-1536x864.jpg 1536w, https:\/\/www.aezuff.org\/extranet\/http:\/\/www.aezuff.org\/extranet\/wp-content\/uploads\/2012\/10\/2021\/07\/aulas-de-natacao-1.jpg 1920w\" sizes=\"(max-width: 1024px) 100vw, 1024px\" \/><\/figure>\n<span class=\"synved-social-container synved-social-container-follow\"><a class=\"synved-social-button synved-social-button-follow synved-social-size-24 synved-social-resolution-single synved-social-provider-facebook nolightbox\" data-provider=\"facebook\" target=\"_blank\" rel=\"nofollow\" title=\"Siga-nos no Facebook\" href=\"https:\/\/www.facebook.com\/pages\/Agrupamento-de-Escolas-da-Zona-Urbana-da-Figueira-da-Foz\/112980278714783\" style=\"font-size: 0px; width:24px;height:24px;margin:0;margin-bottom:5px;margin-right:5px;\"><img alt=\"Facebook\" title=\"Siga-nos no Facebook\" class=\"synved-share-image synved-social-image synved-social-image-follow\" width=\"24\" height=\"24\" style=\"display: inline; width:24px;height:24px; margin: 0; padding: 0; border: none; box-shadow: none;\" src=\"https:\/\/www.aezuff.org\/extranet\/wp-content\/plugins\/social-media-feather\/synved-social\/addons\/extra-icons\/image\/social\/flag\/48x48\/facebook.png\" \/><\/a><a class=\"synved-social-button synved-social-button-follow synved-social-size-24 synved-social-resolution-single synved-social-provider-twitter nolightbox\" data-provider=\"twitter\" target=\"_blank\" rel=\"nofollow\" title=\"Siga-nos no Twitter\" href=\"https:\/\/twitter.com\/aezuff\" style=\"font-size: 0px; width:24px;height:24px;margin:0;margin-bottom:5px;margin-right:5px;\"><img alt=\"twitter\" title=\"Siga-nos no Twitter\" class=\"synved-share-image synved-social-image synved-social-image-follow\" width=\"24\" height=\"24\" style=\"display: inline; width:24px;height:24px; margin: 0; padding: 0; border: none; box-shadow: none;\" src=\"https:\/\/www.aezuff.org\/extranet\/wp-content\/plugins\/social-media-feather\/synved-social\/addons\/extra-icons\/image\/social\/flag\/48x48\/twitter.png\" \/><\/a><a class=\"synved-social-button synved-social-button-follow synved-social-size-24 synved-social-resolution-single synved-social-provider-youtube nolightbox\" data-provider=\"youtube\" target=\"_blank\" rel=\"nofollow\" title=\"Subscreva-nos no YouTube\" href=\"http:\/\/www.youtube.com\/user\/actividadeseb23jb\" style=\"font-size: 0px; width:24px;height:24px;margin:0;margin-bottom:5px;\"><img alt=\"youtube\" title=\"Subscreva-nos no YouTube\" class=\"synved-share-image synved-social-image synved-social-image-follow\" width=\"24\" height=\"24\" style=\"display: inline; width:24px;height:24px; margin: 0; padding: 0; border: none; box-shadow: none;\" src=\"https:\/\/www.aezuff.org\/extranet\/wp-content\/plugins\/social-media-feather\/synved-social\/addons\/extra-icons\/image\/social\/flag\/48x48\/youtube.png\" \/><\/a><a class=\"synved-social-credit\" target=\"_blank\" rel=\"nofollow\" title=\"WordPress Social Media Feather\" href=\"http:\/\/synved.com\/wordpress-social-media-feather\/\" style=\"color:#444; text-decoration:none; font-size:8px; margin-left:5px;vertical-align:10px;white-space:nowrap;\"><span>by <\/span><img style=\"display: inline;margin:0;padding:0;width:16px;height:16px;\" width=\"16\" height=\"16\" alt=\"feather\" src=\"https:\/\/www.aezuff.org\/extranet\/wp-content\/plugins\/social-media-feather\/synved-social\/image\/icon.png\" \/><\/a><\/span>","protected":false},"excerpt":{"rendered":"<p>Aulas de Nata\u00e7\u00e3o Os alunos da Escola Dr. Jo\u00e3o de Barros, que frequentam o Centro de Apoio \u00e0 Aprendizagem, passaram a usufruir, a partir de junho, de aulas de Nata\u00e7\u00e3o, na Piscina do Gin\u00e1sio&#46;&#46;&#46;<\/p>\n","protected":false},"author":1,"featured_media":11058,"comment_status":"closed","ping_status":"open","sticky":false,"template":"","format":"standard","meta":{"footnotes":""},"categories":[1],"tags":[],"_links":{"self":[{"href":"https:\/\/www.aezuff.org\/extranet\/wp-json\/wp\/v2\/posts\/11057"}],"collection":[{"href":"https:\/\/www.aezuff.org\/extranet\/wp-json\/wp\/v2\/posts"}],"about":[{"href":"https:\/\/www.aezuff.org\/extranet\/wp-json\/wp\/v2\/types\/post"}],"author":[{"embeddable":true,"href":"https:\/\/www.aezuff.org\/extranet\/wp-json\/wp\/v2\/users\/1"}],"replies":[{"embeddable":true,"href":"https:\/\/www.aezuff.org\/extranet\/wp-json\/wp\/v2\/comments?post=11057"}],"version-history":[{"count":2,"href":"https:\/\/www.aezuff.org\/extranet\/wp-json\/wp\/v2\/posts\/11057\/revisions"}],"predecessor-version":[{"id":11060,"href":"https:\/\/www.aezuff.org\/extranet\/wp-json\/wp\/v2\/posts\/11057\/revisions\/11060"}],"wp:featuredmedia":[{"embeddable":true,"href":"https:\/\/www.aezuff.org\/extranet\/wp-json\/wp\/v2\/media\/11058"}],"wp:attachment":[{"href":"https:\/\/www.aezuff.org\/extranet\/wp-json\/wp\/v2\/media?parent=11057"}],"wp:term":[{"taxonomy":"category","embeddable":true,"href":"https:\/\/www.aezuff.org\/extranet\/wp-json\/wp\/v2\/categories?post=11057"},{"taxonomy":"post_tag","embeddable":true,"href":"https:\/\/www.aezuff.org\/extranet\/wp-json\/wp\/v2\/tags?post=11057"}],"curies":[{"name":"wp","href":"https:\/\/api.w.org\/{rel}","templated":true}]}}