{"id":11115,"date":"2021-07-29T23:09:40","date_gmt":"2021-07-29T23:09:40","guid":{"rendered":"https:\/\/www.aezuff.org\/extranet\/?p=11115"},"modified":"2021-07-29T23:09:42","modified_gmt":"2021-07-29T23:09:42","slug":"devagar-se-vai-ao-longe","status":"publish","type":"post","link":"https:\/\/www.aezuff.org\/extranet\/devagar-se-vai-ao-longe\/","title":{"rendered":"&#8220;Devagar Se Vai ao Longe&#8221;"},"content":{"rendered":"\n<p>&#8220;Ao longo deste ano letivo 20-21, todas as turmas do 3.\u00ba ano do AEZUFF participaram no programa de compet\u00eancias socioemocionais \u201cDevagar Se Vai ao Longe\u201d, de autoria da Dr\u00aa Raquel Raimundo.<\/p>\n\n\n\n<p>Este programa foi implementado no AEZUFF, durante dois anos consecutivos \u00e0s turmas de 3.\u00ba ano. Tal implementa\u00e7\u00e3o foi poss\u00edvel gra\u00e7as \u00e0 Funda\u00e7\u00e3o Calouste Gulbenkian, que financiou o projeto, no \u00e2mbito das Academias Gulbenkian do Conhecimento.<\/p>\n\n\n\n<p>&nbsp;Os nossos alunos embarcaram numa viagem de&nbsp; descoberta da Autoconsci\u00eancia, da Consci\u00eancia Social, do Autocontrolo, do Relacionamento Interpessoal e da Tomada de Decis\u00e3o respons\u00e1vel em situa\u00e7\u00f5es sociais e tiveram a oportunidade de perceber a import\u00e2ncia das suas emo\u00e7\u00f5es, nos seus contextos de vida.<\/p>\n\n\n\n<p>Nesta viagem podemos contar com a colabora\u00e7\u00e3o das docentes titulares de turma e dos encarregados de educa\u00e7\u00e3o, que connosco colaboraram de forma intensa e motivada.<\/p>\n\n\n\n<p>Tendo presente que os resultados&nbsp;obtidos foram condicionados pelas condi\u00e7\u00f5es de Pandemia que vivemos durante todo o ano, nunca deix\u00e1mos de estar presentes, mesmo quando tivemos que&nbsp;o&nbsp;fazer \u00e0 dist\u00e2ncia e on-line.<\/p>\n\n\n\n<p>&nbsp;Damos assim por conclu\u00eddas 21 sess\u00f5es semanais, com muitos jogos\/din\u00e2micas de grupo, instru\u00e7\u00f5es did\u00e1ticas atrav\u00e9s de m\u00e9todo expositivo, posters, leitura de hist\u00f3rias, brainstorming, modelagem, role playing, feedback construtivo, auto refor\u00e7o e refor\u00e7o social. Atividades que os alunos adoraram!<\/p>\n\n\n\n<p>N\u00e3o queremos terminar, sem deixar a todas as turmas do 3.\u00ba ano de escolaridade uma recorda\u00e7\u00e3o do \u00abDevagar se vai ao longe\u00bb,\u00a0um pequeno v\u00eddeo com as fotografias da sess\u00e3o de despedida!\u00a0\u00a0<\/p>\n\n\n\n<p>Despedimo-nos dos nossos meninos e meninas do 3.\u00ba ano, com um at\u00e9 para o ano e votos de boas f\u00e9rias.<\/p>\n\n\n\n<p>Mais uma vez, o nosso agradecimento a todos os docentes, pais e encarregados de educa\u00e7\u00e3o.\u00a0\u00a0Sem eles n\u00e3o teria sido a mesma coisa. Bem Hajam por estarem altamente envolvidos e comprometidos com a Educa\u00e7\u00e3o, com o AEZUFF!<\/p>\n\n\n\n<div class=\"wp-block-media-text alignwide is-stacked-on-mobile\"><figure class=\"wp-block-media-text__media\"><video controls src=\"https:\/\/www.aezuff.org\/extranet\/http:\/\/www.aezuff.org\/extranet\/wp-content\/uploads\/2012\/10\/\/2021\/07\/Vi\u0301deo-final-DSVL.mp4\"><\/video><\/figure><div class=\"wp-block-media-text__content\">\n<p class=\"has-large-font-size\"><\/p>\n<\/div><\/div>\n<span class=\"synved-social-container synved-social-container-follow\"><a class=\"synved-social-button synved-social-button-follow synved-social-size-24 synved-social-resolution-single synved-social-provider-facebook nolightbox\" data-provider=\"facebook\" target=\"_blank\" rel=\"nofollow\" title=\"Siga-nos no Facebook\" href=\"https:\/\/www.facebook.com\/pages\/Agrupamento-de-Escolas-da-Zona-Urbana-da-Figueira-da-Foz\/112980278714783\" style=\"font-size: 0px; width:24px;height:24px;margin:0;margin-bottom:5px;margin-right:5px;\"><img alt=\"Facebook\" title=\"Siga-nos no Facebook\" class=\"synved-share-image synved-social-image synved-social-image-follow\" width=\"24\" height=\"24\" style=\"display: inline; width:24px;height:24px; margin: 0; padding: 0; border: none; box-shadow: none;\" src=\"https:\/\/www.aezuff.org\/extranet\/wp-content\/plugins\/social-media-feather\/synved-social\/addons\/extra-icons\/image\/social\/flag\/48x48\/facebook.png\" \/><\/a><a class=\"synved-social-button synved-social-button-follow synved-social-size-24 synved-social-resolution-single synved-social-provider-twitter nolightbox\" data-provider=\"twitter\" target=\"_blank\" rel=\"nofollow\" title=\"Siga-nos no Twitter\" href=\"https:\/\/twitter.com\/aezuff\" style=\"font-size: 0px; width:24px;height:24px;margin:0;margin-bottom:5px;margin-right:5px;\"><img alt=\"twitter\" title=\"Siga-nos no Twitter\" class=\"synved-share-image synved-social-image synved-social-image-follow\" width=\"24\" height=\"24\" style=\"display: inline; width:24px;height:24px; margin: 0; padding: 0; border: none; box-shadow: none;\" src=\"https:\/\/www.aezuff.org\/extranet\/wp-content\/plugins\/social-media-feather\/synved-social\/addons\/extra-icons\/image\/social\/flag\/48x48\/twitter.png\" \/><\/a><a class=\"synved-social-button synved-social-button-follow synved-social-size-24 synved-social-resolution-single synved-social-provider-youtube nolightbox\" data-provider=\"youtube\" target=\"_blank\" rel=\"nofollow\" title=\"Subscreva-nos no YouTube\" href=\"http:\/\/www.youtube.com\/user\/actividadeseb23jb\" style=\"font-size: 0px; width:24px;height:24px;margin:0;margin-bottom:5px;\"><img alt=\"youtube\" title=\"Subscreva-nos no YouTube\" class=\"synved-share-image synved-social-image synved-social-image-follow\" width=\"24\" height=\"24\" style=\"display: inline; width:24px;height:24px; margin: 0; padding: 0; border: none; box-shadow: none;\" src=\"https:\/\/www.aezuff.org\/extranet\/wp-content\/plugins\/social-media-feather\/synved-social\/addons\/extra-icons\/image\/social\/flag\/48x48\/youtube.png\" \/><\/a><a class=\"synved-social-credit\" target=\"_blank\" rel=\"nofollow\" title=\"WordPress Social Media Feather\" href=\"http:\/\/synved.com\/wordpress-social-media-feather\/\" style=\"color:#444; text-decoration:none; font-size:8px; margin-left:5px;vertical-align:10px;white-space:nowrap;\"><span>by <\/span><img style=\"display: inline;margin:0;padding:0;width:16px;height:16px;\" width=\"16\" height=\"16\" alt=\"feather\" src=\"https:\/\/www.aezuff.org\/extranet\/wp-content\/plugins\/social-media-feather\/synved-social\/image\/icon.png\" \/><\/a><\/span>","protected":false},"excerpt":{"rendered":"<p>&#8220;Ao longo deste ano letivo 20-21, todas as turmas do 3.\u00ba ano do AEZUFF participaram no programa de compet\u00eancias socioemocionais \u201cDevagar Se Vai ao Longe\u201d, de autoria da Dr\u00aa Raquel Raimundo. Este programa foi&#46;&#46;&#46;<\/p>\n","protected":false},"author":1,"featured_media":0,"comment_status":"closed","ping_status":"open","sticky":false,"template":"","format":"standard","meta":{"footnotes":""},"categories":[1],"tags":[],"_links":{"self":[{"href":"https:\/\/www.aezuff.org\/extranet\/wp-json\/wp\/v2\/posts\/11115"}],"collection":[{"href":"https:\/\/www.aezuff.org\/extranet\/wp-json\/wp\/v2\/posts"}],"about":[{"href":"https:\/\/www.aezuff.org\/extranet\/wp-json\/wp\/v2\/types\/post"}],"author":[{"embeddable":true,"href":"https:\/\/www.aezuff.org\/extranet\/wp-json\/wp\/v2\/users\/1"}],"replies":[{"embeddable":true,"href":"https:\/\/www.aezuff.org\/extranet\/wp-json\/wp\/v2\/comments?post=11115"}],"version-history":[{"count":1,"href":"https:\/\/www.aezuff.org\/extranet\/wp-json\/wp\/v2\/posts\/11115\/revisions"}],"predecessor-version":[{"id":11117,"href":"https:\/\/www.aezuff.org\/extranet\/wp-json\/wp\/v2\/posts\/11115\/revisions\/11117"}],"wp:attachment":[{"href":"https:\/\/www.aezuff.org\/extranet\/wp-json\/wp\/v2\/media?parent=11115"}],"wp:term":[{"taxonomy":"category","embeddable":true,"href":"https:\/\/www.aezuff.org\/extranet\/wp-json\/wp\/v2\/categories?post=11115"},{"taxonomy":"post_tag","embeddable":true,"href":"https:\/\/www.aezuff.org\/extranet\/wp-json\/wp\/v2\/tags?post=11115"}],"curies":[{"name":"wp","href":"https:\/\/api.w.org\/{rel}","templated":true}]}}