{"id":11122,"date":"2021-08-04T10:17:11","date_gmt":"2021-08-04T10:17:11","guid":{"rendered":"https:\/\/www.aezuff.org\/extranet\/?p=11122"},"modified":"2021-08-04T17:42:22","modified_gmt":"2021-08-04T17:42:22","slug":"manuais-escolares-2021-2022-vouchers","status":"publish","type":"post","link":"https:\/\/www.aezuff.org\/extranet\/manuais-escolares-2021-2022-vouchers\/","title":{"rendered":"Manuais Escolares 2021-2022 &#8211; Vouchers"},"content":{"rendered":"\n<p>Emiss\u00e3o dos vouchers para os alunos matriculados no 6.\u00ba, 8.\u00ba e 9.\u00ba anos tem in\u00edcio a 16 de agosto de 2021<\/p>\n\n\n\n<p>Para beneficiar de manuais escolares gratuitos, os Encarregados de Educa\u00e7\u00e3o t\u00eam de registar-se em&nbsp;<a href=\"http:\/\/www.manuaisescolares.pt\/\" target=\"_blank\" rel=\"noreferrer noopener\">www.manuaisescolares.pt<\/a>&nbsp;ou atrav\u00e9s da aplica\u00e7\u00e3o m\u00f3vel Edu Rede Escolar (app \u201cEdu Rede Escolar\u201d). No primeiro acesso ser\u00e1 necess\u00e1rio confirmar o n\u00famero de contribuinte (NIF), devendo os Encarregados de Educa\u00e7\u00e3o ter consigo os dados de acesso ao Portal das Finan\u00e7as, para que seja efetuada a valida\u00e7\u00e3o. Caso n\u00e3o tenham os dados, devem solicit\u00e1-los atrav\u00e9s do Portal das Finan\u00e7as.<\/p>\n\n\n\n<p>A partir da plataforma dos manuais escolares gratuitos, os Encarregados de Educa\u00e7\u00e3o ter\u00e3o acesso aos dados escolares do(s) educando(s), bem como aos vales correspondentes aos respetivos manuais escolares, novos e\/ou reutilizados.<br \/>Os manuais reutilizados dever\u00e3o ser levantados&nbsp;na EB 2.\u00ba\/3.\u00ba Dr. Jo\u00e3o de Barros. Para os manuais novos, h\u00e1 uma lista das livrarias aderentes (que pode ser consultada na plataforma dos manuais) onde poder\u00e3o realizar o levantamento dos mesmos.<br \/>Caso n\u00e3o consiga visualizar o(s) seu(s) educando(s), certifique-se, que est\u00e1 registado como Encarregado de Educa\u00e7\u00e3o e com o NIF corretamente inserido. Em caso de d\u00favida, contacte a EB 2\/3 Dr. Jo\u00e3o de Barros.<br \/>Na eventualidade de n\u00e3o conseguir visualizar os vales, ser\u00e1 porque ainda n\u00e3o est\u00e3o dispon\u00edveis. Assim que estejam, receber\u00e1 uma notifica\u00e7\u00e3o no seu endere\u00e7o de correio eletr\u00f3nico.<\/p>\n\n\n\n<p>Para proceder ao levantamento dos manuais escolares, ser\u00e1 necess\u00e1rio imprimir os vales ou apresent\u00e1-los em formato digital. Na impossibilidade de aceder \u00e0 internet, o Encarregado de Educa\u00e7\u00e3o deve dirigir-se \u00e0 nossa Escola sede e solicitar os vales em papel.<\/p>\n\n\n\n<h3 class=\"has-normal-font-size wp-block-heading\">ACESSO AOS VALES RELATIVOS AOS MANUAIS ESCOLARES:<\/h3>\n\n\n\n<h3 class=\"has-normal-font-size wp-block-heading\">A partir do dia&nbsp;<strong>16 de agosto<\/strong>&nbsp;para os alunos dos seguintes anos de escolaridade:<br \/>1.\u00ba Ciclo: 2.\u00ba, 3.\u00ba e 4.\u00ba anos;<br \/>2.\u00ba Ciclo: 6.\u00ba ano;<br \/>3.\u00ba Ciclo: 8.\u00ba e 9.\u00ba anos.<br \/><br \/>A partir do dia&nbsp;<strong>23 de agosto<\/strong>, para os alunos dos anos de escolaridade de&nbsp;<strong>in\u00edcio de ciclo:<\/strong><br \/>1.\u00ba Ciclo: 1.\u00ba ano;<br \/>2.\u00ba Ciclo: 5.\u00ba ano;<br \/>3.\u00ba Ciclo: 7.\u00ba ano.<\/h3>\n\n\n\n<p>A Dire\u00e7\u00e3o AEZUFF<\/p>\n<span class=\"synved-social-container synved-social-container-follow\"><a class=\"synved-social-button synved-social-button-follow synved-social-size-24 synved-social-resolution-single synved-social-provider-facebook nolightbox\" data-provider=\"facebook\" target=\"_blank\" rel=\"nofollow\" title=\"Siga-nos no Facebook\" href=\"https:\/\/www.facebook.com\/pages\/Agrupamento-de-Escolas-da-Zona-Urbana-da-Figueira-da-Foz\/112980278714783\" style=\"font-size: 0px; width:24px;height:24px;margin:0;margin-bottom:5px;margin-right:5px;\"><img alt=\"Facebook\" title=\"Siga-nos no Facebook\" class=\"synved-share-image synved-social-image synved-social-image-follow\" width=\"24\" height=\"24\" style=\"display: inline; width:24px;height:24px; margin: 0; padding: 0; border: none; box-shadow: none;\" src=\"https:\/\/www.aezuff.org\/extranet\/wp-content\/plugins\/social-media-feather\/synved-social\/addons\/extra-icons\/image\/social\/flag\/48x48\/facebook.png\" \/><\/a><a class=\"synved-social-button synved-social-button-follow synved-social-size-24 synved-social-resolution-single synved-social-provider-twitter nolightbox\" data-provider=\"twitter\" target=\"_blank\" rel=\"nofollow\" title=\"Siga-nos no Twitter\" href=\"https:\/\/twitter.com\/aezuff\" style=\"font-size: 0px; width:24px;height:24px;margin:0;margin-bottom:5px;margin-right:5px;\"><img alt=\"twitter\" title=\"Siga-nos no Twitter\" class=\"synved-share-image synved-social-image synved-social-image-follow\" width=\"24\" height=\"24\" style=\"display: inline; width:24px;height:24px; margin: 0; padding: 0; border: none; box-shadow: none;\" src=\"https:\/\/www.aezuff.org\/extranet\/wp-content\/plugins\/social-media-feather\/synved-social\/addons\/extra-icons\/image\/social\/flag\/48x48\/twitter.png\" \/><\/a><a class=\"synved-social-button synved-social-button-follow synved-social-size-24 synved-social-resolution-single synved-social-provider-youtube nolightbox\" data-provider=\"youtube\" target=\"_blank\" rel=\"nofollow\" title=\"Subscreva-nos no YouTube\" href=\"http:\/\/www.youtube.com\/user\/actividadeseb23jb\" style=\"font-size: 0px; width:24px;height:24px;margin:0;margin-bottom:5px;\"><img alt=\"youtube\" title=\"Subscreva-nos no YouTube\" class=\"synved-share-image synved-social-image synved-social-image-follow\" width=\"24\" height=\"24\" style=\"display: inline; width:24px;height:24px; margin: 0; padding: 0; border: none; box-shadow: none;\" src=\"https:\/\/www.aezuff.org\/extranet\/wp-content\/plugins\/social-media-feather\/synved-social\/addons\/extra-icons\/image\/social\/flag\/48x48\/youtube.png\" \/><\/a><a class=\"synved-social-credit\" target=\"_blank\" rel=\"nofollow\" title=\"WordPress Social Media Feather\" href=\"http:\/\/synved.com\/wordpress-social-media-feather\/\" style=\"color:#444; text-decoration:none; font-size:8px; margin-left:5px;vertical-align:10px;white-space:nowrap;\"><span>by <\/span><img style=\"display: inline;margin:0;padding:0;width:16px;height:16px;\" width=\"16\" height=\"16\" alt=\"feather\" src=\"https:\/\/www.aezuff.org\/extranet\/wp-content\/plugins\/social-media-feather\/synved-social\/image\/icon.png\" \/><\/a><\/span>","protected":false},"excerpt":{"rendered":"<p>Emiss\u00e3o dos vouchers para os alunos matriculados no 6.\u00ba, 8.\u00ba e 9.\u00ba anos tem in\u00edcio a 16 de agosto de 2021 Para beneficiar de manuais escolares gratuitos, os Encarregados de Educa\u00e7\u00e3o t\u00eam de registar-se&#46;&#46;&#46;<\/p>\n","protected":false},"author":1,"featured_media":11123,"comment_status":"closed","ping_status":"open","sticky":false,"template":"","format":"standard","meta":{"footnotes":""},"categories":[1],"tags":[],"_links":{"self":[{"href":"https:\/\/www.aezuff.org\/extranet\/wp-json\/wp\/v2\/posts\/11122"}],"collection":[{"href":"https:\/\/www.aezuff.org\/extranet\/wp-json\/wp\/v2\/posts"}],"about":[{"href":"https:\/\/www.aezuff.org\/extranet\/wp-json\/wp\/v2\/types\/post"}],"author":[{"embeddable":true,"href":"https:\/\/www.aezuff.org\/extranet\/wp-json\/wp\/v2\/users\/1"}],"replies":[{"embeddable":true,"href":"https:\/\/www.aezuff.org\/extranet\/wp-json\/wp\/v2\/comments?post=11122"}],"version-history":[{"count":5,"href":"https:\/\/www.aezuff.org\/extranet\/wp-json\/wp\/v2\/posts\/11122\/revisions"}],"predecessor-version":[{"id":11137,"href":"https:\/\/www.aezuff.org\/extranet\/wp-json\/wp\/v2\/posts\/11122\/revisions\/11137"}],"wp:featuredmedia":[{"embeddable":true,"href":"https:\/\/www.aezuff.org\/extranet\/wp-json\/wp\/v2\/media\/11123"}],"wp:attachment":[{"href":"https:\/\/www.aezuff.org\/extranet\/wp-json\/wp\/v2\/media?parent=11122"}],"wp:term":[{"taxonomy":"category","embeddable":true,"href":"https:\/\/www.aezuff.org\/extranet\/wp-json\/wp\/v2\/categories?post=11122"},{"taxonomy":"post_tag","embeddable":true,"href":"https:\/\/www.aezuff.org\/extranet\/wp-json\/wp\/v2\/tags?post=11122"}],"curies":[{"name":"wp","href":"https:\/\/api.w.org\/{rel}","templated":true}]}}