{"id":11312,"date":"2021-10-18T14:04:12","date_gmt":"2021-10-18T14:04:12","guid":{"rendered":"https:\/\/www.aezuff.org\/extranet\/?p=11312"},"modified":"2021-10-18T17:28:28","modified_gmt":"2021-10-18T17:28:28","slug":"semana-da-alimentacao-2","status":"publish","type":"post","link":"https:\/\/www.aezuff.org\/extranet\/semana-da-alimentacao-2\/","title":{"rendered":"Semana da Alimenta\u00e7\u00e3o"},"content":{"rendered":"\n<p><strong>\u201cAs nossas a\u00e7\u00f5es s\u00e3o o nosso futuro\u201d<\/strong><strong><\/strong><\/p>\n\n\n\n<p>Promo\u00e7\u00e3o da Literacia Alimentar<\/p>\n\n\n\n<p>&nbsp;&nbsp;&nbsp; A alimenta\u00e7\u00e3o nos nossos dias leva-nos a uma reflex\u00e3o a respeito do quadro atual da alimenta\u00e7\u00e3o mundial, n\u00e3o apenas pela sua escassez e deficiente distribui\u00e7\u00e3o no planeta, mas tamb\u00e9m pelas escolhas realizadas.<\/p>\n\n\n\n<p>&nbsp;&nbsp;&nbsp; Com o evoluir das sociedades, os alimentos processados s\u00e3o, cada vez mais, uma forte fonte alimentar, principalmente nos pa\u00edses desenvolvidos.<\/p>\n\n\n\n<p>&nbsp;&nbsp;&nbsp; Torna-se assim necess\u00e1rio e urgente apostar na literacia das popula\u00e7\u00f5es, especialmente dos jovens, no sentido de perceberem que das suas op\u00e7\u00f5es na escolha dos alimentos, depende a sua sa\u00fade no futuro.<\/p>\n\n\n\n<p>&nbsp;&nbsp;&nbsp; Assim, e tendo em conta o tema da ONU para este ano \u201cAs nossas a\u00e7\u00f5es s\u00e3o o nosso futuro\u201d, o grupo disciplinar de Ci\u00eancias Naturais do 2\u00ba ciclo vai durante esta semana desenvolver com os seus alunos um conjunto de atividades no sentido de aumentar a sua literacia, para que possam fazer escolhas mais acertadas, no que \u00e0 sua alimenta\u00e7\u00e3o diz respeito. Destas atividades destacam-se a recolha de r\u00f3tulos de produtos alimentares, a identifica\u00e7\u00e3o dos nutrientes e respetivas quantidades, a interpreta\u00e7\u00e3o do sem\u00e1foro alimentar e a sua aplica\u00e7\u00e3o em situa\u00e7\u00f5es concretas.<\/p>\n\n\n\n<p>&nbsp;&nbsp;&nbsp;&nbsp;&nbsp; A equipa da biblioteca, em articula\u00e7\u00e3o com o grupo disciplinar de Ci\u00eancias Naturais, preparou um sem\u00e1foro interativo, onde os alunos podem aplicar os seus conhecimentos, e fez uma pequena exposi\u00e7\u00e3o de frutos da \u00e9poca e dos principais cereais produzidos na nossa regi\u00e3o.<\/p>\n\n\n\n<p>&nbsp;&nbsp;&nbsp;&nbsp; Est\u00e1 na nossa m\u00e3o fazer as escolhas alimentares mais saud\u00e1veis!<\/p>\n\n\n\n<figure class=\"wp-block-image size-full\"><img decoding=\"async\" loading=\"lazy\" width=\"720\" height=\"960\" src=\"https:\/\/www.aezuff.org\/extranet\/http:\/\/www.aezuff.org\/extranet\/wp-content\/uploads\/2012\/10\/\/2021\/10\/Cartaz-Semana-da-Alimentacao.jpg\" alt=\"\" class=\"wp-image-11313\" srcset=\"https:\/\/www.aezuff.org\/extranet\/http:\/\/www.aezuff.org\/extranet\/wp-content\/uploads\/2012\/10\/2021\/10\/Cartaz-Semana-da-Alimentacao.jpg 720w, https:\/\/www.aezuff.org\/extranet\/http:\/\/www.aezuff.org\/extranet\/wp-content\/uploads\/2012\/10\/2021\/10\/Cartaz-Semana-da-Alimentacao-225x300.jpg 225w\" sizes=\"(max-width: 720px) 100vw, 720px\" \/><\/figure>\n<span class=\"synved-social-container synved-social-container-follow\"><a class=\"synved-social-button synved-social-button-follow synved-social-size-24 synved-social-resolution-single synved-social-provider-facebook nolightbox\" data-provider=\"facebook\" target=\"_blank\" rel=\"nofollow\" title=\"Siga-nos no Facebook\" href=\"https:\/\/www.facebook.com\/pages\/Agrupamento-de-Escolas-da-Zona-Urbana-da-Figueira-da-Foz\/112980278714783\" style=\"font-size: 0px; width:24px;height:24px;margin:0;margin-bottom:5px;margin-right:5px;\"><img alt=\"Facebook\" title=\"Siga-nos no Facebook\" class=\"synved-share-image synved-social-image synved-social-image-follow\" width=\"24\" height=\"24\" style=\"display: inline; width:24px;height:24px; margin: 0; padding: 0; border: none; box-shadow: none;\" src=\"https:\/\/www.aezuff.org\/extranet\/wp-content\/plugins\/social-media-feather\/synved-social\/addons\/extra-icons\/image\/social\/flag\/48x48\/facebook.png\" \/><\/a><a class=\"synved-social-button synved-social-button-follow synved-social-size-24 synved-social-resolution-single synved-social-provider-twitter nolightbox\" data-provider=\"twitter\" target=\"_blank\" rel=\"nofollow\" title=\"Siga-nos no Twitter\" href=\"https:\/\/twitter.com\/aezuff\" style=\"font-size: 0px; width:24px;height:24px;margin:0;margin-bottom:5px;margin-right:5px;\"><img alt=\"twitter\" title=\"Siga-nos no Twitter\" class=\"synved-share-image synved-social-image synved-social-image-follow\" width=\"24\" height=\"24\" style=\"display: inline; width:24px;height:24px; margin: 0; padding: 0; border: none; box-shadow: none;\" src=\"https:\/\/www.aezuff.org\/extranet\/wp-content\/plugins\/social-media-feather\/synved-social\/addons\/extra-icons\/image\/social\/flag\/48x48\/twitter.png\" \/><\/a><a class=\"synved-social-button synved-social-button-follow synved-social-size-24 synved-social-resolution-single synved-social-provider-youtube nolightbox\" data-provider=\"youtube\" target=\"_blank\" rel=\"nofollow\" title=\"Subscreva-nos no YouTube\" href=\"http:\/\/www.youtube.com\/user\/actividadeseb23jb\" style=\"font-size: 0px; width:24px;height:24px;margin:0;margin-bottom:5px;\"><img alt=\"youtube\" title=\"Subscreva-nos no YouTube\" class=\"synved-share-image synved-social-image synved-social-image-follow\" width=\"24\" height=\"24\" style=\"display: inline; width:24px;height:24px; margin: 0; padding: 0; border: none; box-shadow: none;\" src=\"https:\/\/www.aezuff.org\/extranet\/wp-content\/plugins\/social-media-feather\/synved-social\/addons\/extra-icons\/image\/social\/flag\/48x48\/youtube.png\" \/><\/a><a class=\"synved-social-credit\" target=\"_blank\" rel=\"nofollow\" title=\"WordPress Social Media Feather\" href=\"http:\/\/synved.com\/wordpress-social-media-feather\/\" style=\"color:#444; text-decoration:none; font-size:8px; margin-left:5px;vertical-align:10px;white-space:nowrap;\"><span>by <\/span><img style=\"display: inline;margin:0;padding:0;width:16px;height:16px;\" width=\"16\" height=\"16\" alt=\"feather\" src=\"https:\/\/www.aezuff.org\/extranet\/wp-content\/plugins\/social-media-feather\/synved-social\/image\/icon.png\" \/><\/a><\/span>","protected":false},"excerpt":{"rendered":"<p>\u201cAs nossas a\u00e7\u00f5es s\u00e3o o nosso futuro\u201d Promo\u00e7\u00e3o da Literacia Alimentar &nbsp;&nbsp;&nbsp; A alimenta\u00e7\u00e3o nos nossos dias leva-nos a uma reflex\u00e3o a respeito do quadro atual da alimenta\u00e7\u00e3o mundial, n\u00e3o apenas pela sua escassez&#46;&#46;&#46;<\/p>\n","protected":false},"author":1,"featured_media":11313,"comment_status":"closed","ping_status":"open","sticky":false,"template":"","format":"standard","meta":{"footnotes":""},"categories":[1],"tags":[],"_links":{"self":[{"href":"https:\/\/www.aezuff.org\/extranet\/wp-json\/wp\/v2\/posts\/11312"}],"collection":[{"href":"https:\/\/www.aezuff.org\/extranet\/wp-json\/wp\/v2\/posts"}],"about":[{"href":"https:\/\/www.aezuff.org\/extranet\/wp-json\/wp\/v2\/types\/post"}],"author":[{"embeddable":true,"href":"https:\/\/www.aezuff.org\/extranet\/wp-json\/wp\/v2\/users\/1"}],"replies":[{"embeddable":true,"href":"https:\/\/www.aezuff.org\/extranet\/wp-json\/wp\/v2\/comments?post=11312"}],"version-history":[{"count":2,"href":"https:\/\/www.aezuff.org\/extranet\/wp-json\/wp\/v2\/posts\/11312\/revisions"}],"predecessor-version":[{"id":11316,"href":"https:\/\/www.aezuff.org\/extranet\/wp-json\/wp\/v2\/posts\/11312\/revisions\/11316"}],"wp:featuredmedia":[{"embeddable":true,"href":"https:\/\/www.aezuff.org\/extranet\/wp-json\/wp\/v2\/media\/11313"}],"wp:attachment":[{"href":"https:\/\/www.aezuff.org\/extranet\/wp-json\/wp\/v2\/media?parent=11312"}],"wp:term":[{"taxonomy":"category","embeddable":true,"href":"https:\/\/www.aezuff.org\/extranet\/wp-json\/wp\/v2\/categories?post=11312"},{"taxonomy":"post_tag","embeddable":true,"href":"https:\/\/www.aezuff.org\/extranet\/wp-json\/wp\/v2\/tags?post=11312"}],"curies":[{"name":"wp","href":"https:\/\/api.w.org\/{rel}","templated":true}]}}