{"id":11733,"date":"2022-02-25T17:27:52","date_gmt":"2022-02-25T17:27:52","guid":{"rendered":"https:\/\/www.aezuff.org\/extranet\/?p=11733"},"modified":"2022-02-25T17:27:54","modified_gmt":"2022-02-25T17:27:54","slug":"1-a-jornada-de-tenis-de-mesa-24-02-2022-condeixa-a-nova","status":"publish","type":"post","link":"https:\/\/www.aezuff.org\/extranet\/1-a-jornada-de-tenis-de-mesa-24-02-2022-condeixa-a-nova\/","title":{"rendered":"1.\u00aa Jornada de T\u00e9nis de Mesa \u2013 24\/02\/2022 &#8211; Condeixa-a-Nova"},"content":{"rendered":"\n<p>Foi no dia 24 de fevereiro que se deu in\u00edcio ao calend\u00e1rio competitivo externo de T\u00e9nis de Mesa do Desporto Escolar. Encontram-se inscritas 20 escolas do Distrito, realizando-se a competi\u00e7\u00e3o por v\u00e1rias s\u00e9ries.<\/p>\n\n\n\n<p>A 1.\u00aa Jornada, da s\u00e9rie E, realizou-se em Condeixa, tendo reunido cerca de meia centena de alunos das escolas de Montemor-o-Velho, Infante D. Pedro &#8211; Buarcos, Condeixa-a-Nova e Escola Dr. Jo\u00e3o de Barros. Foram muitos os jogos realizados, tendo a Escola Dr. Jo\u00e3o de Barros obtido lugares cimeiros, nos primeiros classificados, que se passam a citar:<\/p>\n\n\n\n<p>Infantil A Feminino: 1.\u00ba &#8211; Lara Duarte \u2013 5\u00ba 4; 2.\u00ba \u2013 Melinda Dallot \u2013 5.\u00ba8 e 3.\u00ba \u2013 Mariana Marques \u2013 5.\u00ba 2;<\/p>\n\n\n\n<p>Infantil A Masculino: 1.\u00ba &#8211; Gustavo Rodrigues \u2013 5\u00ba 11; 2.\u00ba &#8211; Rafael Henriques \u2013 5.\u00ba8 e 3.\u00ba &#8211; Afonso Reis \u2013 5.\u00ba 5;<\/p>\n\n\n\n<p>Infantil B Feminino: 2.\u00ba &#8211; Maria Marques \u2013 6.\u00ba 5 e 3.\u00ba &#8211; Eduarda Penedo \u2013 6.\u00ba 5;<\/p>\n\n\n\n<p>Infantil B Masculino: 1.\u00ba &#8211; Miguel Gomes \u2013 7.\u00ba A; 2.\u00ba \u2013 Mathews Soares \u2013 6.\u00ba 4 e 3.\u00ba \u2013 Martim Dias &#8211; 6.\u00ba 4;<\/p>\n\n\n\n<p>Iniciado Masculino: 2.\u00ba &#8211; Tom\u00e1s Gomes \u2013 8.\u00ba A.<\/p>\n\n\n\n<p>Parab\u00e9ns pelas classifica\u00e7\u00f5es obtidas nesta primeira Jornada. A 2.\u00aa Jornada ser\u00e1 disputada no dia 9 de mar\u00e7o, em Montemor-o-Velho. Bons treinos e parab\u00e9ns a todas\/os!<\/p>\n\n\n\n<figure class=\"wp-block-image size-large\"><img decoding=\"async\" loading=\"lazy\" width=\"1024\" height=\"768\" src=\"https:\/\/www.aezuff.org\/extranet\/http:\/\/www.aezuff.org\/extranet\/wp-content\/uploads\/2012\/10\/\/2022\/02\/IMG-20220224-WA0016-1024x768.jpg\" alt=\"\" class=\"wp-image-11734\" srcset=\"https:\/\/www.aezuff.org\/extranet\/http:\/\/www.aezuff.org\/extranet\/wp-content\/uploads\/2012\/10\/2022\/02\/IMG-20220224-WA0016-1024x768.jpg 1024w, https:\/\/www.aezuff.org\/extranet\/http:\/\/www.aezuff.org\/extranet\/wp-content\/uploads\/2012\/10\/2022\/02\/IMG-20220224-WA0016-300x225.jpg 300w, https:\/\/www.aezuff.org\/extranet\/http:\/\/www.aezuff.org\/extranet\/wp-content\/uploads\/2012\/10\/2022\/02\/IMG-20220224-WA0016-768x576.jpg 768w, https:\/\/www.aezuff.org\/extranet\/http:\/\/www.aezuff.org\/extranet\/wp-content\/uploads\/2012\/10\/2022\/02\/IMG-20220224-WA0016-1536x1152.jpg 1536w, https:\/\/www.aezuff.org\/extranet\/http:\/\/www.aezuff.org\/extranet\/wp-content\/uploads\/2012\/10\/2022\/02\/IMG-20220224-WA0016.jpg 2000w\" sizes=\"(max-width: 1024px) 100vw, 1024px\" \/><\/figure>\n<span class=\"synved-social-container synved-social-container-follow\"><a class=\"synved-social-button synved-social-button-follow synved-social-size-24 synved-social-resolution-single synved-social-provider-facebook nolightbox\" data-provider=\"facebook\" target=\"_blank\" rel=\"nofollow\" title=\"Siga-nos no Facebook\" href=\"https:\/\/www.facebook.com\/pages\/Agrupamento-de-Escolas-da-Zona-Urbana-da-Figueira-da-Foz\/112980278714783\" style=\"font-size: 0px; width:24px;height:24px;margin:0;margin-bottom:5px;margin-right:5px;\"><img alt=\"Facebook\" title=\"Siga-nos no Facebook\" class=\"synved-share-image synved-social-image synved-social-image-follow\" width=\"24\" height=\"24\" style=\"display: inline; width:24px;height:24px; margin: 0; padding: 0; border: none; box-shadow: none;\" src=\"https:\/\/www.aezuff.org\/extranet\/wp-content\/plugins\/social-media-feather\/synved-social\/addons\/extra-icons\/image\/social\/flag\/48x48\/facebook.png\" \/><\/a><a class=\"synved-social-button synved-social-button-follow synved-social-size-24 synved-social-resolution-single synved-social-provider-twitter nolightbox\" data-provider=\"twitter\" target=\"_blank\" rel=\"nofollow\" title=\"Siga-nos no Twitter\" href=\"https:\/\/twitter.com\/aezuff\" style=\"font-size: 0px; width:24px;height:24px;margin:0;margin-bottom:5px;margin-right:5px;\"><img alt=\"twitter\" title=\"Siga-nos no Twitter\" class=\"synved-share-image synved-social-image synved-social-image-follow\" width=\"24\" height=\"24\" style=\"display: inline; width:24px;height:24px; margin: 0; padding: 0; border: none; box-shadow: none;\" src=\"https:\/\/www.aezuff.org\/extranet\/wp-content\/plugins\/social-media-feather\/synved-social\/addons\/extra-icons\/image\/social\/flag\/48x48\/twitter.png\" \/><\/a><a class=\"synved-social-button synved-social-button-follow synved-social-size-24 synved-social-resolution-single synved-social-provider-youtube nolightbox\" data-provider=\"youtube\" target=\"_blank\" rel=\"nofollow\" title=\"Subscreva-nos no YouTube\" href=\"http:\/\/www.youtube.com\/user\/actividadeseb23jb\" style=\"font-size: 0px; width:24px;height:24px;margin:0;margin-bottom:5px;\"><img alt=\"youtube\" title=\"Subscreva-nos no YouTube\" class=\"synved-share-image synved-social-image synved-social-image-follow\" width=\"24\" height=\"24\" style=\"display: inline; width:24px;height:24px; margin: 0; padding: 0; border: none; box-shadow: none;\" src=\"https:\/\/www.aezuff.org\/extranet\/wp-content\/plugins\/social-media-feather\/synved-social\/addons\/extra-icons\/image\/social\/flag\/48x48\/youtube.png\" \/><\/a><a class=\"synved-social-credit\" target=\"_blank\" rel=\"nofollow\" title=\"WordPress Social Media Feather\" href=\"http:\/\/synved.com\/wordpress-social-media-feather\/\" style=\"color:#444; text-decoration:none; font-size:8px; margin-left:5px;vertical-align:10px;white-space:nowrap;\"><span>by <\/span><img style=\"display: inline;margin:0;padding:0;width:16px;height:16px;\" width=\"16\" height=\"16\" alt=\"feather\" src=\"https:\/\/www.aezuff.org\/extranet\/wp-content\/plugins\/social-media-feather\/synved-social\/image\/icon.png\" \/><\/a><\/span>","protected":false},"excerpt":{"rendered":"<p>Foi no dia 24 de fevereiro que se deu in\u00edcio ao calend\u00e1rio competitivo externo de T\u00e9nis de Mesa do Desporto Escolar. Encontram-se inscritas 20 escolas do Distrito, realizando-se a competi\u00e7\u00e3o por v\u00e1rias s\u00e9ries. A&#46;&#46;&#46;<\/p>\n","protected":false},"author":1,"featured_media":11734,"comment_status":"closed","ping_status":"open","sticky":false,"template":"","format":"standard","meta":{"footnotes":""},"categories":[1],"tags":[],"_links":{"self":[{"href":"https:\/\/www.aezuff.org\/extranet\/wp-json\/wp\/v2\/posts\/11733"}],"collection":[{"href":"https:\/\/www.aezuff.org\/extranet\/wp-json\/wp\/v2\/posts"}],"about":[{"href":"https:\/\/www.aezuff.org\/extranet\/wp-json\/wp\/v2\/types\/post"}],"author":[{"embeddable":true,"href":"https:\/\/www.aezuff.org\/extranet\/wp-json\/wp\/v2\/users\/1"}],"replies":[{"embeddable":true,"href":"https:\/\/www.aezuff.org\/extranet\/wp-json\/wp\/v2\/comments?post=11733"}],"version-history":[{"count":1,"href":"https:\/\/www.aezuff.org\/extranet\/wp-json\/wp\/v2\/posts\/11733\/revisions"}],"predecessor-version":[{"id":11735,"href":"https:\/\/www.aezuff.org\/extranet\/wp-json\/wp\/v2\/posts\/11733\/revisions\/11735"}],"wp:featuredmedia":[{"embeddable":true,"href":"https:\/\/www.aezuff.org\/extranet\/wp-json\/wp\/v2\/media\/11734"}],"wp:attachment":[{"href":"https:\/\/www.aezuff.org\/extranet\/wp-json\/wp\/v2\/media?parent=11733"}],"wp:term":[{"taxonomy":"category","embeddable":true,"href":"https:\/\/www.aezuff.org\/extranet\/wp-json\/wp\/v2\/categories?post=11733"},{"taxonomy":"post_tag","embeddable":true,"href":"https:\/\/www.aezuff.org\/extranet\/wp-json\/wp\/v2\/tags?post=11733"}],"curies":[{"name":"wp","href":"https:\/\/api.w.org\/{rel}","templated":true}]}}