{"id":11803,"date":"2022-03-24T19:59:48","date_gmt":"2022-03-24T19:59:48","guid":{"rendered":"https:\/\/www.aezuff.org\/extranet\/?p=11803"},"modified":"2022-03-24T19:59:50","modified_gmt":"2022-03-24T19:59:50","slug":"final-distrital-de-tenis-de-mesa-iniciados-e-juvenis-24-03-2022","status":"publish","type":"post","link":"https:\/\/www.aezuff.org\/extranet\/final-distrital-de-tenis-de-mesa-iniciados-e-juvenis-24-03-2022\/","title":{"rendered":"Final DISTRITAL de T\u00e9nis de Mesa \u2013 Iniciados e Juvenis &#8211; 24\/03\/2022"},"content":{"rendered":"\n<p>A fase Distrital de T\u00e9nis de Mesa do Desporto Escolar de Iniciados e Juvenis realizou-se pela 3.\u00aa vez na Figueira da Foz, no dia 24 de mar\u00e7o. As competi\u00e7\u00f5es tiveram lugar no Pavilh\u00e3o Galamba Marques, no \u00e2mbito do protocolo existente entre o Agrupamento de Escolas da Zona Urbana da Figueira da Foz e o Gin\u00e1sio Clube Figueirense. Esta dinamiza\u00e7\u00e3o contou com a participa\u00e7\u00e3o de meia centena de jogadores, que entusiasticamente demonstraram o seu dom\u00ednio da modalidade. A Escola Dr. Jo\u00e3o de Barros tamb\u00e9m conquistou o seu apuramento para esta fase Distrital, encontrando-se representada pelo aluno Tom\u00e1s Gomes, do 8.\u00ba A e na arbitragem, pelo aluno Miguel Gomes, do 7.\u00ba A. Um agradecimento muito especial endere\u00e7ado a Renato Sim\u00f5es, respons\u00e1vel pela sec\u00e7\u00e3o de T\u00e9nis de Mesa do Gin\u00e1sio Clube Figueirense e ao professor Fernando Torres, da Escola de Arazede. Prestamos ainda a nossa gratid\u00e3o ao professor Jo\u00e3o Furet, da Escola Dr. Jo\u00e3o de Barros; \u00e0 Dire\u00e7\u00e3o do AEZUFF, tamb\u00e9m aqui representada pela sua Diretora, Dr.\u00aa Bela Matos; Gin\u00e1sio Clube Figueirense; Associa\u00e7\u00e3o de T\u00e9nis de Mesa de Coimbra; Coordena\u00e7\u00e3o Local de Desporto Escolar de Coimbra; Professores das escolas envolvidas; Jogadores; \u00c1rbitros, Encarregados de Educa\u00e7\u00e3o; T\u00e9cnicos e Assistentes Operacionais. A din\u00e2mica desta organiza\u00e7\u00e3o n\u00e3o deixou ningu\u00e9m indiferente!<\/p>\n\n\n\n<p>Muitos parab\u00e9ns a todos!<\/p>\n\n\n\n<figure class=\"wp-block-image size-large\"><img decoding=\"async\" loading=\"lazy\" width=\"1024\" height=\"768\" src=\"https:\/\/www.aezuff.org\/extranet\/http:\/\/www.aezuff.org\/extranet\/wp-content\/uploads\/2012\/10\/\/2022\/03\/IMG-20220324-WA0002-1024x768.jpg\" alt=\"\" class=\"wp-image-11804\" srcset=\"https:\/\/www.aezuff.org\/extranet\/http:\/\/www.aezuff.org\/extranet\/wp-content\/uploads\/2012\/10\/2022\/03\/IMG-20220324-WA0002-1024x768.jpg 1024w, https:\/\/www.aezuff.org\/extranet\/http:\/\/www.aezuff.org\/extranet\/wp-content\/uploads\/2012\/10\/2022\/03\/IMG-20220324-WA0002-300x225.jpg 300w, https:\/\/www.aezuff.org\/extranet\/http:\/\/www.aezuff.org\/extranet\/wp-content\/uploads\/2012\/10\/2022\/03\/IMG-20220324-WA0002-768x576.jpg 768w, https:\/\/www.aezuff.org\/extranet\/http:\/\/www.aezuff.org\/extranet\/wp-content\/uploads\/2012\/10\/2022\/03\/IMG-20220324-WA0002-1536x1152.jpg 1536w, https:\/\/www.aezuff.org\/extranet\/http:\/\/www.aezuff.org\/extranet\/wp-content\/uploads\/2012\/10\/2022\/03\/IMG-20220324-WA0002.jpg 1920w\" sizes=\"(max-width: 1024px) 100vw, 1024px\" \/><\/figure>\n<span class=\"synved-social-container synved-social-container-follow\"><a class=\"synved-social-button synved-social-button-follow synved-social-size-24 synved-social-resolution-single synved-social-provider-facebook nolightbox\" data-provider=\"facebook\" target=\"_blank\" rel=\"nofollow\" title=\"Siga-nos no Facebook\" href=\"https:\/\/www.facebook.com\/pages\/Agrupamento-de-Escolas-da-Zona-Urbana-da-Figueira-da-Foz\/112980278714783\" style=\"font-size: 0px; width:24px;height:24px;margin:0;margin-bottom:5px;margin-right:5px;\"><img alt=\"Facebook\" title=\"Siga-nos no Facebook\" class=\"synved-share-image synved-social-image synved-social-image-follow\" width=\"24\" height=\"24\" style=\"display: inline; width:24px;height:24px; margin: 0; padding: 0; border: none; box-shadow: none;\" src=\"https:\/\/www.aezuff.org\/extranet\/wp-content\/plugins\/social-media-feather\/synved-social\/addons\/extra-icons\/image\/social\/flag\/48x48\/facebook.png\" \/><\/a><a class=\"synved-social-button synved-social-button-follow synved-social-size-24 synved-social-resolution-single synved-social-provider-twitter nolightbox\" data-provider=\"twitter\" target=\"_blank\" rel=\"nofollow\" title=\"Siga-nos no Twitter\" href=\"https:\/\/twitter.com\/aezuff\" style=\"font-size: 0px; width:24px;height:24px;margin:0;margin-bottom:5px;margin-right:5px;\"><img alt=\"twitter\" title=\"Siga-nos no Twitter\" class=\"synved-share-image synved-social-image synved-social-image-follow\" width=\"24\" height=\"24\" style=\"display: inline; width:24px;height:24px; margin: 0; padding: 0; border: none; box-shadow: none;\" src=\"https:\/\/www.aezuff.org\/extranet\/wp-content\/plugins\/social-media-feather\/synved-social\/addons\/extra-icons\/image\/social\/flag\/48x48\/twitter.png\" \/><\/a><a class=\"synved-social-button synved-social-button-follow synved-social-size-24 synved-social-resolution-single synved-social-provider-youtube nolightbox\" data-provider=\"youtube\" target=\"_blank\" rel=\"nofollow\" title=\"Subscreva-nos no YouTube\" href=\"http:\/\/www.youtube.com\/user\/actividadeseb23jb\" style=\"font-size: 0px; width:24px;height:24px;margin:0;margin-bottom:5px;\"><img alt=\"youtube\" title=\"Subscreva-nos no YouTube\" class=\"synved-share-image synved-social-image synved-social-image-follow\" width=\"24\" height=\"24\" style=\"display: inline; width:24px;height:24px; margin: 0; padding: 0; border: none; box-shadow: none;\" src=\"https:\/\/www.aezuff.org\/extranet\/wp-content\/plugins\/social-media-feather\/synved-social\/addons\/extra-icons\/image\/social\/flag\/48x48\/youtube.png\" \/><\/a><a class=\"synved-social-credit\" target=\"_blank\" rel=\"nofollow\" title=\"WordPress Social Media Feather\" href=\"http:\/\/synved.com\/wordpress-social-media-feather\/\" style=\"color:#444; text-decoration:none; font-size:8px; margin-left:5px;vertical-align:10px;white-space:nowrap;\"><span>by <\/span><img style=\"display: inline;margin:0;padding:0;width:16px;height:16px;\" width=\"16\" height=\"16\" alt=\"feather\" src=\"https:\/\/www.aezuff.org\/extranet\/wp-content\/plugins\/social-media-feather\/synved-social\/image\/icon.png\" \/><\/a><\/span>","protected":false},"excerpt":{"rendered":"<p>A fase Distrital de T\u00e9nis de Mesa do Desporto Escolar de Iniciados e Juvenis realizou-se pela 3.\u00aa vez na Figueira da Foz, no dia 24 de mar\u00e7o. As competi\u00e7\u00f5es tiveram lugar no Pavilh\u00e3o Galamba&#46;&#46;&#46;<\/p>\n","protected":false},"author":1,"featured_media":11804,"comment_status":"closed","ping_status":"open","sticky":false,"template":"","format":"standard","meta":{"footnotes":""},"categories":[1],"tags":[],"_links":{"self":[{"href":"https:\/\/www.aezuff.org\/extranet\/wp-json\/wp\/v2\/posts\/11803"}],"collection":[{"href":"https:\/\/www.aezuff.org\/extranet\/wp-json\/wp\/v2\/posts"}],"about":[{"href":"https:\/\/www.aezuff.org\/extranet\/wp-json\/wp\/v2\/types\/post"}],"author":[{"embeddable":true,"href":"https:\/\/www.aezuff.org\/extranet\/wp-json\/wp\/v2\/users\/1"}],"replies":[{"embeddable":true,"href":"https:\/\/www.aezuff.org\/extranet\/wp-json\/wp\/v2\/comments?post=11803"}],"version-history":[{"count":1,"href":"https:\/\/www.aezuff.org\/extranet\/wp-json\/wp\/v2\/posts\/11803\/revisions"}],"predecessor-version":[{"id":11805,"href":"https:\/\/www.aezuff.org\/extranet\/wp-json\/wp\/v2\/posts\/11803\/revisions\/11805"}],"wp:featuredmedia":[{"embeddable":true,"href":"https:\/\/www.aezuff.org\/extranet\/wp-json\/wp\/v2\/media\/11804"}],"wp:attachment":[{"href":"https:\/\/www.aezuff.org\/extranet\/wp-json\/wp\/v2\/media?parent=11803"}],"wp:term":[{"taxonomy":"category","embeddable":true,"href":"https:\/\/www.aezuff.org\/extranet\/wp-json\/wp\/v2\/categories?post=11803"},{"taxonomy":"post_tag","embeddable":true,"href":"https:\/\/www.aezuff.org\/extranet\/wp-json\/wp\/v2\/tags?post=11803"}],"curies":[{"name":"wp","href":"https:\/\/api.w.org\/{rel}","templated":true}]}}