{"id":11881,"date":"2022-05-02T07:20:27","date_gmt":"2022-05-02T07:20:27","guid":{"rendered":"https:\/\/www.aezuff.org\/extranet\/?p=11881"},"modified":"2022-05-02T07:20:28","modified_gmt":"2022-05-02T07:20:28","slug":"3-a-jornada-do-campeonato-local-do-desporto-escolar-basquetebol-infantis-b-masculinos","status":"publish","type":"post","link":"https:\/\/www.aezuff.org\/extranet\/3-a-jornada-do-campeonato-local-do-desporto-escolar-basquetebol-infantis-b-masculinos\/","title":{"rendered":"3.\u00aa jornada do Campeonato Local do Desporto Escolar, Basquetebol Infantis B masculinos"},"content":{"rendered":"\n<p><strong>27 de abril de 2022<\/strong><strong><\/strong><\/p>\n\n\n\n<p>Est\u00e1 de parab\u00e9ns o grupo\/equipa masculino de Basquetebol. Com uma jornada ainda por disputar, a EB 2,3 Dr. Jo\u00e3o de Barros sagrou-se na passada 4.\u00aa feira (27 de abril), virtual campe\u00e3 do Campeonato Local do Desporto Escolar no escal\u00e3o de Infantis B masculinos. Para esta pen\u00faltima jornada, e para jogar contra a equipa da Escola Secund\u00e1ria de Oliveira do Hospital, foram convocados os seguintes alunos: David Gaspar (5.\u00ba1), Miguel Almeida (5.\u00ba1), Rodrigo Santos (5.\u00ba1), Xavier Pereira (6.\u00ba1), Guilherme Bento (6.\u00ba2), Martim Dias (6.\u00ba7), Pedro Ramos (6.\u00ba7), Tiago Gir\u00e3o (6.\u00ba10), Rodrigo Oliveira (6.\u00ba12), David Correia (6.\u00ba13) e Lu\u00eds Figueiredo (7.\u00baA). Foi uma partida muito disputada, com a diferen\u00e7a pontual sempre abaixo das dezenas de pontos e que, s\u00f3 no final do 4.\u00ba per\u00edodo, foi poss\u00edvel &#8220;fugir&#8221; no marcador e assegurar a vit\u00f3ria por n\u00fameros mais expressivos.<\/p>\n\n\n\n<p>Uma palavra de apre\u00e7o aos alunos\/atletas de Oliveira do Hospital que se mostraram bastante competitivos e intensos na forma de jogar, valorizando ainda mais o esfor\u00e7o do nosso grupo! Resultado Final: EB 2,3 Dr.\u00ba Jo\u00e3o de Barros 42 &#8211; 23 Esc. Sec. Oliveira do Hospital.<\/p>\n\n\n\n<figure class=\"wp-block-image size-large\"><img decoding=\"async\" loading=\"lazy\" width=\"1024\" height=\"797\" src=\"https:\/\/www.aezuff.org\/extranet\/http:\/\/www.aezuff.org\/extranet\/wp-content\/uploads\/2012\/10\/\/2022\/05\/IMG_2327-1024x797.jpeg\" alt=\"\" class=\"wp-image-11882\" srcset=\"https:\/\/www.aezuff.org\/extranet\/http:\/\/www.aezuff.org\/extranet\/wp-content\/uploads\/2012\/10\/2022\/05\/IMG_2327-1024x797.jpeg 1024w, https:\/\/www.aezuff.org\/extranet\/http:\/\/www.aezuff.org\/extranet\/wp-content\/uploads\/2012\/10\/2022\/05\/IMG_2327-300x234.jpeg 300w, https:\/\/www.aezuff.org\/extranet\/http:\/\/www.aezuff.org\/extranet\/wp-content\/uploads\/2012\/10\/2022\/05\/IMG_2327-768x598.jpeg 768w, https:\/\/www.aezuff.org\/extranet\/http:\/\/www.aezuff.org\/extranet\/wp-content\/uploads\/2012\/10\/2022\/05\/IMG_2327-1536x1196.jpeg 1536w, https:\/\/www.aezuff.org\/extranet\/http:\/\/www.aezuff.org\/extranet\/wp-content\/uploads\/2012\/10\/2022\/05\/IMG_2327.jpeg 1916w\" sizes=\"(max-width: 1024px) 100vw, 1024px\" \/><\/figure>\n<span class=\"synved-social-container synved-social-container-follow\"><a class=\"synved-social-button synved-social-button-follow synved-social-size-24 synved-social-resolution-single synved-social-provider-facebook nolightbox\" data-provider=\"facebook\" target=\"_blank\" rel=\"nofollow\" title=\"Siga-nos no Facebook\" href=\"https:\/\/www.facebook.com\/pages\/Agrupamento-de-Escolas-da-Zona-Urbana-da-Figueira-da-Foz\/112980278714783\" style=\"font-size: 0px; width:24px;height:24px;margin:0;margin-bottom:5px;margin-right:5px;\"><img alt=\"Facebook\" title=\"Siga-nos no Facebook\" class=\"synved-share-image synved-social-image synved-social-image-follow\" width=\"24\" height=\"24\" style=\"display: inline; width:24px;height:24px; margin: 0; padding: 0; border: none; box-shadow: none;\" src=\"https:\/\/www.aezuff.org\/extranet\/wp-content\/plugins\/social-media-feather\/synved-social\/addons\/extra-icons\/image\/social\/flag\/48x48\/facebook.png\" \/><\/a><a class=\"synved-social-button synved-social-button-follow synved-social-size-24 synved-social-resolution-single synved-social-provider-twitter nolightbox\" data-provider=\"twitter\" target=\"_blank\" rel=\"nofollow\" title=\"Siga-nos no Twitter\" href=\"https:\/\/twitter.com\/aezuff\" style=\"font-size: 0px; width:24px;height:24px;margin:0;margin-bottom:5px;margin-right:5px;\"><img alt=\"twitter\" title=\"Siga-nos no Twitter\" class=\"synved-share-image synved-social-image synved-social-image-follow\" width=\"24\" height=\"24\" style=\"display: inline; width:24px;height:24px; margin: 0; padding: 0; border: none; box-shadow: none;\" src=\"https:\/\/www.aezuff.org\/extranet\/wp-content\/plugins\/social-media-feather\/synved-social\/addons\/extra-icons\/image\/social\/flag\/48x48\/twitter.png\" \/><\/a><a class=\"synved-social-button synved-social-button-follow synved-social-size-24 synved-social-resolution-single synved-social-provider-youtube nolightbox\" data-provider=\"youtube\" target=\"_blank\" rel=\"nofollow\" title=\"Subscreva-nos no YouTube\" href=\"http:\/\/www.youtube.com\/user\/actividadeseb23jb\" style=\"font-size: 0px; width:24px;height:24px;margin:0;margin-bottom:5px;\"><img alt=\"youtube\" title=\"Subscreva-nos no YouTube\" class=\"synved-share-image synved-social-image synved-social-image-follow\" width=\"24\" height=\"24\" style=\"display: inline; width:24px;height:24px; margin: 0; padding: 0; border: none; box-shadow: none;\" src=\"https:\/\/www.aezuff.org\/extranet\/wp-content\/plugins\/social-media-feather\/synved-social\/addons\/extra-icons\/image\/social\/flag\/48x48\/youtube.png\" \/><\/a><a class=\"synved-social-credit\" target=\"_blank\" rel=\"nofollow\" title=\"WordPress Social Media Feather\" href=\"http:\/\/synved.com\/wordpress-social-media-feather\/\" style=\"color:#444; text-decoration:none; font-size:8px; margin-left:5px;vertical-align:10px;white-space:nowrap;\"><span>by <\/span><img style=\"display: inline;margin:0;padding:0;width:16px;height:16px;\" width=\"16\" height=\"16\" alt=\"feather\" src=\"https:\/\/www.aezuff.org\/extranet\/wp-content\/plugins\/social-media-feather\/synved-social\/image\/icon.png\" \/><\/a><\/span>","protected":false},"excerpt":{"rendered":"<p>27 de abril de 2022 Est\u00e1 de parab\u00e9ns o grupo\/equipa masculino de Basquetebol. Com uma jornada ainda por disputar, a EB 2,3 Dr. Jo\u00e3o de Barros sagrou-se na passada 4.\u00aa feira (27 de abril),&#46;&#46;&#46;<\/p>\n","protected":false},"author":1,"featured_media":11882,"comment_status":"closed","ping_status":"open","sticky":false,"template":"","format":"standard","meta":{"footnotes":""},"categories":[1],"tags":[],"_links":{"self":[{"href":"https:\/\/www.aezuff.org\/extranet\/wp-json\/wp\/v2\/posts\/11881"}],"collection":[{"href":"https:\/\/www.aezuff.org\/extranet\/wp-json\/wp\/v2\/posts"}],"about":[{"href":"https:\/\/www.aezuff.org\/extranet\/wp-json\/wp\/v2\/types\/post"}],"author":[{"embeddable":true,"href":"https:\/\/www.aezuff.org\/extranet\/wp-json\/wp\/v2\/users\/1"}],"replies":[{"embeddable":true,"href":"https:\/\/www.aezuff.org\/extranet\/wp-json\/wp\/v2\/comments?post=11881"}],"version-history":[{"count":1,"href":"https:\/\/www.aezuff.org\/extranet\/wp-json\/wp\/v2\/posts\/11881\/revisions"}],"predecessor-version":[{"id":11883,"href":"https:\/\/www.aezuff.org\/extranet\/wp-json\/wp\/v2\/posts\/11881\/revisions\/11883"}],"wp:featuredmedia":[{"embeddable":true,"href":"https:\/\/www.aezuff.org\/extranet\/wp-json\/wp\/v2\/media\/11882"}],"wp:attachment":[{"href":"https:\/\/www.aezuff.org\/extranet\/wp-json\/wp\/v2\/media?parent=11881"}],"wp:term":[{"taxonomy":"category","embeddable":true,"href":"https:\/\/www.aezuff.org\/extranet\/wp-json\/wp\/v2\/categories?post=11881"},{"taxonomy":"post_tag","embeddable":true,"href":"https:\/\/www.aezuff.org\/extranet\/wp-json\/wp\/v2\/tags?post=11881"}],"curies":[{"name":"wp","href":"https:\/\/api.w.org\/{rel}","templated":true}]}}