{"id":12211,"date":"2022-11-11T10:02:15","date_gmt":"2022-11-11T10:02:15","guid":{"rendered":"https:\/\/www.aezuff.org\/extranet\/?p=12211"},"modified":"2022-11-11T10:02:17","modified_gmt":"2022-11-11T10:02:17","slug":"mega-salto-e-mega-lancamento-9-de-novembro-de-2022-escola-basica-joao-de-barros","status":"publish","type":"post","link":"https:\/\/www.aezuff.org\/extranet\/mega-salto-e-mega-lancamento-9-de-novembro-de-2022-escola-basica-joao-de-barros\/","title":{"rendered":"MEGA SALTO e MEGA LAN\u00c7AMENTO \u2013 9 de novembro de 2022 \u2013 Escola B\u00e1sica Jo\u00e3o de Barros"},"content":{"rendered":"\n<p>As competi\u00e7\u00f5es de Mega Salto e Mega Lan\u00e7amento realizaram-se com todo o entusiasmo e &nbsp;empenho por parte dos respetivos participantes na Escola B\u00e1sica Jo\u00e3o de Barros. Foi o Grupo de Educa\u00e7\u00e3o F\u00edsica que dinamizou mais uma vez este evento com a presen\u00e7a de duas centenas de alunos do AEZUFF (incluindo os alunos do 4.\u00ba ano) que competiram com \u00f3timas condi\u00e7\u00f5es clim\u00e1ticas, destacando-se marcas significativas.<\/p>\n\n\n\n<p>Passam a citar-se os <strong>primeiros classificados <\/strong>nos diversos escal\u00f5es:<\/p>\n\n\n\n<p><strong><u>No Mega Salto<\/u><\/strong><strong>:<\/strong><\/p>\n\n\n\n<p><strong><u>No 1\u00ba Ciclo<\/u><\/strong><strong><u>:<\/u><\/strong> (Inf A) \u2013 <strong>Emanuelly Gabriel<\/strong> do 4.\u00ba ano da Escola Rui Martins, com 3.53 e <strong>Gabriel Costa<\/strong> da Escola S. Juli\u00e3o \u2013 Tavarede, com 3.36<\/p>\n\n\n\n<p>Em Infantil A:<strong>Maria Miranda<\/strong> do 5.\u00ba 11, com 3.71 e <strong>Pedro Lima<\/strong> do 5.\u00ba 8, com 3.91<\/p>\n\n\n\n<p>Em Infantil B:<strong>Mafalda Mamede<\/strong> \u2013 6.\u00ba 8 com 4.02 e <strong>David Sei\u00e7a<\/strong> do 6.\u00ba 2, tamb\u00e9m, com 4.02&nbsp;&nbsp;&nbsp;&nbsp;&nbsp;&nbsp;<\/p>\n\n\n\n<p>Em Iniciados:<strong>Ana Filipa <\/strong>do 8.\u00ba D, com 3.82 e <strong>Steed Manjate <\/strong>do 8.\u00ba C, com 4.74<\/p>\n\n\n\n<p>Juvenis: <strong>In\u00eas Carvalho <\/strong>do9.\u00ba D, com 3.99 e <strong>Ryan Santos do<\/strong> 8.\u00ba D, com 5.27<\/p>\n\n\n\n<p><strong><u>No Mega Lan\u00e7amento<\/u><\/strong><strong>:<\/strong><\/p>\n\n\n\n<p>Em Infantil A:<strong>Laura Ferreira <\/strong>do 5.\u00ba 1, com 5.74 e <strong>Pedro Lima <\/strong>do 5.\u00ba 8, com 6.64<\/p>\n\n\n\n<p>Em Infantil B:<strong>Aaliyah Ovono, <\/strong>do 6.\u00ba 7 com 8.00 e <strong>Alexsandro Silva <\/strong>do 5.\u00ba 6, com 7.29&nbsp;&nbsp;<\/p>\n\n\n\n<p>Em Iniciados:<strong>Mara Gaspar <\/strong>do 8.\u00ba C, com 7.00 e <strong>Marco Fonseca <\/strong>do 7.\u00ba D, com 8.60<\/p>\n\n\n\n<p>Juvenis: <strong>\u00c9rica Tavares do 9.\u00ba C, <\/strong>com 5,93 e <strong>Rodrigo Ascenso <\/strong>do 9.\u00ba D, com 9.44 (peso &#8211; 4Kg)<\/p>\n\n\n\n<p>Aguardam-se os calend\u00e1rios competitivos da fase Distrital. Parab\u00e9ns a todos pelas marcas obtidas!<\/p>\n\n\n\n<figure class=\"wp-block-image size-large\"><img decoding=\"async\" loading=\"lazy\" width=\"1024\" height=\"768\" src=\"https:\/\/www.aezuff.org\/extranet\/http:\/\/www.aezuff.org\/extranet\/wp-content\/uploads\/2012\/10\/\/2022\/11\/1.o-Ciclo_20221109_091347-1-1024x768.jpg\" alt=\"\" class=\"wp-image-12236\" srcset=\"https:\/\/www.aezuff.org\/extranet\/http:\/\/www.aezuff.org\/extranet\/wp-content\/uploads\/2012\/10\/2022\/11\/1.o-Ciclo_20221109_091347-1-1024x768.jpg 1024w, https:\/\/www.aezuff.org\/extranet\/http:\/\/www.aezuff.org\/extranet\/wp-content\/uploads\/2012\/10\/2022\/11\/1.o-Ciclo_20221109_091347-1-300x225.jpg 300w, https:\/\/www.aezuff.org\/extranet\/http:\/\/www.aezuff.org\/extranet\/wp-content\/uploads\/2012\/10\/2022\/11\/1.o-Ciclo_20221109_091347-1-768x576.jpg 768w, https:\/\/www.aezuff.org\/extranet\/http:\/\/www.aezuff.org\/extranet\/wp-content\/uploads\/2012\/10\/2022\/11\/1.o-Ciclo_20221109_091347-1-1536x1152.jpg 1536w, https:\/\/www.aezuff.org\/extranet\/http:\/\/www.aezuff.org\/extranet\/wp-content\/uploads\/2012\/10\/2022\/11\/1.o-Ciclo_20221109_091347-1-2048x1536.jpg 2048w\" sizes=\"(max-width: 1024px) 100vw, 1024px\" \/><\/figure>\n<span class=\"synved-social-container synved-social-container-follow\"><a class=\"synved-social-button synved-social-button-follow synved-social-size-24 synved-social-resolution-single synved-social-provider-facebook nolightbox\" data-provider=\"facebook\" target=\"_blank\" rel=\"nofollow\" title=\"Siga-nos no Facebook\" href=\"https:\/\/www.facebook.com\/pages\/Agrupamento-de-Escolas-da-Zona-Urbana-da-Figueira-da-Foz\/112980278714783\" style=\"font-size: 0px; width:24px;height:24px;margin:0;margin-bottom:5px;margin-right:5px;\"><img alt=\"Facebook\" title=\"Siga-nos no Facebook\" class=\"synved-share-image synved-social-image synved-social-image-follow\" width=\"24\" height=\"24\" style=\"display: inline; width:24px;height:24px; margin: 0; padding: 0; border: none; box-shadow: none;\" src=\"https:\/\/www.aezuff.org\/extranet\/wp-content\/plugins\/social-media-feather\/synved-social\/addons\/extra-icons\/image\/social\/flag\/48x48\/facebook.png\" \/><\/a><a class=\"synved-social-button synved-social-button-follow synved-social-size-24 synved-social-resolution-single synved-social-provider-twitter nolightbox\" data-provider=\"twitter\" target=\"_blank\" rel=\"nofollow\" title=\"Siga-nos no Twitter\" href=\"https:\/\/twitter.com\/aezuff\" style=\"font-size: 0px; width:24px;height:24px;margin:0;margin-bottom:5px;margin-right:5px;\"><img alt=\"twitter\" title=\"Siga-nos no Twitter\" class=\"synved-share-image synved-social-image synved-social-image-follow\" width=\"24\" height=\"24\" style=\"display: inline; width:24px;height:24px; margin: 0; padding: 0; border: none; box-shadow: none;\" src=\"https:\/\/www.aezuff.org\/extranet\/wp-content\/plugins\/social-media-feather\/synved-social\/addons\/extra-icons\/image\/social\/flag\/48x48\/twitter.png\" \/><\/a><a class=\"synved-social-button synved-social-button-follow synved-social-size-24 synved-social-resolution-single synved-social-provider-youtube nolightbox\" data-provider=\"youtube\" target=\"_blank\" rel=\"nofollow\" title=\"Subscreva-nos no YouTube\" href=\"http:\/\/www.youtube.com\/user\/actividadeseb23jb\" style=\"font-size: 0px; width:24px;height:24px;margin:0;margin-bottom:5px;\"><img alt=\"youtube\" title=\"Subscreva-nos no YouTube\" class=\"synved-share-image synved-social-image synved-social-image-follow\" width=\"24\" height=\"24\" style=\"display: inline; width:24px;height:24px; margin: 0; padding: 0; border: none; box-shadow: none;\" src=\"https:\/\/www.aezuff.org\/extranet\/wp-content\/plugins\/social-media-feather\/synved-social\/addons\/extra-icons\/image\/social\/flag\/48x48\/youtube.png\" \/><\/a><a class=\"synved-social-credit\" target=\"_blank\" rel=\"nofollow\" title=\"WordPress Social Media Feather\" href=\"http:\/\/synved.com\/wordpress-social-media-feather\/\" style=\"color:#444; text-decoration:none; font-size:8px; margin-left:5px;vertical-align:10px;white-space:nowrap;\"><span>by <\/span><img style=\"display: inline;margin:0;padding:0;width:16px;height:16px;\" width=\"16\" height=\"16\" alt=\"feather\" src=\"https:\/\/www.aezuff.org\/extranet\/wp-content\/plugins\/social-media-feather\/synved-social\/image\/icon.png\" \/><\/a><\/span>","protected":false},"excerpt":{"rendered":"<p>As competi\u00e7\u00f5es de Mega Salto e Mega Lan\u00e7amento realizaram-se com todo o entusiasmo e &nbsp;empenho por parte dos respetivos participantes na Escola B\u00e1sica Jo\u00e3o de Barros. Foi o Grupo de Educa\u00e7\u00e3o F\u00edsica que dinamizou&#46;&#46;&#46;<\/p>\n","protected":false},"author":1,"featured_media":12212,"comment_status":"closed","ping_status":"open","sticky":false,"template":"","format":"standard","meta":{"footnotes":""},"categories":[1],"tags":[],"_links":{"self":[{"href":"https:\/\/www.aezuff.org\/extranet\/wp-json\/wp\/v2\/posts\/12211"}],"collection":[{"href":"https:\/\/www.aezuff.org\/extranet\/wp-json\/wp\/v2\/posts"}],"about":[{"href":"https:\/\/www.aezuff.org\/extranet\/wp-json\/wp\/v2\/types\/post"}],"author":[{"embeddable":true,"href":"https:\/\/www.aezuff.org\/extranet\/wp-json\/wp\/v2\/users\/1"}],"replies":[{"embeddable":true,"href":"https:\/\/www.aezuff.org\/extranet\/wp-json\/wp\/v2\/comments?post=12211"}],"version-history":[{"count":1,"href":"https:\/\/www.aezuff.org\/extranet\/wp-json\/wp\/v2\/posts\/12211\/revisions"}],"predecessor-version":[{"id":12237,"href":"https:\/\/www.aezuff.org\/extranet\/wp-json\/wp\/v2\/posts\/12211\/revisions\/12237"}],"wp:featuredmedia":[{"embeddable":true,"href":"https:\/\/www.aezuff.org\/extranet\/wp-json\/wp\/v2\/media\/12212"}],"wp:attachment":[{"href":"https:\/\/www.aezuff.org\/extranet\/wp-json\/wp\/v2\/media?parent=12211"}],"wp:term":[{"taxonomy":"category","embeddable":true,"href":"https:\/\/www.aezuff.org\/extranet\/wp-json\/wp\/v2\/categories?post=12211"},{"taxonomy":"post_tag","embeddable":true,"href":"https:\/\/www.aezuff.org\/extranet\/wp-json\/wp\/v2\/tags?post=12211"}],"curies":[{"name":"wp","href":"https:\/\/api.w.org\/{rel}","templated":true}]}}