{"id":1252,"date":"2012-12-27T17:59:49","date_gmt":"2012-12-27T17:59:49","guid":{"rendered":"http:\/\/www.aezuff.org\/extranet\/?p=1252"},"modified":"2013-01-04T13:22:03","modified_gmt":"2013-01-04T13:22:03","slug":"concurso-de-fotografia","status":"publish","type":"post","link":"https:\/\/www.aezuff.org\/extranet\/concurso-de-fotografia\/","title":{"rendered":"Concurso de Fotografia"},"content":{"rendered":"<h2><span style=\"color: #888888;\"><span style=\"font-family: Calibri;\">Comunidade Educativa do AEZUFF<\/span><\/span><\/h2>\n<h2><span style=\"color: #888888;\">\u00a0<img decoding=\"async\" loading=\"lazy\" class=\"aligncenter\" src=\"https:\/\/fbcdn-sphotos-e-a.akamaihd.net\/hphotos-ak-snc7\/418150_537619236250883_1402329167_n.jpg\" alt=\"\" width=\"415\" height=\"246\" \/><\/span><\/h2>\n<h2><span style=\"color: #888888;\"><span style=\"font-family: Calibri;\">Fomos distingudos, no ano letivo de 2011\/2012, pela Funda\u00e7\u00e3o Il\u00eddio Pinho, com a atribui\u00e7\u00e3o do 1\u00ba lugar a n\u00edvel nacional, do respetivo escal\u00e3o, ao projeto desenvolvido pela Escola EB1 dos Quatro Caminhos. Este projeto consubstancia-se no aproveitamento do aroma do limonete, caracter\u00edstico e distintivo da freguesia de Tavarede, na confe\u00e7\u00e3o de produtos de higiene pessoal (sabonete, shamp\u00f4, gel de banho e lo\u00e7\u00e3o de corpo).<\/span><\/span><\/h2>\n<h2><span style=\"color: #888888;\">\u00a0<span style=\"font-family: Calibri;\">Todo o trajeto necess\u00e1rio para a obten\u00e7\u00e3o do produto final tem vindo a ser seguido com persist\u00eancia e trabalho. Neste momento, ap\u00f3s a obten\u00e7\u00e3o do pr\u00e9mio, desenvolveu-se a ideia e, depois de se ter obtido a ess\u00eancia, escolhido o nome para a linha (Kadija \u2013 princesa moura associada aos prim\u00f3rdios de Tavarede), selecionada a empresa que ir\u00e1 concretizar o projeto produzindo toda a linha,\u00a0<\/span><strong style=\"color: #000000; font-family: Calibri;\">encontramo-nos na fase da escolha da imagem a apresentar<\/strong><span style=\"font-family: Calibri;\">.<\/span><\/span><\/h2>\n<h2><span style=\"color: #888888;\">\u00a0<span style=\"font-family: Calibri;\">Assim, e porque se pretende alargar o \u00e2mbito de pessoas envolvidas nesta ideia, o AEZUFF lan\u00e7a um\u00a0<\/span><strong style=\"color: #000000; font-family: Calibri;\">CONCURSO DE FOTOGRAFIA<\/strong><span style=\"font-family: Calibri;\">, de acordo com o regulamento que disponibilizamos <a title=\"Regulamento\" href=\"http:\/\/www.scribd.com\/doc\/118132558\/AEZUFF-Regulamento-Concurso-de-Fotografia\" target=\"_blank\"><span style=\"text-decoration: underline;\">em anexo<\/span><\/a>, aberto a toda a Comunidade Educativa.<\/span><\/span><\/h2>\n<h2><span style=\"color: #888888;\">\u00a0<span style=\"font-family: Calibri;\">Participem!<\/span><\/span><\/h2>\n<h2><span style=\"color: #888888;\">\u00a0<span style=\"font-family: Calibri;\">Bom ano de 2013!<\/span><\/span><\/h2>\n<h2><span style=\"color: #888888;\">\u00a0<span style=\"font-family: Calibri;\">Cumprimentos,<\/span><\/span><\/h2>\n<h2><span style=\"color: #888888;\">\u00a0<\/span><\/h2>\n<h2><span style=\"font-family: Calibri; color: #888888;\">Dire\u00e7\u00e3o do AEZUFF<\/span><\/h2>\n<span class=\"synved-social-container synved-social-container-follow\"><a class=\"synved-social-button synved-social-button-follow synved-social-size-24 synved-social-resolution-single synved-social-provider-facebook nolightbox\" data-provider=\"facebook\" target=\"_blank\" rel=\"nofollow\" title=\"Siga-nos no Facebook\" href=\"https:\/\/www.facebook.com\/pages\/Agrupamento-de-Escolas-da-Zona-Urbana-da-Figueira-da-Foz\/112980278714783\" style=\"font-size: 0px; width:24px;height:24px;margin:0;margin-bottom:5px;margin-right:5px;\"><img alt=\"Facebook\" title=\"Siga-nos no Facebook\" class=\"synved-share-image synved-social-image synved-social-image-follow\" width=\"24\" height=\"24\" style=\"display: inline; width:24px;height:24px; margin: 0; padding: 0; border: none; box-shadow: none;\" src=\"https:\/\/www.aezuff.org\/extranet\/wp-content\/plugins\/social-media-feather\/synved-social\/addons\/extra-icons\/image\/social\/flag\/48x48\/facebook.png\" \/><\/a><a class=\"synved-social-button synved-social-button-follow synved-social-size-24 synved-social-resolution-single synved-social-provider-twitter nolightbox\" data-provider=\"twitter\" target=\"_blank\" rel=\"nofollow\" title=\"Siga-nos no Twitter\" href=\"https:\/\/twitter.com\/aezuff\" style=\"font-size: 0px; width:24px;height:24px;margin:0;margin-bottom:5px;margin-right:5px;\"><img alt=\"twitter\" title=\"Siga-nos no Twitter\" class=\"synved-share-image synved-social-image synved-social-image-follow\" width=\"24\" height=\"24\" style=\"display: inline; width:24px;height:24px; margin: 0; padding: 0; border: none; box-shadow: none;\" src=\"https:\/\/www.aezuff.org\/extranet\/wp-content\/plugins\/social-media-feather\/synved-social\/addons\/extra-icons\/image\/social\/flag\/48x48\/twitter.png\" \/><\/a><a class=\"synved-social-button synved-social-button-follow synved-social-size-24 synved-social-resolution-single synved-social-provider-youtube nolightbox\" data-provider=\"youtube\" target=\"_blank\" rel=\"nofollow\" title=\"Subscreva-nos no YouTube\" href=\"http:\/\/www.youtube.com\/user\/actividadeseb23jb\" style=\"font-size: 0px; width:24px;height:24px;margin:0;margin-bottom:5px;\"><img alt=\"youtube\" title=\"Subscreva-nos no YouTube\" class=\"synved-share-image synved-social-image synved-social-image-follow\" width=\"24\" height=\"24\" style=\"display: inline; width:24px;height:24px; margin: 0; padding: 0; border: none; box-shadow: none;\" src=\"https:\/\/www.aezuff.org\/extranet\/wp-content\/plugins\/social-media-feather\/synved-social\/addons\/extra-icons\/image\/social\/flag\/48x48\/youtube.png\" \/><\/a><a class=\"synved-social-credit\" target=\"_blank\" rel=\"nofollow\" title=\"WordPress Social Media Feather\" href=\"http:\/\/synved.com\/wordpress-social-media-feather\/\" style=\"color:#444; text-decoration:none; font-size:8px; margin-left:5px;vertical-align:10px;white-space:nowrap;\"><span>by <\/span><img style=\"display: inline;margin:0;padding:0;width:16px;height:16px;\" width=\"16\" height=\"16\" alt=\"feather\" src=\"https:\/\/www.aezuff.org\/extranet\/wp-content\/plugins\/social-media-feather\/synved-social\/image\/icon.png\" \/><\/a><\/span>","protected":false},"excerpt":{"rendered":"<p>Comunidade Educativa do AEZUFF \u00a0 Fomos distingudos, no ano letivo de 2011\/2012, pela Funda\u00e7\u00e3o Il\u00eddio Pinho, com a atribui\u00e7\u00e3o do 1\u00ba lugar a n\u00edvel nacional, do respetivo escal\u00e3o, ao projeto desenvolvido pela Escola EB1&#46;&#46;&#46;<\/p>\n","protected":false},"author":1,"featured_media":0,"comment_status":"closed","ping_status":"closed","sticky":false,"template":"","format":"standard","meta":{"footnotes":""},"categories":[1],"tags":[13,49],"_links":{"self":[{"href":"https:\/\/www.aezuff.org\/extranet\/wp-json\/wp\/v2\/posts\/1252"}],"collection":[{"href":"https:\/\/www.aezuff.org\/extranet\/wp-json\/wp\/v2\/posts"}],"about":[{"href":"https:\/\/www.aezuff.org\/extranet\/wp-json\/wp\/v2\/types\/post"}],"author":[{"embeddable":true,"href":"https:\/\/www.aezuff.org\/extranet\/wp-json\/wp\/v2\/users\/1"}],"replies":[{"embeddable":true,"href":"https:\/\/www.aezuff.org\/extranet\/wp-json\/wp\/v2\/comments?post=1252"}],"version-history":[{"count":5,"href":"https:\/\/www.aezuff.org\/extranet\/wp-json\/wp\/v2\/posts\/1252\/revisions"}],"predecessor-version":[{"id":1255,"href":"https:\/\/www.aezuff.org\/extranet\/wp-json\/wp\/v2\/posts\/1252\/revisions\/1255"}],"wp:attachment":[{"href":"https:\/\/www.aezuff.org\/extranet\/wp-json\/wp\/v2\/media?parent=1252"}],"wp:term":[{"taxonomy":"category","embeddable":true,"href":"https:\/\/www.aezuff.org\/extranet\/wp-json\/wp\/v2\/categories?post=1252"},{"taxonomy":"post_tag","embeddable":true,"href":"https:\/\/www.aezuff.org\/extranet\/wp-json\/wp\/v2\/tags?post=1252"}],"curies":[{"name":"wp","href":"https:\/\/api.w.org\/{rel}","templated":true}]}}