{"id":12765,"date":"2023-04-21T09:59:55","date_gmt":"2023-04-21T09:59:55","guid":{"rendered":"https:\/\/www.aezuff.org\/extranet\/?p=12765"},"modified":"2023-04-21T09:59:57","modified_gmt":"2023-04-21T09:59:57","slug":"associacao-de-pais-da-escola-dr-joao-de-barros-promove-oficinas-de-filosofia","status":"publish","type":"post","link":"https:\/\/www.aezuff.org\/extranet\/associacao-de-pais-da-escola-dr-joao-de-barros-promove-oficinas-de-filosofia\/","title":{"rendered":"Associa\u00e7\u00e3o de Pais da Escola Dr. Jo\u00e3o de Barros promove Oficinas de Filosofia"},"content":{"rendered":"\n<h2 class=\"wp-block-heading\"><strong>Mais de duas centenas de alunos treinam o pensamento cr\u00edtico<\/strong><\/h2>\n\n\n\n<p>Ao longo de <strong>4 dias<\/strong>, mais de <strong>250 alunos do 5.\u00ba ano da Escola Dr. Jo\u00e3o de Barros participaram numa oficina de filosofia<\/strong>, uma a\u00e7\u00e3o promovida pela Associa\u00e7\u00e3o de Pais e Encarregados de Educa\u00e7\u00e3o da Escola Dr. Jo\u00e3o de Barros (APEE) em parceria com a fil\u00f3sofa e pergunt\u00f3loga Joana Rita Sousa, autora do projeto Filocriatividade [que em 2021 obteve o reconhecimento Chaire UNESCO Pratiques de la Philosophie avec les enfants].<\/p>\n\n\n\n<p>\u201c<em>\u00c0s vezes sinto-me invis\u00edvel\u201d, \u201cgostei muito desta oficina porque convers\u00e1mos coisas sem serem parvas e conseguimos fazer um di\u00e1logo\u201d, \u201co que mais gostei foi de ver que a partir da mesma imagem, todos vemos coisas diferentes e conseguimos falar sobre elas\u201d, \u201cs\u00f3 n\u00e3o gostei de estar sentada no ch\u00e3o tanto tempo\u201d<\/em>. Estas s\u00e3o algumas das muitas observa\u00e7\u00f5es feitas pelos alunos do 5.\u00baano na sala da Biblioteca Escolar, que ao longo desta semana se transformou num \u201cgin\u00e1sio\u201d do pensamento.<\/p>\n\n\n\n<p><strong><em>\u201cImagine um gin\u00e1sio onde se pratica a flexibilidade, a resist\u00eancia, a for\u00e7a e a agilidade \u2013 do pensamento. Numa oficina de Filosofia (para crian\u00e7as e jovens) treinamos o pensamento cr\u00edtico, o pensamento criativo, o pensamento cuidadoso e tamb\u00e9m o colaborativo. Pensamos uns com os outros<\/em><\/strong>\u201d, explica Joana Rita Sousa. Estas oficinas de Filosofia s\u00e3o adaptadas \u00e0s idades dos participantes, come\u00e7ando sempre com <strong><em>\u201cuma provoca\u00e7\u00e3o filos\u00f3fica: um jogo, um excerto de um texto, um livro, um v\u00eddeo ou uma pergunta\u201d<\/em><\/strong> e, a partir da\u00ed, refere a fil\u00f3sofa<strong><em>, \u201cconstroem-se condi\u00e7\u00f5es para o di\u00e1logo, estabelecendo algumas regras\u201d<\/em><\/strong>. Entre elas, destacam-se: para falar, \u201c<strong><em>pedimos a palavra e colocamos o bra\u00e7o no ar; fala uma pessoa de cada vez, colocando em pr\u00e1tica a escuta\u201d.<\/em><\/strong><\/p>\n\n\n\n<p><strong><em>\u201cCapacitar os alunos para o pensamento critico foi um dos principais objetivos que nos levou a apresentar este projeto \u00e0 dire\u00e7\u00e3o da Escola que, desde o primeiro momento, o acolheu muito bem\u201d<\/em><\/strong>, explica Sandra Rodrigues, presidente da APEE. <strong><em>\u201cCom estas a\u00e7\u00f5es estamos a plantar uma semente muito importante para o futuro dos nossos alunos. A Associa\u00e7\u00e3o de Pais tem, entre outras, a responsabilidade de criar experi\u00eancias diferenciadoras aos alunos. Contamos que no pr\u00f3ximo ano, estas oficinas regressem \u00e0 nossa Escola, abrangendo assim mais alunos\u201d<\/em><\/strong>, real\u00e7a a respons\u00e1vel. Para a dire\u00e7\u00e3o da Escola, estas a\u00e7\u00f5es <strong><em>\u201cs\u00e3o muito bem-vindas\u201d.<\/em><\/strong><\/p>\n\n\n\n<p><strong><em>\u201c\u00c9 fundamental criarmos experi\u00eancias diferenciadoras do curr\u00edculo escolar\u201d<\/em><\/strong>, sublinha Bela Matos, real\u00e7ando a <strong><em>\u201cgrande proximidade e boa rela\u00e7\u00e3o entre a dire\u00e7\u00e3o e a Associa\u00e7\u00e3o de Pais\u201d<\/em><\/strong>. <strong><em>\u201cTrabalhar em parceria \u00e9, hoje, uma prioridade para o bom desenvolvimento da comunidade escolar\u201d. &nbsp;<\/em><\/strong><\/p>\n\n\n\n<p><strong><em>OFICINAS DE FILOSOFIA na nossa Escola\u2026em n\u00fameros<\/em><\/strong><\/p>\n\n\n\n<p>4 dias<\/p>\n\n\n\n<p>12 turmas<\/p>\n\n\n\n<p>12 oficinas<\/p>\n\n\n\n<p>265 alunos<\/p>\n\n\n\n<p><strong>Temas:<\/strong><\/p>\n\n\n\n<p>Aquilo que tu quiseres [podemos todos fazer aquilo que queremos?]<\/p>\n\n\n\n<p>Conhece-te a ti mesmo! \u2013 uma oficina para pensar: \u201cAfinal, quem sou eu?\u201d<\/p>\n\n\n\n<p>Os meus superpoderes! [pensar e treinar superpoderes]<\/p>\n\n\n\n<p>Mundo cruel [o que significa ficar de castigo?]<\/p>\n\n\n\n<p><strong><em>O que \u00e9 a FILOCRIATIVIDADE?<\/em><\/strong><\/p>\n\n\n\n<p>A <a href=\"https:\/\/joanarssousa.blogs.sapo.pt\/\">Filocriatividade<\/a> desenvolve, desde 2008, oficinas de filosofia<\/p>\n\n\n\n<p>em diversos contextos: jardim de inf\u00e2ncia, do 1.\u00ba ciclo ao secund\u00e1rio, em bibliotecas<\/p>\n\n\n\n<p>municipais, associa\u00e7\u00f5es culturais, entre outros. Em 2022 participou no festival FOLIO.<\/p>\n\n\n\n<p>Joana Rita Sousa, a autora deste projeto, \u00e9 fil\u00f3sofa e pergunt\u00f3loga. Licenciou-se em Filosofia (UCP) e \u00e9 mestre em filosofia para crian\u00e7as (UAc). Colabora como docente na P\u00f3s-Gradua\u00e7\u00e3o Filosofia para Crian\u00e7as e Jovens, na UCP. \u00c9 membro honor\u00e1rio da Federa\u00e7\u00e3o Mexicana de Filosofia para Crian\u00e7as, do Centro de Filosofia para Crian\u00e7as da Sociedade Portuguesa de Filosofia, da Sophia Network e do The International Council of Philosophy Inquiry with Children (ICPIC).<\/p>\n\n\n\n<p>Site da Filocriatividade: <a href=\"https:\/\/joanarssousa.blogs.sapo.pt\/\">https:\/\/joanarssousa.blogs.sapo.pt\/<\/a><\/p>\n\n\n\n<figure class=\"wp-block-image size-large\"><img decoding=\"async\" loading=\"lazy\" width=\"1024\" height=\"768\" src=\"https:\/\/www.aezuff.org\/extranet\/http:\/\/www.aezuff.org\/extranet\/wp-content\/uploads\/2012\/10\/\/2023\/04\/Oficinas-FILOCRIATIVIDADE_2023-35-1024x768.jpg\" alt=\"\" class=\"wp-image-12766\" srcset=\"https:\/\/www.aezuff.org\/extranet\/http:\/\/www.aezuff.org\/extranet\/wp-content\/uploads\/2012\/10\/2023\/04\/Oficinas-FILOCRIATIVIDADE_2023-35-1024x768.jpg 1024w, https:\/\/www.aezuff.org\/extranet\/http:\/\/www.aezuff.org\/extranet\/wp-content\/uploads\/2012\/10\/2023\/04\/Oficinas-FILOCRIATIVIDADE_2023-35-300x225.jpg 300w, https:\/\/www.aezuff.org\/extranet\/http:\/\/www.aezuff.org\/extranet\/wp-content\/uploads\/2012\/10\/2023\/04\/Oficinas-FILOCRIATIVIDADE_2023-35-768x576.jpg 768w, https:\/\/www.aezuff.org\/extranet\/http:\/\/www.aezuff.org\/extranet\/wp-content\/uploads\/2012\/10\/2023\/04\/Oficinas-FILOCRIATIVIDADE_2023-35-1536x1152.jpg 1536w, https:\/\/www.aezuff.org\/extranet\/http:\/\/www.aezuff.org\/extranet\/wp-content\/uploads\/2012\/10\/2023\/04\/Oficinas-FILOCRIATIVIDADE_2023-35-2048x1536.jpg 2048w\" sizes=\"(max-width: 1024px) 100vw, 1024px\" \/><\/figure>\n<span class=\"synved-social-container synved-social-container-follow\"><a class=\"synved-social-button synved-social-button-follow synved-social-size-24 synved-social-resolution-single synved-social-provider-facebook nolightbox\" data-provider=\"facebook\" target=\"_blank\" rel=\"nofollow\" title=\"Siga-nos no Facebook\" href=\"https:\/\/www.facebook.com\/pages\/Agrupamento-de-Escolas-da-Zona-Urbana-da-Figueira-da-Foz\/112980278714783\" style=\"font-size: 0px; width:24px;height:24px;margin:0;margin-bottom:5px;margin-right:5px;\"><img alt=\"Facebook\" title=\"Siga-nos no Facebook\" class=\"synved-share-image synved-social-image synved-social-image-follow\" width=\"24\" height=\"24\" style=\"display: inline; width:24px;height:24px; margin: 0; padding: 0; border: none; box-shadow: none;\" src=\"https:\/\/www.aezuff.org\/extranet\/wp-content\/plugins\/social-media-feather\/synved-social\/addons\/extra-icons\/image\/social\/flag\/48x48\/facebook.png\" \/><\/a><a class=\"synved-social-button synved-social-button-follow synved-social-size-24 synved-social-resolution-single synved-social-provider-twitter nolightbox\" data-provider=\"twitter\" target=\"_blank\" rel=\"nofollow\" title=\"Siga-nos no Twitter\" href=\"https:\/\/twitter.com\/aezuff\" style=\"font-size: 0px; width:24px;height:24px;margin:0;margin-bottom:5px;margin-right:5px;\"><img alt=\"twitter\" title=\"Siga-nos no Twitter\" class=\"synved-share-image synved-social-image synved-social-image-follow\" width=\"24\" height=\"24\" style=\"display: inline; width:24px;height:24px; margin: 0; padding: 0; border: none; box-shadow: none;\" src=\"https:\/\/www.aezuff.org\/extranet\/wp-content\/plugins\/social-media-feather\/synved-social\/addons\/extra-icons\/image\/social\/flag\/48x48\/twitter.png\" \/><\/a><a class=\"synved-social-button synved-social-button-follow synved-social-size-24 synved-social-resolution-single synved-social-provider-youtube nolightbox\" data-provider=\"youtube\" target=\"_blank\" rel=\"nofollow\" title=\"Subscreva-nos no YouTube\" href=\"http:\/\/www.youtube.com\/user\/actividadeseb23jb\" style=\"font-size: 0px; width:24px;height:24px;margin:0;margin-bottom:5px;\"><img alt=\"youtube\" title=\"Subscreva-nos no YouTube\" class=\"synved-share-image synved-social-image synved-social-image-follow\" width=\"24\" height=\"24\" style=\"display: inline; width:24px;height:24px; margin: 0; padding: 0; border: none; box-shadow: none;\" src=\"https:\/\/www.aezuff.org\/extranet\/wp-content\/plugins\/social-media-feather\/synved-social\/addons\/extra-icons\/image\/social\/flag\/48x48\/youtube.png\" \/><\/a><a class=\"synved-social-credit\" target=\"_blank\" rel=\"nofollow\" title=\"WordPress Social Media Feather\" href=\"http:\/\/synved.com\/wordpress-social-media-feather\/\" style=\"color:#444; text-decoration:none; font-size:8px; margin-left:5px;vertical-align:10px;white-space:nowrap;\"><span>by <\/span><img style=\"display: inline;margin:0;padding:0;width:16px;height:16px;\" width=\"16\" height=\"16\" alt=\"feather\" src=\"https:\/\/www.aezuff.org\/extranet\/wp-content\/plugins\/social-media-feather\/synved-social\/image\/icon.png\" \/><\/a><\/span>","protected":false},"excerpt":{"rendered":"<p>Mais de duas centenas de alunos treinam o pensamento cr\u00edtico Ao longo de 4 dias, mais de 250 alunos do 5.\u00ba ano da Escola Dr. Jo\u00e3o de Barros participaram numa oficina de filosofia, uma&#46;&#46;&#46;<\/p>\n","protected":false},"author":1,"featured_media":12766,"comment_status":"closed","ping_status":"open","sticky":false,"template":"","format":"standard","meta":{"footnotes":""},"categories":[1],"tags":[],"_links":{"self":[{"href":"https:\/\/www.aezuff.org\/extranet\/wp-json\/wp\/v2\/posts\/12765"}],"collection":[{"href":"https:\/\/www.aezuff.org\/extranet\/wp-json\/wp\/v2\/posts"}],"about":[{"href":"https:\/\/www.aezuff.org\/extranet\/wp-json\/wp\/v2\/types\/post"}],"author":[{"embeddable":true,"href":"https:\/\/www.aezuff.org\/extranet\/wp-json\/wp\/v2\/users\/1"}],"replies":[{"embeddable":true,"href":"https:\/\/www.aezuff.org\/extranet\/wp-json\/wp\/v2\/comments?post=12765"}],"version-history":[{"count":1,"href":"https:\/\/www.aezuff.org\/extranet\/wp-json\/wp\/v2\/posts\/12765\/revisions"}],"predecessor-version":[{"id":12767,"href":"https:\/\/www.aezuff.org\/extranet\/wp-json\/wp\/v2\/posts\/12765\/revisions\/12767"}],"wp:featuredmedia":[{"embeddable":true,"href":"https:\/\/www.aezuff.org\/extranet\/wp-json\/wp\/v2\/media\/12766"}],"wp:attachment":[{"href":"https:\/\/www.aezuff.org\/extranet\/wp-json\/wp\/v2\/media?parent=12765"}],"wp:term":[{"taxonomy":"category","embeddable":true,"href":"https:\/\/www.aezuff.org\/extranet\/wp-json\/wp\/v2\/categories?post=12765"},{"taxonomy":"post_tag","embeddable":true,"href":"https:\/\/www.aezuff.org\/extranet\/wp-json\/wp\/v2\/tags?post=12765"}],"curies":[{"name":"wp","href":"https:\/\/api.w.org\/{rel}","templated":true}]}}