{"id":12958,"date":"2023-08-17T21:10:31","date_gmt":"2023-08-17T21:10:31","guid":{"rendered":"https:\/\/www.aezuff.org\/extranet\/?p=12958"},"modified":"2023-08-17T21:10:33","modified_gmt":"2023-08-17T21:10:33","slug":"manuais-escolares-2023-2024-entrega-de-manuais-reutilizaveis","status":"publish","type":"post","link":"https:\/\/www.aezuff.org\/extranet\/manuais-escolares-2023-2024-entrega-de-manuais-reutilizaveis\/","title":{"rendered":"Manuais Escolares 2023\/2024 &#8211; entrega de manuais reutiliz\u00e1veis"},"content":{"rendered":"\n<p>Informamos que, a partir do dia 21 de agosto de 2023 e at\u00e9 ao dia 31 de agosto de 2023, iremos proceder \u00e0 entrega dos Manuais Reutilizados dos 3.\u00ba, 5.\u00ba, 6.\u00ba, 7.\u00ba, 8.\u00ba e 9.\u00ba anos, uma vez que j\u00e1 foram emitidos os respetivos vouchers. <\/p>\n\n\n\n<p>A entrega dos Manuais Escolares decorre das<strong> 9h30 &#8211; 12h00 e das 14h30 &#8211; 17h00, nas salas A3 e A6<\/strong> da Escola B\u00e1sica Jo\u00e3o de Barros (Escola Sede do Agrupamento), sendo o atendimento realizado por ordem de chegada.<\/p>\n\n\n\n<p>Mais informamos que os Manuais Reutilizados foram atribu\u00eddos aos alunos e nas respetivas disciplinas fruto de decis\u00e3o, \u00fanica e exclusivamente, do Minist\u00e9rio da Educa\u00e7\u00e3o e sobre a qual o Agrupamento n\u00e3o teve qualquer interfer\u00eancia.<\/p>\n\n\n\n<p>Gratas pela compreens\u00e3o!<\/p>\n\n\n\n<figure class=\"wp-block-image size-large\"><img decoding=\"async\" loading=\"lazy\" width=\"1024\" height=\"576\" src=\"https:\/\/www.aezuff.org\/extranet\/http:\/\/www.aezuff.org\/extranet\/wp-content\/uploads\/2012\/10\/\/2023\/08\/Imagem-ME-AEZUFF-1-1024x576.jpg\" alt=\"\" class=\"wp-image-12959\" srcset=\"https:\/\/www.aezuff.org\/extranet\/http:\/\/www.aezuff.org\/extranet\/wp-content\/uploads\/2012\/10\/2023\/08\/Imagem-ME-AEZUFF-1-1024x576.jpg 1024w, https:\/\/www.aezuff.org\/extranet\/http:\/\/www.aezuff.org\/extranet\/wp-content\/uploads\/2012\/10\/2023\/08\/Imagem-ME-AEZUFF-1-300x169.jpg 300w, https:\/\/www.aezuff.org\/extranet\/http:\/\/www.aezuff.org\/extranet\/wp-content\/uploads\/2012\/10\/2023\/08\/Imagem-ME-AEZUFF-1-768x432.jpg 768w, https:\/\/www.aezuff.org\/extranet\/http:\/\/www.aezuff.org\/extranet\/wp-content\/uploads\/2012\/10\/2023\/08\/Imagem-ME-AEZUFF-1.jpg 1280w\" sizes=\"(max-width: 1024px) 100vw, 1024px\" \/><\/figure>\n<span class=\"synved-social-container synved-social-container-follow\"><a class=\"synved-social-button synved-social-button-follow synved-social-size-24 synved-social-resolution-single synved-social-provider-facebook nolightbox\" data-provider=\"facebook\" target=\"_blank\" rel=\"nofollow\" title=\"Siga-nos no Facebook\" href=\"https:\/\/www.facebook.com\/pages\/Agrupamento-de-Escolas-da-Zona-Urbana-da-Figueira-da-Foz\/112980278714783\" style=\"font-size: 0px; width:24px;height:24px;margin:0;margin-bottom:5px;margin-right:5px;\"><img alt=\"Facebook\" title=\"Siga-nos no Facebook\" class=\"synved-share-image synved-social-image synved-social-image-follow\" width=\"24\" height=\"24\" style=\"display: inline; width:24px;height:24px; margin: 0; padding: 0; border: none; box-shadow: none;\" src=\"https:\/\/www.aezuff.org\/extranet\/wp-content\/plugins\/social-media-feather\/synved-social\/addons\/extra-icons\/image\/social\/flag\/48x48\/facebook.png\" \/><\/a><a class=\"synved-social-button synved-social-button-follow synved-social-size-24 synved-social-resolution-single synved-social-provider-twitter nolightbox\" data-provider=\"twitter\" target=\"_blank\" rel=\"nofollow\" title=\"Siga-nos no Twitter\" href=\"https:\/\/twitter.com\/aezuff\" style=\"font-size: 0px; width:24px;height:24px;margin:0;margin-bottom:5px;margin-right:5px;\"><img alt=\"twitter\" title=\"Siga-nos no Twitter\" class=\"synved-share-image synved-social-image synved-social-image-follow\" width=\"24\" height=\"24\" style=\"display: inline; width:24px;height:24px; margin: 0; padding: 0; border: none; box-shadow: none;\" src=\"https:\/\/www.aezuff.org\/extranet\/wp-content\/plugins\/social-media-feather\/synved-social\/addons\/extra-icons\/image\/social\/flag\/48x48\/twitter.png\" \/><\/a><a class=\"synved-social-button synved-social-button-follow synved-social-size-24 synved-social-resolution-single synved-social-provider-youtube nolightbox\" data-provider=\"youtube\" target=\"_blank\" rel=\"nofollow\" title=\"Subscreva-nos no YouTube\" href=\"http:\/\/www.youtube.com\/user\/actividadeseb23jb\" style=\"font-size: 0px; width:24px;height:24px;margin:0;margin-bottom:5px;\"><img alt=\"youtube\" title=\"Subscreva-nos no YouTube\" class=\"synved-share-image synved-social-image synved-social-image-follow\" width=\"24\" height=\"24\" style=\"display: inline; width:24px;height:24px; margin: 0; padding: 0; border: none; box-shadow: none;\" src=\"https:\/\/www.aezuff.org\/extranet\/wp-content\/plugins\/social-media-feather\/synved-social\/addons\/extra-icons\/image\/social\/flag\/48x48\/youtube.png\" \/><\/a><a class=\"synved-social-credit\" target=\"_blank\" rel=\"nofollow\" title=\"WordPress Social Media Feather\" href=\"http:\/\/synved.com\/wordpress-social-media-feather\/\" style=\"color:#444; text-decoration:none; font-size:8px; margin-left:5px;vertical-align:10px;white-space:nowrap;\"><span>by <\/span><img style=\"display: inline;margin:0;padding:0;width:16px;height:16px;\" width=\"16\" height=\"16\" alt=\"feather\" src=\"https:\/\/www.aezuff.org\/extranet\/wp-content\/plugins\/social-media-feather\/synved-social\/image\/icon.png\" \/><\/a><\/span>","protected":false},"excerpt":{"rendered":"<p>Informamos que, a partir do dia 21 de agosto de 2023 e at\u00e9 ao dia 31 de agosto de 2023, iremos proceder \u00e0 entrega dos Manuais Reutilizados dos 3.\u00ba, 5.\u00ba, 6.\u00ba, 7.\u00ba, 8.\u00ba e&#46;&#46;&#46;<\/p>\n","protected":false},"author":1,"featured_media":12959,"comment_status":"closed","ping_status":"open","sticky":false,"template":"","format":"standard","meta":{"footnotes":""},"categories":[1],"tags":[],"_links":{"self":[{"href":"https:\/\/www.aezuff.org\/extranet\/wp-json\/wp\/v2\/posts\/12958"}],"collection":[{"href":"https:\/\/www.aezuff.org\/extranet\/wp-json\/wp\/v2\/posts"}],"about":[{"href":"https:\/\/www.aezuff.org\/extranet\/wp-json\/wp\/v2\/types\/post"}],"author":[{"embeddable":true,"href":"https:\/\/www.aezuff.org\/extranet\/wp-json\/wp\/v2\/users\/1"}],"replies":[{"embeddable":true,"href":"https:\/\/www.aezuff.org\/extranet\/wp-json\/wp\/v2\/comments?post=12958"}],"version-history":[{"count":1,"href":"https:\/\/www.aezuff.org\/extranet\/wp-json\/wp\/v2\/posts\/12958\/revisions"}],"predecessor-version":[{"id":12960,"href":"https:\/\/www.aezuff.org\/extranet\/wp-json\/wp\/v2\/posts\/12958\/revisions\/12960"}],"wp:featuredmedia":[{"embeddable":true,"href":"https:\/\/www.aezuff.org\/extranet\/wp-json\/wp\/v2\/media\/12959"}],"wp:attachment":[{"href":"https:\/\/www.aezuff.org\/extranet\/wp-json\/wp\/v2\/media?parent=12958"}],"wp:term":[{"taxonomy":"category","embeddable":true,"href":"https:\/\/www.aezuff.org\/extranet\/wp-json\/wp\/v2\/categories?post=12958"},{"taxonomy":"post_tag","embeddable":true,"href":"https:\/\/www.aezuff.org\/extranet\/wp-json\/wp\/v2\/tags?post=12958"}],"curies":[{"name":"wp","href":"https:\/\/api.w.org\/{rel}","templated":true}]}}