{"id":13107,"date":"2023-10-11T14:40:13","date_gmt":"2023-10-11T14:40:13","guid":{"rendered":"https:\/\/www.aezuff.org\/extranet\/?p=13107"},"modified":"2023-10-11T14:40:13","modified_gmt":"2023-10-11T14:40:13","slug":"torneios-de-abertura-de-tenis-de-mesa-na-escola-basica-joao-de-barros-5-o-ano-2","status":"publish","type":"post","link":"https:\/\/www.aezuff.org\/extranet\/torneios-de-abertura-de-tenis-de-mesa-na-escola-basica-joao-de-barros-5-o-ano-2\/","title":{"rendered":"Torneios de Abertura de T\u00e9nis de Mesa na Escola B\u00e1sica Jo\u00e3o de Barros &#8211; 5.\u00ba Ano"},"content":{"rendered":"\n<p><strong>10 de outubro de 2023<\/strong><\/p>\n\n\n\n<p>Foi com a motiva\u00e7\u00e3o habitual que a Escola B\u00e1sica Jo\u00e3o de Barros j\u00e1 iniciou a sua temporada de competi\u00e7\u00f5es no T\u00e9nis de Mesa, ainda a n\u00edvel interno, com o torneio de Abertura para o 5.\u00ba ano, no dia 10 de outubro. Estando presentes \u00e1rbitros do 6.\u00ba ano que exerceram de forma plena as suas fun\u00e7\u00f5es, ajudaram os mais novos a perceber melhor as regras. Foi enorme o gosto pela pr\u00e1tica desta modalidade, em que todos, jogadores e \u00e1rbitros cooperaram entre si, mostraram respeito m\u00fatuo e cumpriram v\u00e1rios objetivos do desporto escolar \u2013 fair play, aquisi\u00e7\u00e3o de h\u00e1bitos e condutas motoras &#8211; solidariedade, coopera\u00e7\u00e3o, autonomia e criatividade. A competi\u00e7\u00e3o fomentou momentos de maior adrenalina e a presen\u00e7a de tr\u00eas dezenas de alunos, cumpriu o seu principal prop\u00f3sito: cativar para a pr\u00e1tica da modalidade e incentivar para o treino. Destacaram-se, nesta competi\u00e7\u00e3o, os tr\u00eas primeiros classificados do escal\u00e3o Infantil A (ano de nascimento de 2013), nos g\u00e9neros feminino e masculino, que se passam a citar:<\/p>\n\n\n\n<p>No escal\u00e3o Infantil A Feminino: 1.\u00ba \u2013 Filipa Rocha \u2013 5.\u00ba 1; 2.\u00ba \u2013 Alice Carvalho \u2013 5.\u00ba 1 e 3.\u00ba &#8211; Gabriela Domingues \u2013 5.\u00ba 3.<\/p>\n\n\n\n<p>No escal\u00e3o Infantil A Masculino: 1.\u00ba &#8211; Jo\u00e3o Furet &#8211; 5.\u00ba 6; 2.\u00ba &#8211; Afonso Oliveira \u2013 5.\u00ba 8 e 3.\u00ba \u2013 Jos\u00e9 Afonso Leit\u00e3o \u2013 5.\u00ba 1.<\/p>\n\n\n\n<p>No escal\u00e3o Infantil B Masculino, os alunos, Marcos Pinto do 6.\u00ba2 e Fl\u00e1vio Santos, do 5.\u00ba 3 tamb\u00e9m realizaram uma competi\u00e7\u00e3o em que obtiveram o 1.\u00ba e 2.\u00ba Lugares, respetivamente.<\/p>\n\n\n\n<p>Bons treinos! Muitos parab\u00e9ns aos participantes e votos de \u00f3timos desempenhos ao longo do ano! \u00a0<\/p>\n\n\n\n<figure class=\"wp-block-image size-large\"><img decoding=\"async\" loading=\"lazy\" width=\"1024\" height=\"768\" src=\"https:\/\/www.aezuff.org\/extranet\/http:\/\/www.aezuff.org\/extranet\/wp-content\/uploads\/2012\/10\/\/2023\/10\/IMG-20231010-WA0011-1024x768.jpg\" alt=\"\" class=\"wp-image-13108\" srcset=\"https:\/\/www.aezuff.org\/extranet\/http:\/\/www.aezuff.org\/extranet\/wp-content\/uploads\/2012\/10\/2023\/10\/IMG-20231010-WA0011-1024x768.jpg 1024w, https:\/\/www.aezuff.org\/extranet\/http:\/\/www.aezuff.org\/extranet\/wp-content\/uploads\/2012\/10\/2023\/10\/IMG-20231010-WA0011-300x225.jpg 300w, https:\/\/www.aezuff.org\/extranet\/http:\/\/www.aezuff.org\/extranet\/wp-content\/uploads\/2012\/10\/2023\/10\/IMG-20231010-WA0011-768x576.jpg 768w, https:\/\/www.aezuff.org\/extranet\/http:\/\/www.aezuff.org\/extranet\/wp-content\/uploads\/2012\/10\/2023\/10\/IMG-20231010-WA0011-1536x1152.jpg 1536w, https:\/\/www.aezuff.org\/extranet\/http:\/\/www.aezuff.org\/extranet\/wp-content\/uploads\/2012\/10\/2023\/10\/IMG-20231010-WA0011.jpg 1600w\" sizes=\"(max-width: 1024px) 100vw, 1024px\" \/><\/figure>\n<span class=\"synved-social-container synved-social-container-follow\"><a class=\"synved-social-button synved-social-button-follow synved-social-size-24 synved-social-resolution-single synved-social-provider-facebook nolightbox\" data-provider=\"facebook\" target=\"_blank\" rel=\"nofollow\" title=\"Siga-nos no Facebook\" href=\"https:\/\/www.facebook.com\/pages\/Agrupamento-de-Escolas-da-Zona-Urbana-da-Figueira-da-Foz\/112980278714783\" style=\"font-size: 0px; width:24px;height:24px;margin:0;margin-bottom:5px;margin-right:5px;\"><img alt=\"Facebook\" title=\"Siga-nos no Facebook\" class=\"synved-share-image synved-social-image synved-social-image-follow\" width=\"24\" height=\"24\" style=\"display: inline; width:24px;height:24px; margin: 0; padding: 0; border: none; box-shadow: none;\" src=\"https:\/\/www.aezuff.org\/extranet\/wp-content\/plugins\/social-media-feather\/synved-social\/addons\/extra-icons\/image\/social\/flag\/48x48\/facebook.png\" \/><\/a><a class=\"synved-social-button synved-social-button-follow synved-social-size-24 synved-social-resolution-single synved-social-provider-twitter nolightbox\" data-provider=\"twitter\" target=\"_blank\" rel=\"nofollow\" title=\"Siga-nos no Twitter\" href=\"https:\/\/twitter.com\/aezuff\" style=\"font-size: 0px; width:24px;height:24px;margin:0;margin-bottom:5px;margin-right:5px;\"><img alt=\"twitter\" title=\"Siga-nos no Twitter\" class=\"synved-share-image synved-social-image synved-social-image-follow\" width=\"24\" height=\"24\" style=\"display: inline; width:24px;height:24px; margin: 0; padding: 0; border: none; box-shadow: none;\" src=\"https:\/\/www.aezuff.org\/extranet\/wp-content\/plugins\/social-media-feather\/synved-social\/addons\/extra-icons\/image\/social\/flag\/48x48\/twitter.png\" \/><\/a><a class=\"synved-social-button synved-social-button-follow synved-social-size-24 synved-social-resolution-single synved-social-provider-youtube nolightbox\" data-provider=\"youtube\" target=\"_blank\" rel=\"nofollow\" title=\"Subscreva-nos no YouTube\" href=\"http:\/\/www.youtube.com\/user\/actividadeseb23jb\" style=\"font-size: 0px; width:24px;height:24px;margin:0;margin-bottom:5px;\"><img alt=\"youtube\" title=\"Subscreva-nos no YouTube\" class=\"synved-share-image synved-social-image synved-social-image-follow\" width=\"24\" height=\"24\" style=\"display: inline; width:24px;height:24px; margin: 0; padding: 0; border: none; box-shadow: none;\" src=\"https:\/\/www.aezuff.org\/extranet\/wp-content\/plugins\/social-media-feather\/synved-social\/addons\/extra-icons\/image\/social\/flag\/48x48\/youtube.png\" \/><\/a><a class=\"synved-social-credit\" target=\"_blank\" rel=\"nofollow\" title=\"WordPress Social Media Feather\" href=\"http:\/\/synved.com\/wordpress-social-media-feather\/\" style=\"color:#444; text-decoration:none; font-size:8px; margin-left:5px;vertical-align:10px;white-space:nowrap;\"><span>by <\/span><img style=\"display: inline;margin:0;padding:0;width:16px;height:16px;\" width=\"16\" height=\"16\" alt=\"feather\" src=\"https:\/\/www.aezuff.org\/extranet\/wp-content\/plugins\/social-media-feather\/synved-social\/image\/icon.png\" \/><\/a><\/span>","protected":false},"excerpt":{"rendered":"<p>10 de outubro de 2023 Foi com a motiva\u00e7\u00e3o habitual que a Escola B\u00e1sica Jo\u00e3o de Barros j\u00e1 iniciou a sua temporada de competi\u00e7\u00f5es no T\u00e9nis de Mesa, ainda a n\u00edvel interno, com o&#46;&#46;&#46;<\/p>\n","protected":false},"author":1,"featured_media":13108,"comment_status":"closed","ping_status":"open","sticky":false,"template":"","format":"standard","meta":{"footnotes":""},"categories":[1],"tags":[],"_links":{"self":[{"href":"https:\/\/www.aezuff.org\/extranet\/wp-json\/wp\/v2\/posts\/13107"}],"collection":[{"href":"https:\/\/www.aezuff.org\/extranet\/wp-json\/wp\/v2\/posts"}],"about":[{"href":"https:\/\/www.aezuff.org\/extranet\/wp-json\/wp\/v2\/types\/post"}],"author":[{"embeddable":true,"href":"https:\/\/www.aezuff.org\/extranet\/wp-json\/wp\/v2\/users\/1"}],"replies":[{"embeddable":true,"href":"https:\/\/www.aezuff.org\/extranet\/wp-json\/wp\/v2\/comments?post=13107"}],"version-history":[{"count":1,"href":"https:\/\/www.aezuff.org\/extranet\/wp-json\/wp\/v2\/posts\/13107\/revisions"}],"predecessor-version":[{"id":13109,"href":"https:\/\/www.aezuff.org\/extranet\/wp-json\/wp\/v2\/posts\/13107\/revisions\/13109"}],"wp:featuredmedia":[{"embeddable":true,"href":"https:\/\/www.aezuff.org\/extranet\/wp-json\/wp\/v2\/media\/13108"}],"wp:attachment":[{"href":"https:\/\/www.aezuff.org\/extranet\/wp-json\/wp\/v2\/media?parent=13107"}],"wp:term":[{"taxonomy":"category","embeddable":true,"href":"https:\/\/www.aezuff.org\/extranet\/wp-json\/wp\/v2\/categories?post=13107"},{"taxonomy":"post_tag","embeddable":true,"href":"https:\/\/www.aezuff.org\/extranet\/wp-json\/wp\/v2\/tags?post=13107"}],"curies":[{"name":"wp","href":"https:\/\/api.w.org\/{rel}","templated":true}]}}