{"id":13113,"date":"2023-10-13T08:34:17","date_gmt":"2023-10-13T08:34:17","guid":{"rendered":"https:\/\/www.aezuff.org\/extranet\/?p=13113"},"modified":"2023-10-13T08:34:17","modified_gmt":"2023-10-13T08:34:17","slug":"torneios-de-abertura-de-tenis-de-mesa-na-escola-dr-joao-de-barros-6-o-ano-e-3-o-ciclo-11-e-12-de-outubro-de-2023","status":"publish","type":"post","link":"https:\/\/www.aezuff.org\/extranet\/torneios-de-abertura-de-tenis-de-mesa-na-escola-dr-joao-de-barros-6-o-ano-e-3-o-ciclo-11-e-12-de-outubro-de-2023\/","title":{"rendered":"Torneios de Abertura de T\u00e9nis de Mesa na Escola Dr. Jo\u00e3o de Barros \u2013 6.\u00ba Ano e 3.\u00ba Ciclo \u2013 11 e 12 de outubro de 2023"},"content":{"rendered":"\n<p>Ficaram conclu\u00eddos os torneios de Abertura de T\u00e9nis de Mesa, respetivamente nos dias 11 e 12 de outubro, para o 6.\u00ba ano e 3.\u00ba Ciclo. Os torneios contaram com uma elevada presen\u00e7a de alunos, tendo, alguns deles, j\u00e1 iniciado os seus treinos no passado ano letivo, continuando a demonstrar um enorme gosto e empenho pela pr\u00e1tica desta modalidade.<\/p>\n\n\n\n<p>A competi\u00e7\u00e3o do 6.\u00ba ano foi muito bem disputada, envolvendo um quadro de 16 alunos no g\u00e9nero masculino e um quadro de 8 na competi\u00e7\u00e3o feminina, tendo-se realizado as partidas \u00e0 melhor de 3 sets. \u00c9 de destacar que esteve em competi\u00e7\u00e3o a Campe\u00e3 Distrital de Infantil A, do passado ano letivo, a aluna Maria In\u00eas Monteiro, agora do 6.\u00ba 1. Na arbitragem, evidenciou-se a Campe\u00e3 Distrital de T\u00e9nis de Mesa, no escal\u00e3o de Infantil B do passado ano letivo, a aluna Maria Rodrigues Marques. As tr\u00eas primeiras classifica\u00e7\u00f5es no escal\u00e3o Infantil B (ano de nascimento de 2011 e 2012) foram as seguintes:<\/p>\n\n\n\n<p>Infantil B Feminino: 1.\u00ba \u2013 Maria In\u00eas Monteiro \u2013 6.\u00ba 1; 2.\u00ba \u2013 Filipa Oliveira \u2013 6.\u00ba 1 e 3.\u00ba \u2013 Lara Nereu \u2013 6.\u00ba 6.<\/p>\n\n\n\n<p>Infantil B Masculino: 1.\u00ba \u2013 Gon\u00e7alo Bastos \u2013 (protocolado); 2.\u00ba \u2013 Rafael Prata \u2013 6.\u00ba 6 e 3.\u00ba \u2013 Duarte Ca\u00e7\u00e3o \u2013 6.\u00ba 6.<\/p>\n\n\n\n<p>Mencionam-se seguidamente as classifica\u00e7\u00f5es do 3.\u00ba Ciclo, no escal\u00e3o de Iniciados:<\/p>\n\n\n\n<p>1.\u00ba \u2013 Daniel Rosalino; 2.\u00ba \u2013 Gabriel Martins e 3.\u00ba \u2013 Gustavo Siqueira (todos os alunos do 9.\u00ba C). Em 1.\u00ba lugar feminino, ficou a aluna Maria Carvalho, do 8.\u00ba A.<\/p>\n\n\n\n<p>Parab\u00e9ns a todos os participantes!<\/p>\n\n\n\n<figure class=\"wp-block-image size-large\"><img decoding=\"async\" loading=\"lazy\" width=\"1024\" height=\"768\" src=\"https:\/\/www.aezuff.org\/extranet\/http:\/\/www.aezuff.org\/extranet\/wp-content\/uploads\/2012\/10\/\/2023\/10\/IMG-20231011-WA0039-1024x768.jpg\" alt=\"\" class=\"wp-image-13114\" srcset=\"https:\/\/www.aezuff.org\/extranet\/http:\/\/www.aezuff.org\/extranet\/wp-content\/uploads\/2012\/10\/2023\/10\/IMG-20231011-WA0039-1024x768.jpg 1024w, https:\/\/www.aezuff.org\/extranet\/http:\/\/www.aezuff.org\/extranet\/wp-content\/uploads\/2012\/10\/2023\/10\/IMG-20231011-WA0039-300x225.jpg 300w, https:\/\/www.aezuff.org\/extranet\/http:\/\/www.aezuff.org\/extranet\/wp-content\/uploads\/2012\/10\/2023\/10\/IMG-20231011-WA0039-768x576.jpg 768w, https:\/\/www.aezuff.org\/extranet\/http:\/\/www.aezuff.org\/extranet\/wp-content\/uploads\/2012\/10\/2023\/10\/IMG-20231011-WA0039-1536x1152.jpg 1536w, https:\/\/www.aezuff.org\/extranet\/http:\/\/www.aezuff.org\/extranet\/wp-content\/uploads\/2012\/10\/2023\/10\/IMG-20231011-WA0039.jpg 1600w\" sizes=\"(max-width: 1024px) 100vw, 1024px\" \/><\/figure>\n<span class=\"synved-social-container synved-social-container-follow\"><a class=\"synved-social-button synved-social-button-follow synved-social-size-24 synved-social-resolution-single synved-social-provider-facebook nolightbox\" data-provider=\"facebook\" target=\"_blank\" rel=\"nofollow\" title=\"Siga-nos no Facebook\" href=\"https:\/\/www.facebook.com\/pages\/Agrupamento-de-Escolas-da-Zona-Urbana-da-Figueira-da-Foz\/112980278714783\" style=\"font-size: 0px; width:24px;height:24px;margin:0;margin-bottom:5px;margin-right:5px;\"><img alt=\"Facebook\" title=\"Siga-nos no Facebook\" class=\"synved-share-image synved-social-image synved-social-image-follow\" width=\"24\" height=\"24\" style=\"display: inline; width:24px;height:24px; margin: 0; padding: 0; border: none; box-shadow: none;\" src=\"https:\/\/www.aezuff.org\/extranet\/wp-content\/plugins\/social-media-feather\/synved-social\/addons\/extra-icons\/image\/social\/flag\/48x48\/facebook.png\" \/><\/a><a class=\"synved-social-button synved-social-button-follow synved-social-size-24 synved-social-resolution-single synved-social-provider-twitter nolightbox\" data-provider=\"twitter\" target=\"_blank\" rel=\"nofollow\" title=\"Siga-nos no Twitter\" href=\"https:\/\/twitter.com\/aezuff\" style=\"font-size: 0px; width:24px;height:24px;margin:0;margin-bottom:5px;margin-right:5px;\"><img alt=\"twitter\" title=\"Siga-nos no Twitter\" class=\"synved-share-image synved-social-image synved-social-image-follow\" width=\"24\" height=\"24\" style=\"display: inline; width:24px;height:24px; margin: 0; padding: 0; border: none; box-shadow: none;\" src=\"https:\/\/www.aezuff.org\/extranet\/wp-content\/plugins\/social-media-feather\/synved-social\/addons\/extra-icons\/image\/social\/flag\/48x48\/twitter.png\" \/><\/a><a class=\"synved-social-button synved-social-button-follow synved-social-size-24 synved-social-resolution-single synved-social-provider-youtube nolightbox\" data-provider=\"youtube\" target=\"_blank\" rel=\"nofollow\" title=\"Subscreva-nos no YouTube\" href=\"http:\/\/www.youtube.com\/user\/actividadeseb23jb\" style=\"font-size: 0px; width:24px;height:24px;margin:0;margin-bottom:5px;\"><img alt=\"youtube\" title=\"Subscreva-nos no YouTube\" class=\"synved-share-image synved-social-image synved-social-image-follow\" width=\"24\" height=\"24\" style=\"display: inline; width:24px;height:24px; margin: 0; padding: 0; border: none; box-shadow: none;\" src=\"https:\/\/www.aezuff.org\/extranet\/wp-content\/plugins\/social-media-feather\/synved-social\/addons\/extra-icons\/image\/social\/flag\/48x48\/youtube.png\" \/><\/a><a class=\"synved-social-credit\" target=\"_blank\" rel=\"nofollow\" title=\"WordPress Social Media Feather\" href=\"http:\/\/synved.com\/wordpress-social-media-feather\/\" style=\"color:#444; text-decoration:none; font-size:8px; margin-left:5px;vertical-align:10px;white-space:nowrap;\"><span>by <\/span><img style=\"display: inline;margin:0;padding:0;width:16px;height:16px;\" width=\"16\" height=\"16\" alt=\"feather\" src=\"https:\/\/www.aezuff.org\/extranet\/wp-content\/plugins\/social-media-feather\/synved-social\/image\/icon.png\" \/><\/a><\/span>","protected":false},"excerpt":{"rendered":"<p>Ficaram conclu\u00eddos os torneios de Abertura de T\u00e9nis de Mesa, respetivamente nos dias 11 e 12 de outubro, para o 6.\u00ba ano e 3.\u00ba Ciclo. Os torneios contaram com uma elevada presen\u00e7a de alunos,&#46;&#46;&#46;<\/p>\n","protected":false},"author":1,"featured_media":13114,"comment_status":"closed","ping_status":"open","sticky":false,"template":"","format":"standard","meta":{"footnotes":""},"categories":[1],"tags":[],"_links":{"self":[{"href":"https:\/\/www.aezuff.org\/extranet\/wp-json\/wp\/v2\/posts\/13113"}],"collection":[{"href":"https:\/\/www.aezuff.org\/extranet\/wp-json\/wp\/v2\/posts"}],"about":[{"href":"https:\/\/www.aezuff.org\/extranet\/wp-json\/wp\/v2\/types\/post"}],"author":[{"embeddable":true,"href":"https:\/\/www.aezuff.org\/extranet\/wp-json\/wp\/v2\/users\/1"}],"replies":[{"embeddable":true,"href":"https:\/\/www.aezuff.org\/extranet\/wp-json\/wp\/v2\/comments?post=13113"}],"version-history":[{"count":1,"href":"https:\/\/www.aezuff.org\/extranet\/wp-json\/wp\/v2\/posts\/13113\/revisions"}],"predecessor-version":[{"id":13115,"href":"https:\/\/www.aezuff.org\/extranet\/wp-json\/wp\/v2\/posts\/13113\/revisions\/13115"}],"wp:featuredmedia":[{"embeddable":true,"href":"https:\/\/www.aezuff.org\/extranet\/wp-json\/wp\/v2\/media\/13114"}],"wp:attachment":[{"href":"https:\/\/www.aezuff.org\/extranet\/wp-json\/wp\/v2\/media?parent=13113"}],"wp:term":[{"taxonomy":"category","embeddable":true,"href":"https:\/\/www.aezuff.org\/extranet\/wp-json\/wp\/v2\/categories?post=13113"},{"taxonomy":"post_tag","embeddable":true,"href":"https:\/\/www.aezuff.org\/extranet\/wp-json\/wp\/v2\/tags?post=13113"}],"curies":[{"name":"wp","href":"https:\/\/api.w.org\/{rel}","templated":true}]}}