{"id":13528,"date":"2024-02-05T21:09:44","date_gmt":"2024-02-05T21:09:44","guid":{"rendered":"https:\/\/www.aezuff.org\/extranet\/?p=13528"},"modified":"2024-02-05T21:09:45","modified_gmt":"2024-02-05T21:09:45","slug":"corta-mato-distrital-05-de-fevereiro-de-2024","status":"publish","type":"post","link":"https:\/\/www.aezuff.org\/extranet\/corta-mato-distrital-05-de-fevereiro-de-2024\/","title":{"rendered":"Corta Mato Distrital \u2013 05 de fevereiro de 2024"},"content":{"rendered":"\n<p>O Corta-Mato Distrital realizou-se no dia 5 de fevereiro, na Floresta Bissaya Barreto, em Bencanta &#8211; Coimbra, no campus do Conhecimento e da Cidadania, com a participa\u00e7\u00e3o de cerca de 1250 alunos das v\u00e1rias escolas do Distrito. Mais uma vez, a comitiva do AEZUFF foi muito reduzida, por imposi\u00e7\u00e3o do novo regulamento das provas, em que s\u00f3 tr\u00eas alunos se podem inscrever por escal\u00e3o et\u00e1rio e g\u00e9nero, a citar: Infantis A e B e Iniciados.<\/p>\n\n\n\n<p>Mais uma vez foi vedada a oportunidade da participa\u00e7\u00e3o das equipas nestes escal\u00f5es et\u00e1rios, o que muito lamentamos, pois as provas por equipas s\u00e3o muito motivadoras para os alunos, promovendo o esp\u00edrito de grupo, cidadania e de entreajuda. As condi\u00e7\u00f5es clim\u00e1ticas foram bastante favor\u00e1veis, tendo-se verificado que houve um constante empenho e muito compromisso na realiza\u00e7\u00e3o da melhor presta\u00e7\u00e3o por parte dos alunos.<\/p>\n\n\n\n<p>Acompanharam a comitiva a professora Gabriela Coronel e o professor Jos\u00e9 Canhola, que incentivaram e apoiaram os alunos em quest\u00e3o. Um agradecimento pela coopera\u00e7\u00e3o e colabora\u00e7\u00e3o exemplares.<\/p>\n\n\n\n<figure class=\"wp-block-image size-full\"><img decoding=\"async\" loading=\"lazy\" width=\"815\" height=\"568\" src=\"https:\/\/www.aezuff.org\/extranet\/http:\/\/www.aezuff.org\/extranet\/wp-content\/uploads\/2012\/10\/\/2024\/02\/IMG-20240205-WA0015.jpg\" alt=\"\" class=\"wp-image-13529\" srcset=\"https:\/\/www.aezuff.org\/extranet\/http:\/\/www.aezuff.org\/extranet\/wp-content\/uploads\/2012\/10\/2024\/02\/IMG-20240205-WA0015.jpg 815w, https:\/\/www.aezuff.org\/extranet\/http:\/\/www.aezuff.org\/extranet\/wp-content\/uploads\/2012\/10\/2024\/02\/IMG-20240205-WA0015-300x209.jpg 300w, https:\/\/www.aezuff.org\/extranet\/http:\/\/www.aezuff.org\/extranet\/wp-content\/uploads\/2012\/10\/2024\/02\/IMG-20240205-WA0015-768x535.jpg 768w\" sizes=\"(max-width: 815px) 100vw, 815px\" \/><\/figure>\n<span class=\"synved-social-container synved-social-container-follow\"><a class=\"synved-social-button synved-social-button-follow synved-social-size-24 synved-social-resolution-single synved-social-provider-facebook nolightbox\" data-provider=\"facebook\" target=\"_blank\" rel=\"nofollow\" title=\"Siga-nos no Facebook\" href=\"https:\/\/www.facebook.com\/pages\/Agrupamento-de-Escolas-da-Zona-Urbana-da-Figueira-da-Foz\/112980278714783\" style=\"font-size: 0px; width:24px;height:24px;margin:0;margin-bottom:5px;margin-right:5px;\"><img alt=\"Facebook\" title=\"Siga-nos no Facebook\" class=\"synved-share-image synved-social-image synved-social-image-follow\" width=\"24\" height=\"24\" style=\"display: inline; width:24px;height:24px; margin: 0; padding: 0; border: none; box-shadow: none;\" src=\"https:\/\/www.aezuff.org\/extranet\/wp-content\/plugins\/social-media-feather\/synved-social\/addons\/extra-icons\/image\/social\/flag\/48x48\/facebook.png\" \/><\/a><a class=\"synved-social-button synved-social-button-follow synved-social-size-24 synved-social-resolution-single synved-social-provider-twitter nolightbox\" data-provider=\"twitter\" target=\"_blank\" rel=\"nofollow\" title=\"Siga-nos no Twitter\" href=\"https:\/\/twitter.com\/aezuff\" style=\"font-size: 0px; width:24px;height:24px;margin:0;margin-bottom:5px;margin-right:5px;\"><img alt=\"twitter\" title=\"Siga-nos no Twitter\" class=\"synved-share-image synved-social-image synved-social-image-follow\" width=\"24\" height=\"24\" style=\"display: inline; width:24px;height:24px; margin: 0; padding: 0; border: none; box-shadow: none;\" src=\"https:\/\/www.aezuff.org\/extranet\/wp-content\/plugins\/social-media-feather\/synved-social\/addons\/extra-icons\/image\/social\/flag\/48x48\/twitter.png\" \/><\/a><a class=\"synved-social-button synved-social-button-follow synved-social-size-24 synved-social-resolution-single synved-social-provider-youtube nolightbox\" data-provider=\"youtube\" target=\"_blank\" rel=\"nofollow\" title=\"Subscreva-nos no YouTube\" href=\"http:\/\/www.youtube.com\/user\/actividadeseb23jb\" style=\"font-size: 0px; width:24px;height:24px;margin:0;margin-bottom:5px;\"><img alt=\"youtube\" title=\"Subscreva-nos no YouTube\" class=\"synved-share-image synved-social-image synved-social-image-follow\" width=\"24\" height=\"24\" style=\"display: inline; width:24px;height:24px; margin: 0; padding: 0; border: none; box-shadow: none;\" src=\"https:\/\/www.aezuff.org\/extranet\/wp-content\/plugins\/social-media-feather\/synved-social\/addons\/extra-icons\/image\/social\/flag\/48x48\/youtube.png\" \/><\/a><a class=\"synved-social-credit\" target=\"_blank\" rel=\"nofollow\" title=\"WordPress Social Media Feather\" href=\"http:\/\/synved.com\/wordpress-social-media-feather\/\" style=\"color:#444; text-decoration:none; font-size:8px; margin-left:5px;vertical-align:10px;white-space:nowrap;\"><span>by <\/span><img style=\"display: inline;margin:0;padding:0;width:16px;height:16px;\" width=\"16\" height=\"16\" alt=\"feather\" src=\"https:\/\/www.aezuff.org\/extranet\/wp-content\/plugins\/social-media-feather\/synved-social\/image\/icon.png\" \/><\/a><\/span>","protected":false},"excerpt":{"rendered":"<p>O Corta-Mato Distrital realizou-se no dia 5 de fevereiro, na Floresta Bissaya Barreto, em Bencanta &#8211; Coimbra, no campus do Conhecimento e da Cidadania, com a participa\u00e7\u00e3o de cerca de 1250 alunos das v\u00e1rias&#46;&#46;&#46;<\/p>\n","protected":false},"author":1,"featured_media":13529,"comment_status":"closed","ping_status":"open","sticky":false,"template":"","format":"standard","meta":{"footnotes":""},"categories":[1],"tags":[],"_links":{"self":[{"href":"https:\/\/www.aezuff.org\/extranet\/wp-json\/wp\/v2\/posts\/13528"}],"collection":[{"href":"https:\/\/www.aezuff.org\/extranet\/wp-json\/wp\/v2\/posts"}],"about":[{"href":"https:\/\/www.aezuff.org\/extranet\/wp-json\/wp\/v2\/types\/post"}],"author":[{"embeddable":true,"href":"https:\/\/www.aezuff.org\/extranet\/wp-json\/wp\/v2\/users\/1"}],"replies":[{"embeddable":true,"href":"https:\/\/www.aezuff.org\/extranet\/wp-json\/wp\/v2\/comments?post=13528"}],"version-history":[{"count":1,"href":"https:\/\/www.aezuff.org\/extranet\/wp-json\/wp\/v2\/posts\/13528\/revisions"}],"predecessor-version":[{"id":13530,"href":"https:\/\/www.aezuff.org\/extranet\/wp-json\/wp\/v2\/posts\/13528\/revisions\/13530"}],"wp:featuredmedia":[{"embeddable":true,"href":"https:\/\/www.aezuff.org\/extranet\/wp-json\/wp\/v2\/media\/13529"}],"wp:attachment":[{"href":"https:\/\/www.aezuff.org\/extranet\/wp-json\/wp\/v2\/media?parent=13528"}],"wp:term":[{"taxonomy":"category","embeddable":true,"href":"https:\/\/www.aezuff.org\/extranet\/wp-json\/wp\/v2\/categories?post=13528"},{"taxonomy":"post_tag","embeddable":true,"href":"https:\/\/www.aezuff.org\/extranet\/wp-json\/wp\/v2\/tags?post=13528"}],"curies":[{"name":"wp","href":"https:\/\/api.w.org\/{rel}","templated":true}]}}