{"id":13552,"date":"2024-02-08T09:17:29","date_gmt":"2024-02-08T09:17:29","guid":{"rendered":"https:\/\/www.aezuff.org\/extranet\/?p=13552"},"modified":"2024-02-08T09:29:39","modified_gmt":"2024-02-08T09:29:39","slug":"noticia-mega-sprinter-40-m-fase-escola-07-02-2024","status":"publish","type":"post","link":"https:\/\/www.aezuff.org\/extranet\/noticia-mega-sprinter-40-m-fase-escola-07-02-2024\/","title":{"rendered":"Mega Sprinter \u2013 40 m &#8211; fase escola \u2013 07.02.2024"},"content":{"rendered":"\n<p>O Grupo de Educa\u00e7\u00e3o F\u00edsica da Escola B\u00e1sica Jo\u00e3o de Barros dinamizou, mais uma vez, no dia 7 de fevereiro, o Mega Sprinter \u2013 40 m &#8211; fase escola, com a presen\u00e7a de um elevado n\u00famero de alunos. Agradecemos desde j\u00e1 a presen\u00e7a dos atletas selecionadas do 1.\u00ba Ciclo (4.\u00ba ano) e respetivos respons\u00e1veis que os acompanharam \u00e0 prova, a citar: Professores, Encarregados de Educa\u00e7\u00e3o e Assistentes Operacionais.<\/p>\n\n\n\n<p>Destacaram-se assim as seguintes classifica\u00e7\u00f5es, dignas de registo:<\/p>\n\n\n\n<p>1.\u00ba Ciclo &#8211; Infantil A FEM: 1.\u00ba &#8211; Leonor Ruivo 4.\u00ba A \u2013 S. Juli\u00e3o\/Tavarede; 2.\u00ba &#8211; Mel Oliveira \u2013 4B Abadias e 3.\u00ba &#8211; Sara Soares &#8211; 4.\u00ba A \u2013 S. Juli\u00e3o\/Tavarede;<\/p>\n\n\n\n<p>1.\u00ba Ciclo &#8211; Infantil A MASC: 1.\u00ba &#8211; Rodrigo Leal \u2013 4A Abadias; 2.\u00ba &#8211; Salvador Neto \u2013 4A Viso e 3.\u00ba &#8211; Allan Lemos \u2013 4.\u00ba C Abadias;<\/p>\n\n\n\n<p>Infantil A FEM: 1.\u00ba &#8211; Eliana Lopes (5.\u00ba 5); 2.\u00ba &#8211; Melissa Fraga (5.\u00ba 10) e 3.\u00ba &#8211; Noa Maltez (5.\u00ba4);<\/p>\n\n\n\n<p>Infantil A MASC: 1.\u00ba &#8211; Rodrigo Gon\u00e7alves (5.\u00ba 11); 2.\u00ba &#8211; Gabriel Costa (5.\u00ba 4) e 3.\u00ba &#8211; Gabriel Souza (5.\u00ba3);&nbsp;&nbsp;&nbsp;&nbsp;&nbsp;&nbsp;&nbsp;&nbsp;&nbsp;&nbsp;&nbsp;<\/p>\n\n\n\n<p>Infantil B FEM: 1.\u00ba &#8211; M\u00aa Dinis Bastos (6.\u00ba2); Carolina Germano (6.\u00ba 7) e 3.\u00ba &#8211; Lara Silva (7.\u00baD);<\/p>\n\n\n\n<p>Infantil B MASC: 1.\u00ba &#8211; David Gaspar (7.\u00ba A); 2.\u00ba &#8211; Pedro Lima (6.\u00ba 8) e 3.\u00ba &#8211; Gabriel Fajardo (5.\u00ba9);<\/p>\n\n\n\n<p>Iniciado FEM: 1.\u00ba &#8211; M.\u00aa Beatriz Esteves (7.\u00ba B); 2.\u00ba &#8211; In\u00eas Mendes (9.\u00ba A) e 3.\u00ba &#8211; Maria Mendes (9.\u00ba B);<\/p>\n\n\n\n<p>Iniciado MASC: 1.\u00ba &#8211; Carlos Santos (9.\u00ba B); 2.\u00ba &#8211; Lu\u00eds Figueiredo (9.\u00ba A) e 3.\u00ba &#8211; Alexsandro Silva (6.\u00ba 6);<\/p>\n\n\n\n<p>Juvenil FEM: 1.\u00ba &#8211; Nycole Schimittel (9.\u00ba D); 2.\u00ba &#8211; Luana Gomes (8.\u00ba B) e 3.\u00ba &#8211; Vanessa Moreira (9.\u00ba D);<\/p>\n\n\n\n<p>Juvenil MASC: 1.\u00ba &#8211; Pedro Freitas (9.\u00ba D) e 2.\u00ba &#8211; Kayke Ribeiro (8.\u00ba B) e 3.\u00ba &#8211; Martim Neto (8.\u00ba A).<\/p>\n\n\n\n<p>Procurou esta competi\u00e7\u00e3o incentivar para a pr\u00e1tica do Atletismo, para o esp\u00edrito desportivo e de coopera\u00e7\u00e3o, contribuindo assim para o processo formativo dos alunos. As provas dos v\u00e1rios escal\u00f5es foram bastante competitivas pelo que est\u00e3o todos de parab\u00e9ns!<\/p>\n\n\n\n<figure class=\"wp-block-image size-large\"><img decoding=\"async\" loading=\"lazy\" width=\"1024\" height=\"768\" src=\"https:\/\/www.aezuff.org\/extranet\/http:\/\/www.aezuff.org\/extranet\/wp-content\/uploads\/2012\/10\/\/2024\/02\/IMG-20240207-WA0009-1024x768.jpg\" alt=\"\" class=\"wp-image-13553\" srcset=\"https:\/\/www.aezuff.org\/extranet\/http:\/\/www.aezuff.org\/extranet\/wp-content\/uploads\/2012\/10\/2024\/02\/IMG-20240207-WA0009-1024x768.jpg 1024w, https:\/\/www.aezuff.org\/extranet\/http:\/\/www.aezuff.org\/extranet\/wp-content\/uploads\/2012\/10\/2024\/02\/IMG-20240207-WA0009-300x225.jpg 300w, https:\/\/www.aezuff.org\/extranet\/http:\/\/www.aezuff.org\/extranet\/wp-content\/uploads\/2012\/10\/2024\/02\/IMG-20240207-WA0009-768x576.jpg 768w, https:\/\/www.aezuff.org\/extranet\/http:\/\/www.aezuff.org\/extranet\/wp-content\/uploads\/2012\/10\/2024\/02\/IMG-20240207-WA0009-1536x1152.jpg 1536w, https:\/\/www.aezuff.org\/extranet\/http:\/\/www.aezuff.org\/extranet\/wp-content\/uploads\/2012\/10\/2024\/02\/IMG-20240207-WA0009.jpg 2000w\" sizes=\"(max-width: 1024px) 100vw, 1024px\" \/><\/figure>\n<span class=\"synved-social-container synved-social-container-follow\"><a class=\"synved-social-button synved-social-button-follow synved-social-size-24 synved-social-resolution-single synved-social-provider-facebook nolightbox\" data-provider=\"facebook\" target=\"_blank\" rel=\"nofollow\" title=\"Siga-nos no Facebook\" href=\"https:\/\/www.facebook.com\/pages\/Agrupamento-de-Escolas-da-Zona-Urbana-da-Figueira-da-Foz\/112980278714783\" style=\"font-size: 0px; width:24px;height:24px;margin:0;margin-bottom:5px;margin-right:5px;\"><img alt=\"Facebook\" title=\"Siga-nos no Facebook\" class=\"synved-share-image synved-social-image synved-social-image-follow\" width=\"24\" height=\"24\" style=\"display: inline; width:24px;height:24px; margin: 0; padding: 0; border: none; box-shadow: none;\" src=\"https:\/\/www.aezuff.org\/extranet\/wp-content\/plugins\/social-media-feather\/synved-social\/addons\/extra-icons\/image\/social\/flag\/48x48\/facebook.png\" \/><\/a><a class=\"synved-social-button synved-social-button-follow synved-social-size-24 synved-social-resolution-single synved-social-provider-twitter nolightbox\" data-provider=\"twitter\" target=\"_blank\" rel=\"nofollow\" title=\"Siga-nos no Twitter\" href=\"https:\/\/twitter.com\/aezuff\" style=\"font-size: 0px; width:24px;height:24px;margin:0;margin-bottom:5px;margin-right:5px;\"><img alt=\"twitter\" title=\"Siga-nos no Twitter\" class=\"synved-share-image synved-social-image synved-social-image-follow\" width=\"24\" height=\"24\" style=\"display: inline; width:24px;height:24px; margin: 0; padding: 0; border: none; box-shadow: none;\" src=\"https:\/\/www.aezuff.org\/extranet\/wp-content\/plugins\/social-media-feather\/synved-social\/addons\/extra-icons\/image\/social\/flag\/48x48\/twitter.png\" \/><\/a><a class=\"synved-social-button synved-social-button-follow synved-social-size-24 synved-social-resolution-single synved-social-provider-youtube nolightbox\" data-provider=\"youtube\" target=\"_blank\" rel=\"nofollow\" title=\"Subscreva-nos no YouTube\" href=\"http:\/\/www.youtube.com\/user\/actividadeseb23jb\" style=\"font-size: 0px; width:24px;height:24px;margin:0;margin-bottom:5px;\"><img alt=\"youtube\" title=\"Subscreva-nos no YouTube\" class=\"synved-share-image synved-social-image synved-social-image-follow\" width=\"24\" height=\"24\" style=\"display: inline; width:24px;height:24px; margin: 0; padding: 0; border: none; box-shadow: none;\" src=\"https:\/\/www.aezuff.org\/extranet\/wp-content\/plugins\/social-media-feather\/synved-social\/addons\/extra-icons\/image\/social\/flag\/48x48\/youtube.png\" \/><\/a><a class=\"synved-social-credit\" target=\"_blank\" rel=\"nofollow\" title=\"WordPress Social Media Feather\" href=\"http:\/\/synved.com\/wordpress-social-media-feather\/\" style=\"color:#444; text-decoration:none; font-size:8px; margin-left:5px;vertical-align:10px;white-space:nowrap;\"><span>by <\/span><img style=\"display: inline;margin:0;padding:0;width:16px;height:16px;\" width=\"16\" height=\"16\" alt=\"feather\" src=\"https:\/\/www.aezuff.org\/extranet\/wp-content\/plugins\/social-media-feather\/synved-social\/image\/icon.png\" \/><\/a><\/span>","protected":false},"excerpt":{"rendered":"<p>O Grupo de Educa\u00e7\u00e3o F\u00edsica da Escola B\u00e1sica Jo\u00e3o de Barros dinamizou, mais uma vez, no dia 7 de fevereiro, o Mega Sprinter \u2013 40 m &#8211; fase escola, com a presen\u00e7a de um&#46;&#46;&#46;<\/p>\n","protected":false},"author":1,"featured_media":13553,"comment_status":"closed","ping_status":"open","sticky":false,"template":"","format":"standard","meta":{"footnotes":""},"categories":[1],"tags":[],"_links":{"self":[{"href":"https:\/\/www.aezuff.org\/extranet\/wp-json\/wp\/v2\/posts\/13552"}],"collection":[{"href":"https:\/\/www.aezuff.org\/extranet\/wp-json\/wp\/v2\/posts"}],"about":[{"href":"https:\/\/www.aezuff.org\/extranet\/wp-json\/wp\/v2\/types\/post"}],"author":[{"embeddable":true,"href":"https:\/\/www.aezuff.org\/extranet\/wp-json\/wp\/v2\/users\/1"}],"replies":[{"embeddable":true,"href":"https:\/\/www.aezuff.org\/extranet\/wp-json\/wp\/v2\/comments?post=13552"}],"version-history":[{"count":2,"href":"https:\/\/www.aezuff.org\/extranet\/wp-json\/wp\/v2\/posts\/13552\/revisions"}],"predecessor-version":[{"id":13555,"href":"https:\/\/www.aezuff.org\/extranet\/wp-json\/wp\/v2\/posts\/13552\/revisions\/13555"}],"wp:featuredmedia":[{"embeddable":true,"href":"https:\/\/www.aezuff.org\/extranet\/wp-json\/wp\/v2\/media\/13553"}],"wp:attachment":[{"href":"https:\/\/www.aezuff.org\/extranet\/wp-json\/wp\/v2\/media?parent=13552"}],"wp:term":[{"taxonomy":"category","embeddable":true,"href":"https:\/\/www.aezuff.org\/extranet\/wp-json\/wp\/v2\/categories?post=13552"},{"taxonomy":"post_tag","embeddable":true,"href":"https:\/\/www.aezuff.org\/extranet\/wp-json\/wp\/v2\/tags?post=13552"}],"curies":[{"name":"wp","href":"https:\/\/api.w.org\/{rel}","templated":true}]}}