{"id":13692,"date":"2024-03-13T10:35:37","date_gmt":"2024-03-13T10:35:37","guid":{"rendered":"https:\/\/www.aezuff.org\/extranet\/?p=13692"},"modified":"2024-03-13T10:35:37","modified_gmt":"2024-03-13T10:35:37","slug":"visita-a-santiago-de-compostela","status":"publish","type":"post","link":"https:\/\/www.aezuff.org\/extranet\/visita-a-santiago-de-compostela\/","title":{"rendered":"Visita a Santiago de Compostela"},"content":{"rendered":"\n<p>A Disciplina de EMRC, nos dias 8 e 9 de mar\u00e7o, realizou a atividade \u201cVisita a Santiago de Compostela\u201d. Dois dias extraordinariamente diferentes e cheios de experi\u00eancias novas, vividas com muita alegria e intensidade. Acompanharam esta visita os professores Gil Gon\u00e7alves e Ana Lu\u00edsa de Melo.<\/p>\n\n\n\n<p>Foram m\u00faltiplas e variadas as atividades realizadas: no dia 8 (sexta-feira), depois de algumas horas de autocarro, com paragem para almo\u00e7ar no Monte de Santa Luzia, em Viana do Castelo, fomos \u00e0 ilha de La Toja, onde and\u00e1mos de barco e nos serviram mexilh\u00e3o, preparado no pr\u00f3prio barco, mas sempre cercados de \u00e1gua tanto do mar, como do c\u00e9u, atrav\u00e9s de grandes chuvadas. Jant\u00e1mos, fizemos um momento de ora\u00e7\u00e3o da noite e dormimos (alguns, muito pouco\u2026) num hotel com excelentes condi\u00e7\u00f5es.<\/p>\n\n\n\n<p>No dia 9 (s\u00e1bado) visit\u00e1mos, rez\u00e1mos e demos um abra\u00e7o ao Santo na Catedral de Santiago de Compostela. Tivemos tamb\u00e9m a oportunidade de fazer a compra de algumas recorda\u00e7\u00f5es. No regresso a Portugal par\u00e1mos no Arr\u00e1bida Shopping para lancharmos.<\/p>\n\n\n\n<p>Aproveitamos para agradecer a importante e imprescind\u00edvel colabora\u00e7\u00e3o da professora Ana Lu\u00edsa de Melo, assim como \u00e0 Dire\u00e7\u00e3o e aos servi\u00e7os administrativos, por toda a ajuda prestada.<\/p>\n\n\n\n<p>Temos a certeza que esta atividade vai ficar guardada, para sempre, na mem\u00f3ria de todos os que nela participaram.<\/p>\n\n\n\n<figure class=\"wp-block-image size-large\"><img decoding=\"async\" loading=\"lazy\" width=\"561\" height=\"1024\" src=\"https:\/\/www.aezuff.org\/extranet\/http:\/\/www.aezuff.org\/extranet\/wp-content\/uploads\/2012\/10\/\/2024\/03\/Foto_1-561x1024.jpg\" alt=\"\" class=\"wp-image-13693\" srcset=\"https:\/\/www.aezuff.org\/extranet\/http:\/\/www.aezuff.org\/extranet\/wp-content\/uploads\/2012\/10\/2024\/03\/Foto_1-561x1024.jpg 561w, https:\/\/www.aezuff.org\/extranet\/http:\/\/www.aezuff.org\/extranet\/wp-content\/uploads\/2012\/10\/2024\/03\/Foto_1-164x300.jpg 164w, https:\/\/www.aezuff.org\/extranet\/http:\/\/www.aezuff.org\/extranet\/wp-content\/uploads\/2012\/10\/2024\/03\/Foto_1-768x1402.jpg 768w, https:\/\/www.aezuff.org\/extranet\/http:\/\/www.aezuff.org\/extranet\/wp-content\/uploads\/2012\/10\/2024\/03\/Foto_1-842x1536.jpg 842w, https:\/\/www.aezuff.org\/extranet\/http:\/\/www.aezuff.org\/extranet\/wp-content\/uploads\/2012\/10\/2024\/03\/Foto_1-1122x2048.jpg 1122w, https:\/\/www.aezuff.org\/extranet\/http:\/\/www.aezuff.org\/extranet\/wp-content\/uploads\/2012\/10\/2024\/03\/Foto_1-scaled.jpg 1403w\" sizes=\"(max-width: 561px) 100vw, 561px\" \/><\/figure>\n<span class=\"synved-social-container synved-social-container-follow\"><a class=\"synved-social-button synved-social-button-follow synved-social-size-24 synved-social-resolution-single synved-social-provider-facebook nolightbox\" data-provider=\"facebook\" target=\"_blank\" rel=\"nofollow\" title=\"Siga-nos no Facebook\" href=\"https:\/\/www.facebook.com\/pages\/Agrupamento-de-Escolas-da-Zona-Urbana-da-Figueira-da-Foz\/112980278714783\" style=\"font-size: 0px; width:24px;height:24px;margin:0;margin-bottom:5px;margin-right:5px;\"><img alt=\"Facebook\" title=\"Siga-nos no Facebook\" class=\"synved-share-image synved-social-image synved-social-image-follow\" width=\"24\" height=\"24\" style=\"display: inline; width:24px;height:24px; margin: 0; padding: 0; border: none; box-shadow: none;\" src=\"https:\/\/www.aezuff.org\/extranet\/wp-content\/plugins\/social-media-feather\/synved-social\/addons\/extra-icons\/image\/social\/flag\/48x48\/facebook.png\" \/><\/a><a class=\"synved-social-button synved-social-button-follow synved-social-size-24 synved-social-resolution-single synved-social-provider-twitter nolightbox\" data-provider=\"twitter\" target=\"_blank\" rel=\"nofollow\" title=\"Siga-nos no Twitter\" href=\"https:\/\/twitter.com\/aezuff\" style=\"font-size: 0px; width:24px;height:24px;margin:0;margin-bottom:5px;margin-right:5px;\"><img alt=\"twitter\" title=\"Siga-nos no Twitter\" class=\"synved-share-image synved-social-image synved-social-image-follow\" width=\"24\" height=\"24\" style=\"display: inline; width:24px;height:24px; margin: 0; padding: 0; border: none; box-shadow: none;\" src=\"https:\/\/www.aezuff.org\/extranet\/wp-content\/plugins\/social-media-feather\/synved-social\/addons\/extra-icons\/image\/social\/flag\/48x48\/twitter.png\" \/><\/a><a class=\"synved-social-button synved-social-button-follow synved-social-size-24 synved-social-resolution-single synved-social-provider-youtube nolightbox\" data-provider=\"youtube\" target=\"_blank\" rel=\"nofollow\" title=\"Subscreva-nos no YouTube\" href=\"http:\/\/www.youtube.com\/user\/actividadeseb23jb\" style=\"font-size: 0px; width:24px;height:24px;margin:0;margin-bottom:5px;\"><img alt=\"youtube\" title=\"Subscreva-nos no YouTube\" class=\"synved-share-image synved-social-image synved-social-image-follow\" width=\"24\" height=\"24\" style=\"display: inline; width:24px;height:24px; margin: 0; padding: 0; border: none; box-shadow: none;\" src=\"https:\/\/www.aezuff.org\/extranet\/wp-content\/plugins\/social-media-feather\/synved-social\/addons\/extra-icons\/image\/social\/flag\/48x48\/youtube.png\" \/><\/a><a class=\"synved-social-credit\" target=\"_blank\" rel=\"nofollow\" title=\"WordPress Social Media Feather\" href=\"http:\/\/synved.com\/wordpress-social-media-feather\/\" style=\"color:#444; text-decoration:none; font-size:8px; margin-left:5px;vertical-align:10px;white-space:nowrap;\"><span>by <\/span><img style=\"display: inline;margin:0;padding:0;width:16px;height:16px;\" width=\"16\" height=\"16\" alt=\"feather\" src=\"https:\/\/www.aezuff.org\/extranet\/wp-content\/plugins\/social-media-feather\/synved-social\/image\/icon.png\" \/><\/a><\/span>","protected":false},"excerpt":{"rendered":"<p>A Disciplina de EMRC, nos dias 8 e 9 de mar\u00e7o, realizou a atividade \u201cVisita a Santiago de Compostela\u201d. Dois dias extraordinariamente diferentes e cheios de experi\u00eancias novas, vividas com muita alegria e intensidade.&#46;&#46;&#46;<\/p>\n","protected":false},"author":1,"featured_media":13693,"comment_status":"closed","ping_status":"open","sticky":false,"template":"","format":"standard","meta":{"footnotes":""},"categories":[1],"tags":[],"_links":{"self":[{"href":"https:\/\/www.aezuff.org\/extranet\/wp-json\/wp\/v2\/posts\/13692"}],"collection":[{"href":"https:\/\/www.aezuff.org\/extranet\/wp-json\/wp\/v2\/posts"}],"about":[{"href":"https:\/\/www.aezuff.org\/extranet\/wp-json\/wp\/v2\/types\/post"}],"author":[{"embeddable":true,"href":"https:\/\/www.aezuff.org\/extranet\/wp-json\/wp\/v2\/users\/1"}],"replies":[{"embeddable":true,"href":"https:\/\/www.aezuff.org\/extranet\/wp-json\/wp\/v2\/comments?post=13692"}],"version-history":[{"count":1,"href":"https:\/\/www.aezuff.org\/extranet\/wp-json\/wp\/v2\/posts\/13692\/revisions"}],"predecessor-version":[{"id":13694,"href":"https:\/\/www.aezuff.org\/extranet\/wp-json\/wp\/v2\/posts\/13692\/revisions\/13694"}],"wp:featuredmedia":[{"embeddable":true,"href":"https:\/\/www.aezuff.org\/extranet\/wp-json\/wp\/v2\/media\/13693"}],"wp:attachment":[{"href":"https:\/\/www.aezuff.org\/extranet\/wp-json\/wp\/v2\/media?parent=13692"}],"wp:term":[{"taxonomy":"category","embeddable":true,"href":"https:\/\/www.aezuff.org\/extranet\/wp-json\/wp\/v2\/categories?post=13692"},{"taxonomy":"post_tag","embeddable":true,"href":"https:\/\/www.aezuff.org\/extranet\/wp-json\/wp\/v2\/tags?post=13692"}],"curies":[{"name":"wp","href":"https:\/\/api.w.org\/{rel}","templated":true}]}}