{"id":13718,"date":"2024-03-17T17:21:15","date_gmt":"2024-03-17T17:21:15","guid":{"rendered":"https:\/\/www.aezuff.org\/extranet\/?p=13718"},"modified":"2024-03-17T17:21:16","modified_gmt":"2024-03-17T17:21:16","slug":"programa-erasmus-polonia-atividades-de-educacao-fisica-e-clubes-de-de-sobre-rodas-e-tenis-de-mesa-13-e-15-03-24","status":"publish","type":"post","link":"https:\/\/www.aezuff.org\/extranet\/programa-erasmus-polonia-atividades-de-educacao-fisica-e-clubes-de-de-sobre-rodas-e-tenis-de-mesa-13-e-15-03-24\/","title":{"rendered":"Programa Erasmus \u2013 Pol\u00f3nia &#8211; Atividades de Educa\u00e7\u00e3o F\u00edsica e Clubes de DE sobre Rodas e T\u00e9nis de Mesa \u2013 13 e 15.03.24"},"content":{"rendered":"\n<p>No dia 13 e 15 de mar\u00e7o, os alunos e professores que integram o Programa Erasmus \u2013 Pol\u00f3nia, puderam participar em m\u00faltiplas atividades de Educa\u00e7\u00e3o F\u00edsica e dos Clubes de \u201cDE sobre Rodas\u201d e de \u201cT\u00e9nis de Mesa\u201d. Estiveram envolvidos nesta dinamiza\u00e7\u00e3o, v\u00e1rios docentes, tais como, Gabriela Coronel, Isabel Oliveira, Jo\u00e3o Furet e V\u00edtor Louren\u00e7o. Alunos do Grupo\/Equipa de T\u00e9nis de Mesa e de DE sobre Rodas tamb\u00e9m colaboraram e as turmas que partilharam esta experi\u00eancia foram: 5.\u00ba4; 5.\u00ba11 e 5.\u00ba13. Este conv\u00edvio proporcionou a oportunidade de troca de experi\u00eancias diversificadas, tanto a n\u00edvel desportivo como a n\u00edvel relacional, desenvolvendo compet\u00eancias como a coopera\u00e7\u00e3o, autonomia, integra\u00e7\u00e3o, skills motores, expans\u00e3o de conhecimentos e amizades. Este interc\u00e2mbio internacional, bastante desafiante, promoveu um significativo enriquecimento multicultural.<\/p>\n\n\n\n<figure class=\"wp-block-image size-large\"><img decoding=\"async\" loading=\"lazy\" width=\"1024\" height=\"589\" src=\"https:\/\/www.aezuff.org\/extranet\/http:\/\/www.aezuff.org\/extranet\/wp-content\/uploads\/2012\/10\/\/2024\/03\/IMG-20240315-WA0014-1024x589.jpg\" alt=\"\" class=\"wp-image-13719\" srcset=\"https:\/\/www.aezuff.org\/extranet\/http:\/\/www.aezuff.org\/extranet\/wp-content\/uploads\/2012\/10\/2024\/03\/IMG-20240315-WA0014-1024x589.jpg 1024w, https:\/\/www.aezuff.org\/extranet\/http:\/\/www.aezuff.org\/extranet\/wp-content\/uploads\/2012\/10\/2024\/03\/IMG-20240315-WA0014-300x172.jpg 300w, https:\/\/www.aezuff.org\/extranet\/http:\/\/www.aezuff.org\/extranet\/wp-content\/uploads\/2012\/10\/2024\/03\/IMG-20240315-WA0014-768x442.jpg 768w, https:\/\/www.aezuff.org\/extranet\/http:\/\/www.aezuff.org\/extranet\/wp-content\/uploads\/2012\/10\/2024\/03\/IMG-20240315-WA0014.jpg 1487w\" sizes=\"(max-width: 1024px) 100vw, 1024px\" \/><\/figure>\n<span class=\"synved-social-container synved-social-container-follow\"><a class=\"synved-social-button synved-social-button-follow synved-social-size-24 synved-social-resolution-single synved-social-provider-facebook nolightbox\" data-provider=\"facebook\" target=\"_blank\" rel=\"nofollow\" title=\"Siga-nos no Facebook\" href=\"https:\/\/www.facebook.com\/pages\/Agrupamento-de-Escolas-da-Zona-Urbana-da-Figueira-da-Foz\/112980278714783\" style=\"font-size: 0px; width:24px;height:24px;margin:0;margin-bottom:5px;margin-right:5px;\"><img alt=\"Facebook\" title=\"Siga-nos no Facebook\" class=\"synved-share-image synved-social-image synved-social-image-follow\" width=\"24\" height=\"24\" style=\"display: inline; width:24px;height:24px; margin: 0; padding: 0; border: none; box-shadow: none;\" src=\"https:\/\/www.aezuff.org\/extranet\/wp-content\/plugins\/social-media-feather\/synved-social\/addons\/extra-icons\/image\/social\/flag\/48x48\/facebook.png\" \/><\/a><a class=\"synved-social-button synved-social-button-follow synved-social-size-24 synved-social-resolution-single synved-social-provider-twitter nolightbox\" data-provider=\"twitter\" target=\"_blank\" rel=\"nofollow\" title=\"Siga-nos no Twitter\" href=\"https:\/\/twitter.com\/aezuff\" style=\"font-size: 0px; width:24px;height:24px;margin:0;margin-bottom:5px;margin-right:5px;\"><img alt=\"twitter\" title=\"Siga-nos no Twitter\" class=\"synved-share-image synved-social-image synved-social-image-follow\" width=\"24\" height=\"24\" style=\"display: inline; width:24px;height:24px; margin: 0; padding: 0; border: none; box-shadow: none;\" src=\"https:\/\/www.aezuff.org\/extranet\/wp-content\/plugins\/social-media-feather\/synved-social\/addons\/extra-icons\/image\/social\/flag\/48x48\/twitter.png\" \/><\/a><a class=\"synved-social-button synved-social-button-follow synved-social-size-24 synved-social-resolution-single synved-social-provider-youtube nolightbox\" data-provider=\"youtube\" target=\"_blank\" rel=\"nofollow\" title=\"Subscreva-nos no YouTube\" href=\"http:\/\/www.youtube.com\/user\/actividadeseb23jb\" style=\"font-size: 0px; width:24px;height:24px;margin:0;margin-bottom:5px;\"><img alt=\"youtube\" title=\"Subscreva-nos no YouTube\" class=\"synved-share-image synved-social-image synved-social-image-follow\" width=\"24\" height=\"24\" style=\"display: inline; width:24px;height:24px; margin: 0; padding: 0; border: none; box-shadow: none;\" src=\"https:\/\/www.aezuff.org\/extranet\/wp-content\/plugins\/social-media-feather\/synved-social\/addons\/extra-icons\/image\/social\/flag\/48x48\/youtube.png\" \/><\/a><a class=\"synved-social-credit\" target=\"_blank\" rel=\"nofollow\" title=\"WordPress Social Media Feather\" href=\"http:\/\/synved.com\/wordpress-social-media-feather\/\" style=\"color:#444; text-decoration:none; font-size:8px; margin-left:5px;vertical-align:10px;white-space:nowrap;\"><span>by <\/span><img style=\"display: inline;margin:0;padding:0;width:16px;height:16px;\" width=\"16\" height=\"16\" alt=\"feather\" src=\"https:\/\/www.aezuff.org\/extranet\/wp-content\/plugins\/social-media-feather\/synved-social\/image\/icon.png\" \/><\/a><\/span>","protected":false},"excerpt":{"rendered":"<p>No dia 13 e 15 de mar\u00e7o, os alunos e professores que integram o Programa Erasmus \u2013 Pol\u00f3nia, puderam participar em m\u00faltiplas atividades de Educa\u00e7\u00e3o F\u00edsica e dos Clubes de \u201cDE sobre Rodas\u201d e&#46;&#46;&#46;<\/p>\n","protected":false},"author":1,"featured_media":13719,"comment_status":"closed","ping_status":"open","sticky":false,"template":"","format":"standard","meta":{"footnotes":""},"categories":[1],"tags":[],"_links":{"self":[{"href":"https:\/\/www.aezuff.org\/extranet\/wp-json\/wp\/v2\/posts\/13718"}],"collection":[{"href":"https:\/\/www.aezuff.org\/extranet\/wp-json\/wp\/v2\/posts"}],"about":[{"href":"https:\/\/www.aezuff.org\/extranet\/wp-json\/wp\/v2\/types\/post"}],"author":[{"embeddable":true,"href":"https:\/\/www.aezuff.org\/extranet\/wp-json\/wp\/v2\/users\/1"}],"replies":[{"embeddable":true,"href":"https:\/\/www.aezuff.org\/extranet\/wp-json\/wp\/v2\/comments?post=13718"}],"version-history":[{"count":1,"href":"https:\/\/www.aezuff.org\/extranet\/wp-json\/wp\/v2\/posts\/13718\/revisions"}],"predecessor-version":[{"id":13720,"href":"https:\/\/www.aezuff.org\/extranet\/wp-json\/wp\/v2\/posts\/13718\/revisions\/13720"}],"wp:featuredmedia":[{"embeddable":true,"href":"https:\/\/www.aezuff.org\/extranet\/wp-json\/wp\/v2\/media\/13719"}],"wp:attachment":[{"href":"https:\/\/www.aezuff.org\/extranet\/wp-json\/wp\/v2\/media?parent=13718"}],"wp:term":[{"taxonomy":"category","embeddable":true,"href":"https:\/\/www.aezuff.org\/extranet\/wp-json\/wp\/v2\/categories?post=13718"},{"taxonomy":"post_tag","embeddable":true,"href":"https:\/\/www.aezuff.org\/extranet\/wp-json\/wp\/v2\/tags?post=13718"}],"curies":[{"name":"wp","href":"https:\/\/api.w.org\/{rel}","templated":true}]}}