{"id":13732,"date":"2024-03-21T16:46:36","date_gmt":"2024-03-21T16:46:36","guid":{"rendered":"https:\/\/www.aezuff.org\/extranet\/?p=13732"},"modified":"2024-03-21T16:46:37","modified_gmt":"2024-03-21T16:46:37","slug":"final-distrital-de-tenis-de-mesa-de-iniciados-e-juvenis-de-20-03-24","status":"publish","type":"post","link":"https:\/\/www.aezuff.org\/extranet\/final-distrital-de-tenis-de-mesa-de-iniciados-e-juvenis-de-20-03-24\/","title":{"rendered":"Final Distrital de T\u00e9nis de Mesa de Iniciados e Juvenis (DE) 20\/03\/24"},"content":{"rendered":"\n<p>Maria Marques e Miguel Gomes \u2013 Campe\u00f5es Distritais de Iniciados de T\u00e9nis de Mesa do Desporto Escolar \/Apuramento para Campeonato Regional<\/p>\n\n\n\n<p>Foi no dia 20 de mar\u00e7o, que se disputou pela 5.\u00aa vez consecutiva, o Campeonato Distrital de T\u00e9nis de Mesa do Desporto Escolar, de Iniciados e Juvenis, Individuais e por Equipas, na Figueira da Foz. Estiveram presentes cerca de uma centena de alunos das seguintes escolas: EB Jo\u00e3o de Barros; EB Arganil; EB Arazede; EBS Montemor-o-Velho; EB Ferrer Correia; ES T\u00e1bua; EBS Quinta das Flores; EB<strong> <\/strong>Cordinha; EB Ceira; EBS Poiares; EB Condeixa-a-Nova; ES Mira; ES Jaime Cortes\u00e3o e EB Silva Gaio. \u00c9 de recordar que antes desta Final foram disputadas as v\u00e1rias jornadas do calend\u00e1rio competitivo, respeitantes a cada uma das cinco s\u00e9ries.<\/p>\n\n\n\n<p>Este evento realizou-se, mais uma vez, no Pavilh\u00e3o Galamba Marques em parceria com a Escola B\u00e1sica Dr. Jo\u00e3o de Barros tendo possibilitado condi\u00e7\u00f5es de elevada qualidade. Equipa imprescind\u00edvel, nesta dinamiza\u00e7\u00e3o encontram-se os professores, Fernando Torres, da Escola B\u00e1sica de Arazede, Jo\u00e3o Furet da Escola B\u00e1sica Dr. Jo\u00e3o de Barros e Renato Sim\u00f5es, respons\u00e1vel pela modalidade de T\u00e9nis de Mesa do Gin\u00e1sio Clube Figueirense, que, mais uma vez, se revelaram inexced\u00edveis.<\/p>\n\n\n\n<p>Um agradecimento a toda uma vasta equipa colaborativa de Professores\/ Alunos\/ Assistentes Operacionais\/ Assistentes T\u00e9cnicos\/ Dire\u00e7\u00e3o da Escola B\u00e1sica Jo\u00e3o de Barros\/ Dire\u00e7\u00e3o do Gin\u00e1sio Clube Figueirense\/ Associa\u00e7\u00e3o de T\u00e9nis de Mesa de Coimbra\/ Coordena\u00e7\u00e3o Local de Desporto Escolar de Coimbra, que permitiram esta dinamiza\u00e7\u00e3o de forma t\u00e3o significativa! Refer\u00eancia ainda \u00e0 Sr.\u00aa Diretora do AEZUFF, Dr.\u00aa Bela Matos, que foi felicitar os respetivos jogadores. Os resultados foram excelentes para a Escola B\u00e1sica Dr. Jo\u00e3o de Barros, tendo-se sagrado Campe\u00f5es Distritais, no escal\u00e3o de Iniciados, a aluna Maria Marques (protocolada) e o aluno Miguel Gomes, do 9.\u00baA, com brilhantes desempenhos. Alunos estes, que para al\u00e9m de se destacarem pelas suas compet\u00eancias desportivas tamb\u00e9m se destacam pelas suas qualidades pessoais. Muitos parab\u00e9ns! Assim, continuar\u00e3o o seu percurso competitivo e estar\u00e3o presentes no Campeonato Regional, que se realizar\u00e1 em Viseu, no Agrupamento de Escolas do Mund\u00e3o, nos dias 12 e 13 de abril.<\/p>\n\n\n\n<p>Os alunos Gon\u00e7alo Silva e Santiago Antunes, do 8\u00baA, realizaram a arbitragem, sendo exemplares nas suas fun\u00e7\u00f5es. Mais uma vez foi valorizado o esfor\u00e7o e o empenho de todos os intervenientes, sendo o T\u00e9nis de Mesa uma modalidade cada vez mais inclusiva e um exemplo de trabalho colaborativo. Muita gratid\u00e3o!<\/p>\n\n\n\n<figure class=\"wp-block-image size-large is-resized\"><img decoding=\"async\" loading=\"lazy\" width=\"768\" height=\"1024\" src=\"https:\/\/www.aezuff.org\/extranet\/http:\/\/www.aezuff.org\/extranet\/wp-content\/uploads\/2012\/10\/\/2024\/03\/IMG-20240320-WA0010-768x1024.jpg\" alt=\"\" class=\"wp-image-13733\" style=\"aspect-ratio:0.75;width:674px;height:auto\" srcset=\"https:\/\/www.aezuff.org\/extranet\/http:\/\/www.aezuff.org\/extranet\/wp-content\/uploads\/2012\/10\/2024\/03\/IMG-20240320-WA0010-768x1024.jpg 768w, https:\/\/www.aezuff.org\/extranet\/http:\/\/www.aezuff.org\/extranet\/wp-content\/uploads\/2012\/10\/2024\/03\/IMG-20240320-WA0010-225x300.jpg 225w, https:\/\/www.aezuff.org\/extranet\/http:\/\/www.aezuff.org\/extranet\/wp-content\/uploads\/2012\/10\/2024\/03\/IMG-20240320-WA0010-1152x1536.jpg 1152w, https:\/\/www.aezuff.org\/extranet\/http:\/\/www.aezuff.org\/extranet\/wp-content\/uploads\/2012\/10\/2024\/03\/IMG-20240320-WA0010.jpg 1200w\" sizes=\"(max-width: 768px) 100vw, 768px\" \/><\/figure>\n<span class=\"synved-social-container synved-social-container-follow\"><a class=\"synved-social-button synved-social-button-follow synved-social-size-24 synved-social-resolution-single synved-social-provider-facebook nolightbox\" data-provider=\"facebook\" target=\"_blank\" rel=\"nofollow\" title=\"Siga-nos no Facebook\" href=\"https:\/\/www.facebook.com\/pages\/Agrupamento-de-Escolas-da-Zona-Urbana-da-Figueira-da-Foz\/112980278714783\" style=\"font-size: 0px; width:24px;height:24px;margin:0;margin-bottom:5px;margin-right:5px;\"><img alt=\"Facebook\" title=\"Siga-nos no Facebook\" class=\"synved-share-image synved-social-image synved-social-image-follow\" width=\"24\" height=\"24\" style=\"display: inline; width:24px;height:24px; margin: 0; padding: 0; border: none; box-shadow: none;\" src=\"https:\/\/www.aezuff.org\/extranet\/wp-content\/plugins\/social-media-feather\/synved-social\/addons\/extra-icons\/image\/social\/flag\/48x48\/facebook.png\" \/><\/a><a class=\"synved-social-button synved-social-button-follow synved-social-size-24 synved-social-resolution-single synved-social-provider-twitter nolightbox\" data-provider=\"twitter\" target=\"_blank\" rel=\"nofollow\" title=\"Siga-nos no Twitter\" href=\"https:\/\/twitter.com\/aezuff\" style=\"font-size: 0px; width:24px;height:24px;margin:0;margin-bottom:5px;margin-right:5px;\"><img alt=\"twitter\" title=\"Siga-nos no Twitter\" class=\"synved-share-image synved-social-image synved-social-image-follow\" width=\"24\" height=\"24\" style=\"display: inline; width:24px;height:24px; margin: 0; padding: 0; border: none; box-shadow: none;\" src=\"https:\/\/www.aezuff.org\/extranet\/wp-content\/plugins\/social-media-feather\/synved-social\/addons\/extra-icons\/image\/social\/flag\/48x48\/twitter.png\" \/><\/a><a class=\"synved-social-button synved-social-button-follow synved-social-size-24 synved-social-resolution-single synved-social-provider-youtube nolightbox\" data-provider=\"youtube\" target=\"_blank\" rel=\"nofollow\" title=\"Subscreva-nos no YouTube\" href=\"http:\/\/www.youtube.com\/user\/actividadeseb23jb\" style=\"font-size: 0px; width:24px;height:24px;margin:0;margin-bottom:5px;\"><img alt=\"youtube\" title=\"Subscreva-nos no YouTube\" class=\"synved-share-image synved-social-image synved-social-image-follow\" width=\"24\" height=\"24\" style=\"display: inline; width:24px;height:24px; margin: 0; padding: 0; border: none; box-shadow: none;\" src=\"https:\/\/www.aezuff.org\/extranet\/wp-content\/plugins\/social-media-feather\/synved-social\/addons\/extra-icons\/image\/social\/flag\/48x48\/youtube.png\" \/><\/a><a class=\"synved-social-credit\" target=\"_blank\" rel=\"nofollow\" title=\"WordPress Social Media Feather\" href=\"http:\/\/synved.com\/wordpress-social-media-feather\/\" style=\"color:#444; text-decoration:none; font-size:8px; margin-left:5px;vertical-align:10px;white-space:nowrap;\"><span>by <\/span><img style=\"display: inline;margin:0;padding:0;width:16px;height:16px;\" width=\"16\" height=\"16\" alt=\"feather\" src=\"https:\/\/www.aezuff.org\/extranet\/wp-content\/plugins\/social-media-feather\/synved-social\/image\/icon.png\" \/><\/a><\/span>","protected":false},"excerpt":{"rendered":"<p>Maria Marques e Miguel Gomes \u2013 Campe\u00f5es Distritais de Iniciados de T\u00e9nis de Mesa do Desporto Escolar \/Apuramento para Campeonato Regional Foi no dia 20 de mar\u00e7o, que se disputou pela 5.\u00aa vez consecutiva,&#46;&#46;&#46;<\/p>\n","protected":false},"author":1,"featured_media":13733,"comment_status":"closed","ping_status":"open","sticky":false,"template":"","format":"standard","meta":{"footnotes":""},"categories":[1],"tags":[],"_links":{"self":[{"href":"https:\/\/www.aezuff.org\/extranet\/wp-json\/wp\/v2\/posts\/13732"}],"collection":[{"href":"https:\/\/www.aezuff.org\/extranet\/wp-json\/wp\/v2\/posts"}],"about":[{"href":"https:\/\/www.aezuff.org\/extranet\/wp-json\/wp\/v2\/types\/post"}],"author":[{"embeddable":true,"href":"https:\/\/www.aezuff.org\/extranet\/wp-json\/wp\/v2\/users\/1"}],"replies":[{"embeddable":true,"href":"https:\/\/www.aezuff.org\/extranet\/wp-json\/wp\/v2\/comments?post=13732"}],"version-history":[{"count":1,"href":"https:\/\/www.aezuff.org\/extranet\/wp-json\/wp\/v2\/posts\/13732\/revisions"}],"predecessor-version":[{"id":13734,"href":"https:\/\/www.aezuff.org\/extranet\/wp-json\/wp\/v2\/posts\/13732\/revisions\/13734"}],"wp:featuredmedia":[{"embeddable":true,"href":"https:\/\/www.aezuff.org\/extranet\/wp-json\/wp\/v2\/media\/13733"}],"wp:attachment":[{"href":"https:\/\/www.aezuff.org\/extranet\/wp-json\/wp\/v2\/media?parent=13732"}],"wp:term":[{"taxonomy":"category","embeddable":true,"href":"https:\/\/www.aezuff.org\/extranet\/wp-json\/wp\/v2\/categories?post=13732"},{"taxonomy":"post_tag","embeddable":true,"href":"https:\/\/www.aezuff.org\/extranet\/wp-json\/wp\/v2\/tags?post=13732"}],"curies":[{"name":"wp","href":"https:\/\/api.w.org\/{rel}","templated":true}]}}