{"id":13735,"date":"2024-03-21T17:33:51","date_gmt":"2024-03-21T17:33:51","guid":{"rendered":"https:\/\/www.aezuff.org\/extranet\/?p=13735"},"modified":"2024-03-21T17:33:52","modified_gmt":"2024-03-21T17:33:52","slug":"dia-mundial-da-poesia-3","status":"publish","type":"post","link":"https:\/\/www.aezuff.org\/extranet\/dia-mundial-da-poesia-3\/","title":{"rendered":"Dia Mundial da Poesia\u00a0"},"content":{"rendered":"\n<p>O Departamento de L\u00ednguas comemorou o Dia Mundial da Poesia com v\u00e1rias atividades que foram da escrita, \u00e0 leitura e \u00e0 partilha de poemas. Os poemas foram elaborados pelos alunos e pelas alunas, mas tamb\u00e9m por alguns encarregados de educa\u00e7\u00e3o que se quiseram juntar a esta iniciativa.&nbsp; Estes trabalhos encontram-se expostos em v\u00e1rios espa\u00e7os da escola, nomeadamente \u201cA \u00c1rvore das palavras\u201d, em frente \u00e0 biblioteca Jo\u00e3o de Barros e o Mural de Poesia, \u201cPoetiza-te\u201d, o qual se encontra junto \u00e0 entrada principal para partilha e leitura de toda a comunidade educativa.<\/p>\n\n\n\n<p>Durante todo o dia as turmas promoveram, junto com as suas professoras de portugu\u00eas, a leitura e partilha de poemas em sess\u00f5es organizadas no espa\u00e7o da biblioteca escolar.&nbsp;<\/p>\n\n\n\n<p>Estas sess\u00f5es contaram ainda com a presen\u00e7a da docente e poeta, Ana L\u00facia Borges Sim\u00f5es, a qual falou da sua rela\u00e7\u00e3o pessoal com a escrita, ilustrando com poemas da sua autoria. As turmas envolvidas revelaram muito interesse, tendo alguns dos alunos apresentado os seus pr\u00f3prios poemas.<\/p>\n\n\n\n<p><a href=\"https:\/\/fb.watch\/qYa76ur9HO\/\">https:\/\/fb.watch\/qYa76ur9HO\/<\/a><\/p>\n<span class=\"synved-social-container synved-social-container-follow\"><a class=\"synved-social-button synved-social-button-follow synved-social-size-24 synved-social-resolution-single synved-social-provider-facebook nolightbox\" data-provider=\"facebook\" target=\"_blank\" rel=\"nofollow\" title=\"Siga-nos no Facebook\" href=\"https:\/\/www.facebook.com\/pages\/Agrupamento-de-Escolas-da-Zona-Urbana-da-Figueira-da-Foz\/112980278714783\" style=\"font-size: 0px; width:24px;height:24px;margin:0;margin-bottom:5px;margin-right:5px;\"><img alt=\"Facebook\" title=\"Siga-nos no Facebook\" class=\"synved-share-image synved-social-image synved-social-image-follow\" width=\"24\" height=\"24\" style=\"display: inline; width:24px;height:24px; margin: 0; padding: 0; border: none; box-shadow: none;\" src=\"https:\/\/www.aezuff.org\/extranet\/wp-content\/plugins\/social-media-feather\/synved-social\/addons\/extra-icons\/image\/social\/flag\/48x48\/facebook.png\" \/><\/a><a class=\"synved-social-button synved-social-button-follow synved-social-size-24 synved-social-resolution-single synved-social-provider-twitter nolightbox\" data-provider=\"twitter\" target=\"_blank\" rel=\"nofollow\" title=\"Siga-nos no Twitter\" href=\"https:\/\/twitter.com\/aezuff\" style=\"font-size: 0px; width:24px;height:24px;margin:0;margin-bottom:5px;margin-right:5px;\"><img alt=\"twitter\" title=\"Siga-nos no Twitter\" class=\"synved-share-image synved-social-image synved-social-image-follow\" width=\"24\" height=\"24\" style=\"display: inline; width:24px;height:24px; margin: 0; padding: 0; border: none; box-shadow: none;\" src=\"https:\/\/www.aezuff.org\/extranet\/wp-content\/plugins\/social-media-feather\/synved-social\/addons\/extra-icons\/image\/social\/flag\/48x48\/twitter.png\" \/><\/a><a class=\"synved-social-button synved-social-button-follow synved-social-size-24 synved-social-resolution-single synved-social-provider-youtube nolightbox\" data-provider=\"youtube\" target=\"_blank\" rel=\"nofollow\" title=\"Subscreva-nos no YouTube\" href=\"http:\/\/www.youtube.com\/user\/actividadeseb23jb\" style=\"font-size: 0px; width:24px;height:24px;margin:0;margin-bottom:5px;\"><img alt=\"youtube\" title=\"Subscreva-nos no YouTube\" class=\"synved-share-image synved-social-image synved-social-image-follow\" width=\"24\" height=\"24\" style=\"display: inline; width:24px;height:24px; margin: 0; padding: 0; border: none; box-shadow: none;\" src=\"https:\/\/www.aezuff.org\/extranet\/wp-content\/plugins\/social-media-feather\/synved-social\/addons\/extra-icons\/image\/social\/flag\/48x48\/youtube.png\" \/><\/a><a class=\"synved-social-credit\" target=\"_blank\" rel=\"nofollow\" title=\"WordPress Social Media Feather\" href=\"http:\/\/synved.com\/wordpress-social-media-feather\/\" style=\"color:#444; text-decoration:none; font-size:8px; margin-left:5px;vertical-align:10px;white-space:nowrap;\"><span>by <\/span><img style=\"display: inline;margin:0;padding:0;width:16px;height:16px;\" width=\"16\" height=\"16\" alt=\"feather\" src=\"https:\/\/www.aezuff.org\/extranet\/wp-content\/plugins\/social-media-feather\/synved-social\/image\/icon.png\" \/><\/a><\/span>","protected":false},"excerpt":{"rendered":"<p>O Departamento de L\u00ednguas comemorou o Dia Mundial da Poesia com v\u00e1rias atividades que foram da escrita, \u00e0 leitura e \u00e0 partilha de poemas. Os poemas foram elaborados pelos alunos e pelas alunas, mas&#46;&#46;&#46;<\/p>\n","protected":false},"author":1,"featured_media":0,"comment_status":"closed","ping_status":"open","sticky":false,"template":"","format":"standard","meta":{"footnotes":""},"categories":[1],"tags":[],"_links":{"self":[{"href":"https:\/\/www.aezuff.org\/extranet\/wp-json\/wp\/v2\/posts\/13735"}],"collection":[{"href":"https:\/\/www.aezuff.org\/extranet\/wp-json\/wp\/v2\/posts"}],"about":[{"href":"https:\/\/www.aezuff.org\/extranet\/wp-json\/wp\/v2\/types\/post"}],"author":[{"embeddable":true,"href":"https:\/\/www.aezuff.org\/extranet\/wp-json\/wp\/v2\/users\/1"}],"replies":[{"embeddable":true,"href":"https:\/\/www.aezuff.org\/extranet\/wp-json\/wp\/v2\/comments?post=13735"}],"version-history":[{"count":1,"href":"https:\/\/www.aezuff.org\/extranet\/wp-json\/wp\/v2\/posts\/13735\/revisions"}],"predecessor-version":[{"id":13737,"href":"https:\/\/www.aezuff.org\/extranet\/wp-json\/wp\/v2\/posts\/13735\/revisions\/13737"}],"wp:attachment":[{"href":"https:\/\/www.aezuff.org\/extranet\/wp-json\/wp\/v2\/media?parent=13735"}],"wp:term":[{"taxonomy":"category","embeddable":true,"href":"https:\/\/www.aezuff.org\/extranet\/wp-json\/wp\/v2\/categories?post=13735"},{"taxonomy":"post_tag","embeddable":true,"href":"https:\/\/www.aezuff.org\/extranet\/wp-json\/wp\/v2\/tags?post=13735"}],"curies":[{"name":"wp","href":"https:\/\/api.w.org\/{rel}","templated":true}]}}