{"id":13801,"date":"2024-04-10T00:03:03","date_gmt":"2024-04-10T00:03:03","guid":{"rendered":"https:\/\/www.aezuff.org\/extranet\/?p=13801"},"modified":"2024-04-10T00:03:03","modified_gmt":"2024-04-10T00:03:03","slug":"juntos-queremos-construir-o-nosso-clube-europeu","status":"publish","type":"post","link":"https:\/\/www.aezuff.org\/extranet\/juntos-queremos-construir-o-nosso-clube-europeu\/","title":{"rendered":"JUNTOS, QUEREMOS CONSTRUIR O NOSSO CLUBE EUROPEU"},"content":{"rendered":"\n<p>Pois \u00e9. O nosso Clube Europeu, que ainda \u00e9 muito jovem, d\u00e1 pelo nome de \u201cB4Europe\u201d e j\u00e1 ganhou um pequeno pr\u00e9mio no \u201cConcurso dos Clubes Europeus 2023\/2024\u201d.<\/p>\n\n\n\n<p>Mas, para quem n\u00e3o sabe o que \u00e9, vamos resumir um pouco da hist\u00f3ria destes clubes.<\/p>\n\n\n\n<p>Bom, os Clubes Europeus nasceram em 1986, ap\u00f3s a ades\u00e3o de Portugal \u00e0 CEE e o nosso pa\u00eds coordenou esta rede de clubes at\u00e9 2007.<\/p>\n\n\n\n<p>Atualmente, h\u00e1 muitos clubes em escolas que podem ir do Pr\u00e9-Escolar ao Secund\u00e1rio (incluindo as Escolas Profissionais), p\u00fablicas ou privadas e de todas as regi\u00f5es do Continente e Ilhas.&nbsp;<\/p>\n\n\n\n<p>Os seus objetivos s\u00e3o, sobretudo, promover a literacia europeia e a participa\u00e7\u00e3o c\u00edvica dos jovens, \u201crefor\u00e7ando a prote\u00e7\u00e3o dos seus direitos e deveres, fortalecendo assim a identidade e os valores de cidadania europeus\u201d.<\/p>\n\n\n\n<p>Al\u00e9m disso, os Clubes Europeus proporcionam atividades como a celebra\u00e7\u00e3o de datas e efem\u00e9rides, a organiza\u00e7\u00e3o de Semanas Tem\u00e1ticas, a organiza\u00e7\u00e3o de Eventos transversais e a participa\u00e7\u00e3o em programas e projetos europeus e interc\u00e2mbios, entre outros.<\/p>\n\n\n\n<p>Com os registos das atividades que se v\u00e3o realizando podem construir-se murais, uma p\u00e1gina numa rede social, ou escrever artigos para o Boletim dos Clubes Europeus.<\/p>\n\n\n\n<p>Se te identificas com este projeto, inscreve-te no pr\u00f3ximo ano letivo. E a primeira a\u00e7\u00e3o ser\u00e1\u2026um concurso para o log\u00f3tipo do nosso clube!<\/p>\n\n\n\n<figure class=\"wp-block-image size-full\"><img decoding=\"async\" loading=\"lazy\" width=\"366\" height=\"530\" src=\"https:\/\/www.aezuff.org\/extranet\/http:\/\/www.aezuff.org\/extranet\/wp-content\/uploads\/2012\/10\/\/2024\/04\/3.jpg\" alt=\"\" class=\"wp-image-13802\" srcset=\"https:\/\/www.aezuff.org\/extranet\/http:\/\/www.aezuff.org\/extranet\/wp-content\/uploads\/2012\/10\/2024\/04\/3.jpg 366w, https:\/\/www.aezuff.org\/extranet\/http:\/\/www.aezuff.org\/extranet\/wp-content\/uploads\/2012\/10\/2024\/04\/3-207x300.jpg 207w\" sizes=\"(max-width: 366px) 100vw, 366px\" \/><\/figure>\n<span class=\"synved-social-container synved-social-container-follow\"><a class=\"synved-social-button synved-social-button-follow synved-social-size-24 synved-social-resolution-single synved-social-provider-facebook nolightbox\" data-provider=\"facebook\" target=\"_blank\" rel=\"nofollow\" title=\"Siga-nos no Facebook\" href=\"https:\/\/www.facebook.com\/pages\/Agrupamento-de-Escolas-da-Zona-Urbana-da-Figueira-da-Foz\/112980278714783\" style=\"font-size: 0px; width:24px;height:24px;margin:0;margin-bottom:5px;margin-right:5px;\"><img alt=\"Facebook\" title=\"Siga-nos no Facebook\" class=\"synved-share-image synved-social-image synved-social-image-follow\" width=\"24\" height=\"24\" style=\"display: inline; width:24px;height:24px; margin: 0; padding: 0; border: none; box-shadow: none;\" src=\"https:\/\/www.aezuff.org\/extranet\/wp-content\/plugins\/social-media-feather\/synved-social\/addons\/extra-icons\/image\/social\/flag\/48x48\/facebook.png\" \/><\/a><a class=\"synved-social-button synved-social-button-follow synved-social-size-24 synved-social-resolution-single synved-social-provider-twitter nolightbox\" data-provider=\"twitter\" target=\"_blank\" rel=\"nofollow\" title=\"Siga-nos no Twitter\" href=\"https:\/\/twitter.com\/aezuff\" style=\"font-size: 0px; width:24px;height:24px;margin:0;margin-bottom:5px;margin-right:5px;\"><img alt=\"twitter\" title=\"Siga-nos no Twitter\" class=\"synved-share-image synved-social-image synved-social-image-follow\" width=\"24\" height=\"24\" style=\"display: inline; width:24px;height:24px; margin: 0; padding: 0; border: none; box-shadow: none;\" src=\"https:\/\/www.aezuff.org\/extranet\/wp-content\/plugins\/social-media-feather\/synved-social\/addons\/extra-icons\/image\/social\/flag\/48x48\/twitter.png\" \/><\/a><a class=\"synved-social-button synved-social-button-follow synved-social-size-24 synved-social-resolution-single synved-social-provider-youtube nolightbox\" data-provider=\"youtube\" target=\"_blank\" rel=\"nofollow\" title=\"Subscreva-nos no YouTube\" href=\"http:\/\/www.youtube.com\/user\/actividadeseb23jb\" style=\"font-size: 0px; width:24px;height:24px;margin:0;margin-bottom:5px;\"><img alt=\"youtube\" title=\"Subscreva-nos no YouTube\" class=\"synved-share-image synved-social-image synved-social-image-follow\" width=\"24\" height=\"24\" style=\"display: inline; width:24px;height:24px; margin: 0; padding: 0; border: none; box-shadow: none;\" src=\"https:\/\/www.aezuff.org\/extranet\/wp-content\/plugins\/social-media-feather\/synved-social\/addons\/extra-icons\/image\/social\/flag\/48x48\/youtube.png\" \/><\/a><a class=\"synved-social-credit\" target=\"_blank\" rel=\"nofollow\" title=\"WordPress Social Media Feather\" href=\"http:\/\/synved.com\/wordpress-social-media-feather\/\" style=\"color:#444; text-decoration:none; font-size:8px; margin-left:5px;vertical-align:10px;white-space:nowrap;\"><span>by <\/span><img style=\"display: inline;margin:0;padding:0;width:16px;height:16px;\" width=\"16\" height=\"16\" alt=\"feather\" src=\"https:\/\/www.aezuff.org\/extranet\/wp-content\/plugins\/social-media-feather\/synved-social\/image\/icon.png\" \/><\/a><\/span>","protected":false},"excerpt":{"rendered":"<p>Pois \u00e9. O nosso Clube Europeu, que ainda \u00e9 muito jovem, d\u00e1 pelo nome de \u201cB4Europe\u201d e j\u00e1 ganhou um pequeno pr\u00e9mio no \u201cConcurso dos Clubes Europeus 2023\/2024\u201d. Mas, para quem n\u00e3o sabe o&#46;&#46;&#46;<\/p>\n","protected":false},"author":1,"featured_media":13802,"comment_status":"closed","ping_status":"open","sticky":false,"template":"","format":"standard","meta":{"footnotes":""},"categories":[1],"tags":[],"_links":{"self":[{"href":"https:\/\/www.aezuff.org\/extranet\/wp-json\/wp\/v2\/posts\/13801"}],"collection":[{"href":"https:\/\/www.aezuff.org\/extranet\/wp-json\/wp\/v2\/posts"}],"about":[{"href":"https:\/\/www.aezuff.org\/extranet\/wp-json\/wp\/v2\/types\/post"}],"author":[{"embeddable":true,"href":"https:\/\/www.aezuff.org\/extranet\/wp-json\/wp\/v2\/users\/1"}],"replies":[{"embeddable":true,"href":"https:\/\/www.aezuff.org\/extranet\/wp-json\/wp\/v2\/comments?post=13801"}],"version-history":[{"count":1,"href":"https:\/\/www.aezuff.org\/extranet\/wp-json\/wp\/v2\/posts\/13801\/revisions"}],"predecessor-version":[{"id":13803,"href":"https:\/\/www.aezuff.org\/extranet\/wp-json\/wp\/v2\/posts\/13801\/revisions\/13803"}],"wp:featuredmedia":[{"embeddable":true,"href":"https:\/\/www.aezuff.org\/extranet\/wp-json\/wp\/v2\/media\/13802"}],"wp:attachment":[{"href":"https:\/\/www.aezuff.org\/extranet\/wp-json\/wp\/v2\/media?parent=13801"}],"wp:term":[{"taxonomy":"category","embeddable":true,"href":"https:\/\/www.aezuff.org\/extranet\/wp-json\/wp\/v2\/categories?post=13801"},{"taxonomy":"post_tag","embeddable":true,"href":"https:\/\/www.aezuff.org\/extranet\/wp-json\/wp\/v2\/tags?post=13801"}],"curies":[{"name":"wp","href":"https:\/\/api.w.org\/{rel}","templated":true}]}}