{"id":13814,"date":"2024-04-12T07:48:03","date_gmt":"2024-04-12T07:48:03","guid":{"rendered":"https:\/\/www.aezuff.org\/extranet\/?p=13814"},"modified":"2024-04-12T07:48:05","modified_gmt":"2024-04-12T07:48:05","slug":"concurso-regional-centro-circular","status":"publish","type":"post","link":"https:\/\/www.aezuff.org\/extranet\/concurso-regional-centro-circular\/","title":{"rendered":"Concurso Regional Centro Circular"},"content":{"rendered":"\n<p>Estes s\u00e3o os professores vencedores da terceira edi\u00e7\u00e3o do Concurso Regional Centro Circular. Um especial agradecimento a todos os professores que inspiraram e orientaram os participantes desta terceira edi\u00e7\u00e3o do Concurso Regional Centro Circular!<br \/>\u2022 Prof. Rosa Queiroz Folha &#8211; Escola B\u00e1sica Jo\u00e3o de Barros, Figueira da Foz (<a href=\"https:\/\/www.facebook.com\/profile.php?id=100063966728551&amp;__cft__[0]=AZUU1-WYfMfPH9A-ngfKY5aajqi4vP8PXmGLcgC68yMEdLAVe-2sS-7ZVOkwSHHkJJc2pL7ty8PN94P6rS5TJ2X8HeUG3RqKurwZMYaTvhzdCuye2HFnchfLbnIrFKjm0377TgcQVnchlpEvuDNeXZR9W6m0iscK53o8Q2alFDQQnYDRCEv8wMUYXZiJV0rUaQFhED1MU5c9CucEUerTDwAH&amp;__tn__=-]K*F\">Agrupamento de Escolas da Zona Urbana da Figueira da Foz<\/a>)<br \/>\u2022 Prof. Rui Bulha &#8211; Escola B\u00e1sica e Secund\u00e1ria Pedro \u00c1lvares Cabral, Belmonte (<a href=\"https:\/\/www.facebook.com\/aepac.pt?__cft__[0]=AZUU1-WYfMfPH9A-ngfKY5aajqi4vP8PXmGLcgC68yMEdLAVe-2sS-7ZVOkwSHHkJJc2pL7ty8PN94P6rS5TJ2X8HeUG3RqKurwZMYaTvhzdCuye2HFnchfLbnIrFKjm0377TgcQVnchlpEvuDNeXZR9W6m0iscK53o8Q2alFDQQnYDRCEv8wMUYXZiJV0rUaQFhED1MU5c9CucEUerTDwAH&amp;__tn__=-]K*F\">Agrupamento de Escolas Pedro \u00c1lvares Cabral<\/a>)<br \/>\u2022 Prof. Susana Correia &#8211; Escola B\u00e1sica Jo\u00e3o de Barros, Figueira da Foz (<a href=\"https:\/\/www.facebook.com\/profile.php?id=100063966728551&amp;__cft__[0]=AZUU1-WYfMfPH9A-ngfKY5aajqi4vP8PXmGLcgC68yMEdLAVe-2sS-7ZVOkwSHHkJJc2pL7ty8PN94P6rS5TJ2X8HeUG3RqKurwZMYaTvhzdCuye2HFnchfLbnIrFKjm0377TgcQVnchlpEvuDNeXZR9W6m0iscK53o8Q2alFDQQnYDRCEv8wMUYXZiJV0rUaQFhED1MU5c9CucEUerTDwAH&amp;__tn__=-]K*F\">Agrupamento de Escolas da Zona Urbana da Figueira da Foz<\/a>)<\/p>\n\n\n\n<figure class=\"wp-block-image size-large\"><img decoding=\"async\" loading=\"lazy\" width=\"1024\" height=\"577\" src=\"https:\/\/www.aezuff.org\/extranet\/http:\/\/www.aezuff.org\/extranet\/wp-content\/uploads\/2012\/10\/\/2024\/04\/Premio-CCDR-1024x577.jpg\" alt=\"\" class=\"wp-image-13815\" srcset=\"https:\/\/www.aezuff.org\/extranet\/http:\/\/www.aezuff.org\/extranet\/wp-content\/uploads\/2012\/10\/2024\/04\/Premio-CCDR-1024x577.jpg 1024w, https:\/\/www.aezuff.org\/extranet\/http:\/\/www.aezuff.org\/extranet\/wp-content\/uploads\/2012\/10\/2024\/04\/Premio-CCDR-300x169.jpg 300w, https:\/\/www.aezuff.org\/extranet\/http:\/\/www.aezuff.org\/extranet\/wp-content\/uploads\/2012\/10\/2024\/04\/Premio-CCDR-768x432.jpg 768w, https:\/\/www.aezuff.org\/extranet\/http:\/\/www.aezuff.org\/extranet\/wp-content\/uploads\/2012\/10\/2024\/04\/Premio-CCDR-1536x865.jpg 1536w, https:\/\/www.aezuff.org\/extranet\/http:\/\/www.aezuff.org\/extranet\/wp-content\/uploads\/2012\/10\/2024\/04\/Premio-CCDR.jpg 2048w\" sizes=\"(max-width: 1024px) 100vw, 1024px\" \/><\/figure>\n<span class=\"synved-social-container synved-social-container-follow\"><a class=\"synved-social-button synved-social-button-follow synved-social-size-24 synved-social-resolution-single synved-social-provider-facebook nolightbox\" data-provider=\"facebook\" target=\"_blank\" rel=\"nofollow\" title=\"Siga-nos no Facebook\" href=\"https:\/\/www.facebook.com\/pages\/Agrupamento-de-Escolas-da-Zona-Urbana-da-Figueira-da-Foz\/112980278714783\" style=\"font-size: 0px; width:24px;height:24px;margin:0;margin-bottom:5px;margin-right:5px;\"><img alt=\"Facebook\" title=\"Siga-nos no Facebook\" class=\"synved-share-image synved-social-image synved-social-image-follow\" width=\"24\" height=\"24\" style=\"display: inline; width:24px;height:24px; margin: 0; padding: 0; border: none; box-shadow: none;\" src=\"https:\/\/www.aezuff.org\/extranet\/wp-content\/plugins\/social-media-feather\/synved-social\/addons\/extra-icons\/image\/social\/flag\/48x48\/facebook.png\" \/><\/a><a class=\"synved-social-button synved-social-button-follow synved-social-size-24 synved-social-resolution-single synved-social-provider-twitter nolightbox\" data-provider=\"twitter\" target=\"_blank\" rel=\"nofollow\" title=\"Siga-nos no Twitter\" href=\"https:\/\/twitter.com\/aezuff\" style=\"font-size: 0px; width:24px;height:24px;margin:0;margin-bottom:5px;margin-right:5px;\"><img alt=\"twitter\" title=\"Siga-nos no Twitter\" class=\"synved-share-image synved-social-image synved-social-image-follow\" width=\"24\" height=\"24\" style=\"display: inline; width:24px;height:24px; margin: 0; padding: 0; border: none; box-shadow: none;\" src=\"https:\/\/www.aezuff.org\/extranet\/wp-content\/plugins\/social-media-feather\/synved-social\/addons\/extra-icons\/image\/social\/flag\/48x48\/twitter.png\" \/><\/a><a class=\"synved-social-button synved-social-button-follow synved-social-size-24 synved-social-resolution-single synved-social-provider-youtube nolightbox\" data-provider=\"youtube\" target=\"_blank\" rel=\"nofollow\" title=\"Subscreva-nos no YouTube\" href=\"http:\/\/www.youtube.com\/user\/actividadeseb23jb\" style=\"font-size: 0px; width:24px;height:24px;margin:0;margin-bottom:5px;\"><img alt=\"youtube\" title=\"Subscreva-nos no YouTube\" class=\"synved-share-image synved-social-image synved-social-image-follow\" width=\"24\" height=\"24\" style=\"display: inline; width:24px;height:24px; margin: 0; padding: 0; border: none; box-shadow: none;\" src=\"https:\/\/www.aezuff.org\/extranet\/wp-content\/plugins\/social-media-feather\/synved-social\/addons\/extra-icons\/image\/social\/flag\/48x48\/youtube.png\" \/><\/a><a class=\"synved-social-credit\" target=\"_blank\" rel=\"nofollow\" title=\"WordPress Social Media Feather\" href=\"http:\/\/synved.com\/wordpress-social-media-feather\/\" style=\"color:#444; text-decoration:none; font-size:8px; margin-left:5px;vertical-align:10px;white-space:nowrap;\"><span>by <\/span><img style=\"display: inline;margin:0;padding:0;width:16px;height:16px;\" width=\"16\" height=\"16\" alt=\"feather\" src=\"https:\/\/www.aezuff.org\/extranet\/wp-content\/plugins\/social-media-feather\/synved-social\/image\/icon.png\" \/><\/a><\/span>","protected":false},"excerpt":{"rendered":"<p>Estes s\u00e3o os professores vencedores da terceira edi\u00e7\u00e3o do Concurso Regional Centro Circular. Um especial agradecimento a todos os professores que inspiraram e orientaram os participantes desta terceira edi\u00e7\u00e3o do Concurso Regional Centro Circular!\u2022&#46;&#46;&#46;<\/p>\n","protected":false},"author":1,"featured_media":13815,"comment_status":"closed","ping_status":"open","sticky":false,"template":"","format":"standard","meta":{"footnotes":""},"categories":[1],"tags":[],"_links":{"self":[{"href":"https:\/\/www.aezuff.org\/extranet\/wp-json\/wp\/v2\/posts\/13814"}],"collection":[{"href":"https:\/\/www.aezuff.org\/extranet\/wp-json\/wp\/v2\/posts"}],"about":[{"href":"https:\/\/www.aezuff.org\/extranet\/wp-json\/wp\/v2\/types\/post"}],"author":[{"embeddable":true,"href":"https:\/\/www.aezuff.org\/extranet\/wp-json\/wp\/v2\/users\/1"}],"replies":[{"embeddable":true,"href":"https:\/\/www.aezuff.org\/extranet\/wp-json\/wp\/v2\/comments?post=13814"}],"version-history":[{"count":1,"href":"https:\/\/www.aezuff.org\/extranet\/wp-json\/wp\/v2\/posts\/13814\/revisions"}],"predecessor-version":[{"id":13816,"href":"https:\/\/www.aezuff.org\/extranet\/wp-json\/wp\/v2\/posts\/13814\/revisions\/13816"}],"wp:featuredmedia":[{"embeddable":true,"href":"https:\/\/www.aezuff.org\/extranet\/wp-json\/wp\/v2\/media\/13815"}],"wp:attachment":[{"href":"https:\/\/www.aezuff.org\/extranet\/wp-json\/wp\/v2\/media?parent=13814"}],"wp:term":[{"taxonomy":"category","embeddable":true,"href":"https:\/\/www.aezuff.org\/extranet\/wp-json\/wp\/v2\/categories?post=13814"},{"taxonomy":"post_tag","embeddable":true,"href":"https:\/\/www.aezuff.org\/extranet\/wp-json\/wp\/v2\/tags?post=13814"}],"curies":[{"name":"wp","href":"https:\/\/api.w.org\/{rel}","templated":true}]}}