{"id":13979,"date":"2024-05-15T08:37:38","date_gmt":"2024-05-15T08:37:38","guid":{"rendered":"https:\/\/www.aezuff.org\/extranet\/?p=13979"},"modified":"2024-05-15T08:37:38","modified_gmt":"2024-05-15T08:37:38","slug":"comunicado-da-associacao-de-pais-e-encarregados-de-educacao-da-escola-basica-joao-de-barros","status":"publish","type":"post","link":"https:\/\/www.aezuff.org\/extranet\/comunicado-da-associacao-de-pais-e-encarregados-de-educacao-da-escola-basica-joao-de-barros\/","title":{"rendered":"Comunicado da Associa\u00e7\u00e3o de Pais e Encarregados de Educa\u00e7\u00e3o da Escola B\u00e1sica Jo\u00e3o de Barros"},"content":{"rendered":"\n<p>Caros Pais e Encarregados de Educa\u00e7\u00e3o,<br \/><\/p>\n\n\n\n<p><strong>Vimos por este meio convidar-vos a criar uma lista para a Dire\u00e7\u00e3o da Associa\u00e7\u00e3o de Pais e Encarregados de Educa\u00e7\u00e3o&nbsp;da Escola Jo\u00e3o de Barros.&nbsp;<br \/><\/strong><br \/>Fazendo um enquadramento, a Escola teve ao longo dos \u00faltimos&nbsp;anos diversas listas que geriam esta Associa\u00e7\u00e3o.Com a pandemia, a sa\u00edda&nbsp;de alunos por terminar ciclo ou mudan\u00e7a de Escola, houve alguma dificuldade&nbsp;em criar uma lista. Nos anos de 2021 at\u00e9&nbsp; 2023 criaram-se listas que assumiram&nbsp;<\/p>\n\n\n\n<p>atividades e desenvolveram as tarefas que lhe eram inerentes.<\/p>\n\n\n\n<p>Colaboramos com a Dire\u00e7\u00e3o e com a Escola em&nbsp;diversas situa\u00e7\u00f5es. No entanto, a sa\u00edda de muitos elementos por mudan\u00e7a de ciclo\/escola&nbsp; dificultou a cria\u00e7\u00e3o de uma nova lista e por isso, os&nbsp;estatutos da APEE permitem&nbsp; a cria\u00e7\u00e3o de uma &#8220;Comiss\u00e3o Administrativa&#8221; que daria continuidade aos trabalhos e assuntos j\u00e1 definidos e a decorrer. Esta comiss\u00e3o foi assegurada por 4 encarregados de educa\u00e7\u00e3o.<\/p>\n\n\n\n<p>Temos feito o que nos \u00e9 poss\u00edvel, muitas vezes sem dar a conhecer&nbsp; ou publicitar a nossa atua\u00e7\u00e3o.<\/p>\n\n\n\n<p>Tudo o que fazemos \u00e9 gratuito sem qualquer contrapartida monet\u00e1ria.\u00a0Tamb\u00e9m para n\u00f3s o ciclo termina e, por isso, antes do ano letivo terminar gostar\u00edamos de &#8220;passar a pasta&#8221; e que o novo ano letivo tivesse in\u00edcio com uma nova equipa. Seguem, em anexo, os estatutos para que possam ter uma no\u00e7\u00e3o dos cargos e das obriga\u00e7\u00f5es que temos inerentes, bem como a lista para que se voluntariem para ocupar um cargo.<br \/>Assim, aguardamos at\u00e9 ao final do m\u00eas de maio que todos os pais que tenham interesse em fazer parte deste desafio nos respondam para o email da APEE &#8211;\u00a0<strong><a rel=\"noreferrer noopener\" href=\"mailto:apee.joaobarros@aezuff.org\" target=\"_blank\">apee.joaobarros@aezuff.org<\/a><\/strong><\/p>\n\n\n\n<p>Reuniremos depois para esclarecer d\u00favidas, partilhar mais pormenores e tudo o que considerem pertinente sobre este assunto.&nbsp;A continuidade da Associa\u00e7\u00e3o de Pais \u00e9&nbsp;importante para toda a comunidade escolar.<br \/>Esperamos poder contar com a V\/ colabora\u00e7\u00e3o!<\/p>\n\n\n\n<p>Obrigada!<\/p>\n\n\n\n<p>Ao dispor,<\/p>\n\n\n\n<p>Pela Comiss\u00e3o Administrativa da APEE<\/p>\n\n\n\n<p>Sandra Rodrigues<\/p>\n\n\n\n<p><\/p>\n\n\n\n<p><a href=\"http:\/\/www.aezuff.org\/extranet\/http:\/\/www.aezuff.org\/extranet\/wp-content\/uploads\/2012\/10\/\/2024\/05\/Estatutos_APEE.pdf\">ESTATUTO<\/a><\/p>\n\n\n\n<p><a href=\"http:\/\/www.aezuff.org\/extranet\/http:\/\/www.aezuff.org\/extranet\/wp-content\/uploads\/2012\/10\/\/2024\/05\/LIsta-APEE-2024-2025.pdf\">LISTA 2024\/2025<\/a><\/p>\n\n\n\n<figure class=\"wp-block-image size-large is-resized\"><img decoding=\"async\" loading=\"lazy\" width=\"1024\" height=\"998\" src=\"https:\/\/www.aezuff.org\/extranet\/http:\/\/www.aezuff.org\/extranet\/wp-content\/uploads\/2012\/10\/\/2024\/05\/Logo-AEZUFF-1024x998.jpg\" alt=\"\" class=\"wp-image-13982\" style=\"aspect-ratio:1.0256830601092897;width:268px;height:auto\" srcset=\"https:\/\/www.aezuff.org\/extranet\/http:\/\/www.aezuff.org\/extranet\/wp-content\/uploads\/2012\/10\/2024\/05\/Logo-AEZUFF-1024x998.jpg 1024w, https:\/\/www.aezuff.org\/extranet\/http:\/\/www.aezuff.org\/extranet\/wp-content\/uploads\/2012\/10\/2024\/05\/Logo-AEZUFF-300x292.jpg 300w, https:\/\/www.aezuff.org\/extranet\/http:\/\/www.aezuff.org\/extranet\/wp-content\/uploads\/2012\/10\/2024\/05\/Logo-AEZUFF-768x749.jpg 768w, https:\/\/www.aezuff.org\/extranet\/http:\/\/www.aezuff.org\/extranet\/wp-content\/uploads\/2012\/10\/2024\/05\/Logo-AEZUFF-1536x1498.jpg 1536w, https:\/\/www.aezuff.org\/extranet\/http:\/\/www.aezuff.org\/extranet\/wp-content\/uploads\/2012\/10\/2024\/05\/Logo-AEZUFF-2048x1997.jpg 2048w\" sizes=\"(max-width: 1024px) 100vw, 1024px\" \/><\/figure>\n<span class=\"synved-social-container synved-social-container-follow\"><a class=\"synved-social-button synved-social-button-follow synved-social-size-24 synved-social-resolution-single synved-social-provider-facebook nolightbox\" data-provider=\"facebook\" target=\"_blank\" rel=\"nofollow\" title=\"Siga-nos no Facebook\" href=\"https:\/\/www.facebook.com\/pages\/Agrupamento-de-Escolas-da-Zona-Urbana-da-Figueira-da-Foz\/112980278714783\" style=\"font-size: 0px; width:24px;height:24px;margin:0;margin-bottom:5px;margin-right:5px;\"><img alt=\"Facebook\" title=\"Siga-nos no Facebook\" class=\"synved-share-image synved-social-image synved-social-image-follow\" width=\"24\" height=\"24\" style=\"display: inline; width:24px;height:24px; margin: 0; padding: 0; border: none; box-shadow: none;\" src=\"https:\/\/www.aezuff.org\/extranet\/wp-content\/plugins\/social-media-feather\/synved-social\/addons\/extra-icons\/image\/social\/flag\/48x48\/facebook.png\" \/><\/a><a class=\"synved-social-button synved-social-button-follow synved-social-size-24 synved-social-resolution-single synved-social-provider-twitter nolightbox\" data-provider=\"twitter\" target=\"_blank\" rel=\"nofollow\" title=\"Siga-nos no Twitter\" href=\"https:\/\/twitter.com\/aezuff\" style=\"font-size: 0px; width:24px;height:24px;margin:0;margin-bottom:5px;margin-right:5px;\"><img alt=\"twitter\" title=\"Siga-nos no Twitter\" class=\"synved-share-image synved-social-image synved-social-image-follow\" width=\"24\" height=\"24\" style=\"display: inline; width:24px;height:24px; margin: 0; padding: 0; border: none; box-shadow: none;\" src=\"https:\/\/www.aezuff.org\/extranet\/wp-content\/plugins\/social-media-feather\/synved-social\/addons\/extra-icons\/image\/social\/flag\/48x48\/twitter.png\" \/><\/a><a class=\"synved-social-button synved-social-button-follow synved-social-size-24 synved-social-resolution-single synved-social-provider-youtube nolightbox\" data-provider=\"youtube\" target=\"_blank\" rel=\"nofollow\" title=\"Subscreva-nos no YouTube\" href=\"http:\/\/www.youtube.com\/user\/actividadeseb23jb\" style=\"font-size: 0px; width:24px;height:24px;margin:0;margin-bottom:5px;\"><img alt=\"youtube\" title=\"Subscreva-nos no YouTube\" class=\"synved-share-image synved-social-image synved-social-image-follow\" width=\"24\" height=\"24\" style=\"display: inline; width:24px;height:24px; margin: 0; padding: 0; border: none; box-shadow: none;\" src=\"https:\/\/www.aezuff.org\/extranet\/wp-content\/plugins\/social-media-feather\/synved-social\/addons\/extra-icons\/image\/social\/flag\/48x48\/youtube.png\" \/><\/a><a class=\"synved-social-credit\" target=\"_blank\" rel=\"nofollow\" title=\"WordPress Social Media Feather\" href=\"http:\/\/synved.com\/wordpress-social-media-feather\/\" style=\"color:#444; text-decoration:none; font-size:8px; margin-left:5px;vertical-align:10px;white-space:nowrap;\"><span>by <\/span><img style=\"display: inline;margin:0;padding:0;width:16px;height:16px;\" width=\"16\" height=\"16\" alt=\"feather\" src=\"https:\/\/www.aezuff.org\/extranet\/wp-content\/plugins\/social-media-feather\/synved-social\/image\/icon.png\" \/><\/a><\/span>","protected":false},"excerpt":{"rendered":"<p>Caros Pais e Encarregados de Educa\u00e7\u00e3o, Vimos por este meio convidar-vos a criar uma lista para a Dire\u00e7\u00e3o da Associa\u00e7\u00e3o de Pais e Encarregados de Educa\u00e7\u00e3o&nbsp;da Escola Jo\u00e3o de Barros.&nbsp;Fazendo um enquadramento, a Escola&#46;&#46;&#46;<\/p>\n","protected":false},"author":1,"featured_media":13982,"comment_status":"closed","ping_status":"open","sticky":false,"template":"","format":"standard","meta":{"footnotes":""},"categories":[1],"tags":[],"_links":{"self":[{"href":"https:\/\/www.aezuff.org\/extranet\/wp-json\/wp\/v2\/posts\/13979"}],"collection":[{"href":"https:\/\/www.aezuff.org\/extranet\/wp-json\/wp\/v2\/posts"}],"about":[{"href":"https:\/\/www.aezuff.org\/extranet\/wp-json\/wp\/v2\/types\/post"}],"author":[{"embeddable":true,"href":"https:\/\/www.aezuff.org\/extranet\/wp-json\/wp\/v2\/users\/1"}],"replies":[{"embeddable":true,"href":"https:\/\/www.aezuff.org\/extranet\/wp-json\/wp\/v2\/comments?post=13979"}],"version-history":[{"count":1,"href":"https:\/\/www.aezuff.org\/extranet\/wp-json\/wp\/v2\/posts\/13979\/revisions"}],"predecessor-version":[{"id":13983,"href":"https:\/\/www.aezuff.org\/extranet\/wp-json\/wp\/v2\/posts\/13979\/revisions\/13983"}],"wp:featuredmedia":[{"embeddable":true,"href":"https:\/\/www.aezuff.org\/extranet\/wp-json\/wp\/v2\/media\/13982"}],"wp:attachment":[{"href":"https:\/\/www.aezuff.org\/extranet\/wp-json\/wp\/v2\/media?parent=13979"}],"wp:term":[{"taxonomy":"category","embeddable":true,"href":"https:\/\/www.aezuff.org\/extranet\/wp-json\/wp\/v2\/categories?post=13979"},{"taxonomy":"post_tag","embeddable":true,"href":"https:\/\/www.aezuff.org\/extranet\/wp-json\/wp\/v2\/tags?post=13979"}],"curies":[{"name":"wp","href":"https:\/\/api.w.org\/{rel}","templated":true}]}}