{"id":14248,"date":"2024-10-09T10:47:35","date_gmt":"2024-10-09T10:47:35","guid":{"rendered":"https:\/\/www.aezuff.org\/extranet\/?p=14248"},"modified":"2024-10-09T10:47:36","modified_gmt":"2024-10-09T10:47:36","slug":"torneio-de-abertura-de-tenis-de-mesa-escola-basica-joao-de-barros-5-o-ano","status":"publish","type":"post","link":"https:\/\/www.aezuff.org\/extranet\/torneio-de-abertura-de-tenis-de-mesa-escola-basica-joao-de-barros-5-o-ano\/","title":{"rendered":"Torneio de Abertura de T\u00e9nis de Mesa &#8211; Escola B\u00e1sica Jo\u00e3o de Barros &#8211; 5.\u00ba Ano"},"content":{"rendered":"\n<p><strong>8 de outubro de 2024<\/strong><\/p>\n\n\n\n<p>Come\u00e7aram, em for\u00e7a, os Torneios de Abertura de T\u00e9nis de Mesa, desta vez, no dia 8 de outubro para o 5.\u00ba ano, com um entusiasmo crescente. Foram 32 alunos e alunas que manifestaram o seu total apre\u00e7o pela modalidade e competiram com as regras b\u00e1sica de jogo. Muitos destes alunos contactaram pela primeira vez a modalidade e ficaram f\u00e3s. Demonstraram muito fair-play, interesse e motiva\u00e7\u00e3o por novas aprendizagens. No escal\u00e3o masculino j\u00e1 se verificou um elevado n\u00edvel de competi\u00e7\u00e3o, em que todos deram o seu melhor! Muitos parab\u00e9ns a todos os participantes e tamb\u00e9m um agradecimento especial aos \u00e1rbitros que tiveram um papel fundamental em todo o processo, ajudando com muito empenho os respetivos colegas. Um louvor para todos! Destacaram-se na fun\u00e7\u00e3o de arbitragem, os seguintes alunos e alunas: Filipa Rocha e Alice Carvalho (do 6.\u00ba 1, respetivamente, Campe\u00e3 Distrital e Vice-Campe\u00e3 Distrital de Inf A, em 2023-24), Ant\u00f3nio Raimundo e Jo\u00e3o Bolito (do 6.\u00ba1), Arthur Fernandes e Izahak Yousef (do 6.\u00ba 5), Dinis Almeida (6.\u00ba8), Rodrigo Feliciano (8.\u00baA), Gon\u00e7alo Silva e Santiago Antunes (do 9.\u00ba A, ambos \u00e1rbitros de Campeonatos Distritais).<\/p>\n\n\n\n<p>Destacaram-se assim, com muito m\u00e9rito, os tr\u00eas primeiros classificados de cada escal\u00e3o e g\u00e9nero, do 5.\u00ba ano:<\/p>\n\n\n\n<p>No escal\u00e3o Infantil A Feminino: 1.\u00ba &#8211; Celeste Sannuto &#8211; 5.\u00ba 13; 2.\u00ba &#8211; In\u00eas Barbosa \u2013 5.\u00ba 5 e 3.\u00ba &#8211; Emiliana Braz \u2013 5.\u00ba 1.<\/p>\n\n\n\n<p>No escal\u00e3o Infantil A Masculino: 1.\u00ba &#8211; Diogo Louren\u00e7o &#8211; 5.\u00ba 3; 2.\u00ba -Francisco Reis \u2013 5.\u00ba 4 e 3.\u00ba -David Neves \u2013 5.\u00ba 10. &nbsp;<\/p>\n\n\n\n<p>Agora, bons treinos e parab\u00e9ns a todos os envolvidos!<\/p>\n\n\n\n<figure class=\"wp-block-image size-large\"><img decoding=\"async\" loading=\"lazy\" width=\"1024\" height=\"768\" src=\"https:\/\/www.aezuff.org\/extranet\/http:\/\/www.aezuff.org\/extranet\/wp-content\/uploads\/2012\/10\/\/2024\/10\/20241008_170037-1024x768.jpg\" alt=\"\" class=\"wp-image-14249\" srcset=\"https:\/\/www.aezuff.org\/extranet\/http:\/\/www.aezuff.org\/extranet\/wp-content\/uploads\/2012\/10\/2024\/10\/20241008_170037-1024x768.jpg 1024w, https:\/\/www.aezuff.org\/extranet\/http:\/\/www.aezuff.org\/extranet\/wp-content\/uploads\/2012\/10\/2024\/10\/20241008_170037-300x225.jpg 300w, https:\/\/www.aezuff.org\/extranet\/http:\/\/www.aezuff.org\/extranet\/wp-content\/uploads\/2012\/10\/2024\/10\/20241008_170037-768x576.jpg 768w, https:\/\/www.aezuff.org\/extranet\/http:\/\/www.aezuff.org\/extranet\/wp-content\/uploads\/2012\/10\/2024\/10\/20241008_170037-1536x1152.jpg 1536w, https:\/\/www.aezuff.org\/extranet\/http:\/\/www.aezuff.org\/extranet\/wp-content\/uploads\/2012\/10\/2024\/10\/20241008_170037-2048x1536.jpg 2048w\" sizes=\"(max-width: 1024px) 100vw, 1024px\" \/><\/figure>\n<span class=\"synved-social-container synved-social-container-follow\"><a class=\"synved-social-button synved-social-button-follow synved-social-size-24 synved-social-resolution-single synved-social-provider-facebook nolightbox\" data-provider=\"facebook\" target=\"_blank\" rel=\"nofollow\" title=\"Siga-nos no Facebook\" href=\"https:\/\/www.facebook.com\/pages\/Agrupamento-de-Escolas-da-Zona-Urbana-da-Figueira-da-Foz\/112980278714783\" style=\"font-size: 0px; width:24px;height:24px;margin:0;margin-bottom:5px;margin-right:5px;\"><img alt=\"Facebook\" title=\"Siga-nos no Facebook\" class=\"synved-share-image synved-social-image synved-social-image-follow\" width=\"24\" height=\"24\" style=\"display: inline; width:24px;height:24px; margin: 0; padding: 0; border: none; box-shadow: none;\" src=\"https:\/\/www.aezuff.org\/extranet\/wp-content\/plugins\/social-media-feather\/synved-social\/addons\/extra-icons\/image\/social\/flag\/48x48\/facebook.png\" \/><\/a><a class=\"synved-social-button synved-social-button-follow synved-social-size-24 synved-social-resolution-single synved-social-provider-twitter nolightbox\" data-provider=\"twitter\" target=\"_blank\" rel=\"nofollow\" title=\"Siga-nos no Twitter\" href=\"https:\/\/twitter.com\/aezuff\" style=\"font-size: 0px; width:24px;height:24px;margin:0;margin-bottom:5px;margin-right:5px;\"><img alt=\"twitter\" title=\"Siga-nos no Twitter\" class=\"synved-share-image synved-social-image synved-social-image-follow\" width=\"24\" height=\"24\" style=\"display: inline; width:24px;height:24px; margin: 0; padding: 0; border: none; box-shadow: none;\" src=\"https:\/\/www.aezuff.org\/extranet\/wp-content\/plugins\/social-media-feather\/synved-social\/addons\/extra-icons\/image\/social\/flag\/48x48\/twitter.png\" \/><\/a><a class=\"synved-social-button synved-social-button-follow synved-social-size-24 synved-social-resolution-single synved-social-provider-youtube nolightbox\" data-provider=\"youtube\" target=\"_blank\" rel=\"nofollow\" title=\"Subscreva-nos no YouTube\" href=\"http:\/\/www.youtube.com\/user\/actividadeseb23jb\" style=\"font-size: 0px; width:24px;height:24px;margin:0;margin-bottom:5px;\"><img alt=\"youtube\" title=\"Subscreva-nos no YouTube\" class=\"synved-share-image synved-social-image synved-social-image-follow\" width=\"24\" height=\"24\" style=\"display: inline; width:24px;height:24px; margin: 0; padding: 0; border: none; box-shadow: none;\" src=\"https:\/\/www.aezuff.org\/extranet\/wp-content\/plugins\/social-media-feather\/synved-social\/addons\/extra-icons\/image\/social\/flag\/48x48\/youtube.png\" \/><\/a><a class=\"synved-social-credit\" target=\"_blank\" rel=\"nofollow\" title=\"WordPress Social Media Feather\" href=\"http:\/\/synved.com\/wordpress-social-media-feather\/\" style=\"color:#444; text-decoration:none; font-size:8px; margin-left:5px;vertical-align:10px;white-space:nowrap;\"><span>by <\/span><img style=\"display: inline;margin:0;padding:0;width:16px;height:16px;\" width=\"16\" height=\"16\" alt=\"feather\" src=\"https:\/\/www.aezuff.org\/extranet\/wp-content\/plugins\/social-media-feather\/synved-social\/image\/icon.png\" \/><\/a><\/span>","protected":false},"excerpt":{"rendered":"<p>8 de outubro de 2024 Come\u00e7aram, em for\u00e7a, os Torneios de Abertura de T\u00e9nis de Mesa, desta vez, no dia 8 de outubro para o 5.\u00ba ano, com um entusiasmo crescente. Foram 32 alunos&#46;&#46;&#46;<\/p>\n","protected":false},"author":1,"featured_media":14249,"comment_status":"closed","ping_status":"open","sticky":false,"template":"","format":"standard","meta":{"footnotes":""},"categories":[1],"tags":[],"_links":{"self":[{"href":"https:\/\/www.aezuff.org\/extranet\/wp-json\/wp\/v2\/posts\/14248"}],"collection":[{"href":"https:\/\/www.aezuff.org\/extranet\/wp-json\/wp\/v2\/posts"}],"about":[{"href":"https:\/\/www.aezuff.org\/extranet\/wp-json\/wp\/v2\/types\/post"}],"author":[{"embeddable":true,"href":"https:\/\/www.aezuff.org\/extranet\/wp-json\/wp\/v2\/users\/1"}],"replies":[{"embeddable":true,"href":"https:\/\/www.aezuff.org\/extranet\/wp-json\/wp\/v2\/comments?post=14248"}],"version-history":[{"count":1,"href":"https:\/\/www.aezuff.org\/extranet\/wp-json\/wp\/v2\/posts\/14248\/revisions"}],"predecessor-version":[{"id":14250,"href":"https:\/\/www.aezuff.org\/extranet\/wp-json\/wp\/v2\/posts\/14248\/revisions\/14250"}],"wp:featuredmedia":[{"embeddable":true,"href":"https:\/\/www.aezuff.org\/extranet\/wp-json\/wp\/v2\/media\/14249"}],"wp:attachment":[{"href":"https:\/\/www.aezuff.org\/extranet\/wp-json\/wp\/v2\/media?parent=14248"}],"wp:term":[{"taxonomy":"category","embeddable":true,"href":"https:\/\/www.aezuff.org\/extranet\/wp-json\/wp\/v2\/categories?post=14248"},{"taxonomy":"post_tag","embeddable":true,"href":"https:\/\/www.aezuff.org\/extranet\/wp-json\/wp\/v2\/tags?post=14248"}],"curies":[{"name":"wp","href":"https:\/\/api.w.org\/{rel}","templated":true}]}}