{"id":14331,"date":"2024-11-15T20:15:04","date_gmt":"2024-11-15T20:15:04","guid":{"rendered":"https:\/\/www.aezuff.org\/extranet\/?p=14331"},"modified":"2024-11-15T20:15:05","modified_gmt":"2024-11-15T20:15:05","slug":"mega-salto-e-mega-lancamento-13-de-novembro-de-2024-escola-basica-joao-de-barros","status":"publish","type":"post","link":"https:\/\/www.aezuff.org\/extranet\/mega-salto-e-mega-lancamento-13-de-novembro-de-2024-escola-basica-joao-de-barros\/","title":{"rendered":"MEGA SALTO e MEGA LAN\u00c7AMENTO \u2013 13 de novembro de 2024 \u2013 Escola B\u00e1sica Jo\u00e3o de Barros"},"content":{"rendered":"\n<p>Realizaram-se as Provas de Mega Salto e de Mega Lan\u00e7amento \u2013 VORTEX \u2013 fase escola,&nbsp; com imenso entusiasmo, salientando o \u00f3timo conv\u00edvio desportivo! Estiveram presentes duas centenas de alunos do AEZUFF, em que os alunos apurados do 4.\u00ba ano tamb\u00e9m participaram no Mega Salto, aproveitando para endere\u00e7ar, desde j\u00e1, um agradecimento aos professores que os acompanharam.<\/p>\n\n\n\n<p>Foi o Grupo de Educa\u00e7\u00e3o F\u00edsica da Escola Dr. Jo\u00e3o de Barros que dinamizou este evento, verificando-se com muito agrado a presen\u00e7a de v\u00e1rios Encarregados de Educa\u00e7\u00e3o. Foi pela primeira vez realizado o Lan\u00e7amento do Vortex, nas Abadias Norte, com bastante competitividade, passando a destacar-se os <strong>primeiros classificados, <\/strong>nos diversos escal\u00f5es:<\/p>\n\n\n\n<p><strong><u>No Mega Salto<\/u><\/strong><strong>:<\/strong><\/p>\n\n\n\n<p><strong><u>No 1\u00ba Ciclo<\/u><\/strong><strong><u>:<\/u><\/strong> (Inf A) \u2013 <strong>Daniela Batista <\/strong>do 4.\u00ba C, da Escola de S. Juli\u00e3o \/Tavarede com <strong>3.32<\/strong> e <strong>Leonardo Correia <\/strong>da Escola Rui Martins, com <strong>3.57.<\/strong><\/p>\n\n\n\n<p>Em Infantil A:<strong>Sara<\/strong> <strong>Soares <\/strong>do 5.\u00ba 8, com <strong>3.72<\/strong> e <strong>Rodrigo Freitas,<\/strong> do 5.\u00ba 7, com <strong>4.04<\/strong>.<\/p>\n\n\n\n<p>Em Infantil B:<strong>Laura Fernandes<\/strong> \u2013 6.\u00ba 1 com <strong>4.25<\/strong> e <strong>Matheus Rodrigues,<\/strong> do 5.\u00ba 8, com <strong>4.21<\/strong>.&nbsp;&nbsp;&nbsp;&nbsp;&nbsp;&nbsp;&nbsp;&nbsp;&nbsp;<\/p>\n\n\n\n<p>Em Iniciados:<strong>Isabella Ribeiro <\/strong>do 7.\u00ba A, com <strong>3.83<\/strong> e <strong>Diego Silva <\/strong>do 7.\u00ba C, com <strong>5.11.<\/strong><\/p>\n\n\n\n<p>Juvenis: <strong>Lorrany Costa <\/strong>do8.\u00ba C, com <strong>3.58<\/strong> e <strong>Stephen Encarnacion <\/strong>do 8.\u00ba C, com <strong>4.89<\/strong>.<\/p>\n\n\n\n<p><strong><u>No Mega Lan\u00e7amento -VORTEX<\/u><\/strong><strong>:<\/strong><\/p>\n\n\n\n<p>Em Infantil A:<strong>Mafalda Belo <\/strong>do 5.\u00ba 7, com <strong>23.12<\/strong> e <strong>Guilherme Pereira, <\/strong>do 5.\u00ba 13, com <strong>29.78<\/strong>.<\/p>\n\n\n\n<p>Em Infantil B:<strong>Ises Ramos, <\/strong>do 6.\u00ba 4 com <strong>33.40<\/strong> e <strong>Pierre Sousa <\/strong>do 5.\u00ba 9, com <strong>38.32<\/strong>.&nbsp;&nbsp;&nbsp;&nbsp;&nbsp;&nbsp;&nbsp;&nbsp;&nbsp;&nbsp;&nbsp;<\/p>\n\n\n\n<p>Em Iniciados:<strong>Raquel Fundevila, <\/strong>do 9.\u00ba A, com <strong>26.14<\/strong> e <strong>David Gaspar, <\/strong>do 8.\u00ba A, com 53.65.<\/p>\n\n\n\n<p>Juvenis: <strong>Sophia Santos do 7.\u00ba D, <\/strong>com <strong>19,82<\/strong> e <strong>Filipe Tavares, <\/strong>do 9.\u00ba C, com <strong>53.63<\/strong>.<\/p>\n\n\n\n<p>O Campeonato Distrital de Mega Sprinter ser\u00e1 realizado em T\u00e1bua, no dia 26 de fevereiro.<\/p>\n\n\n\n<p>Muitos parab\u00e9ns pelas marcas obtidas!<\/p>\n\n\n\n<figure class=\"wp-block-image size-large\"><img decoding=\"async\" loading=\"lazy\" width=\"1024\" height=\"768\" src=\"https:\/\/www.aezuff.org\/extranet\/http:\/\/www.aezuff.org\/extranet\/wp-content\/uploads\/2012\/10\/\/2024\/11\/20241113_091109-1-1024x768.jpg\" alt=\"\" class=\"wp-image-14332\" srcset=\"https:\/\/www.aezuff.org\/extranet\/http:\/\/www.aezuff.org\/extranet\/wp-content\/uploads\/2012\/10\/2024\/11\/20241113_091109-1-1024x768.jpg 1024w, https:\/\/www.aezuff.org\/extranet\/http:\/\/www.aezuff.org\/extranet\/wp-content\/uploads\/2012\/10\/2024\/11\/20241113_091109-1-300x225.jpg 300w, https:\/\/www.aezuff.org\/extranet\/http:\/\/www.aezuff.org\/extranet\/wp-content\/uploads\/2012\/10\/2024\/11\/20241113_091109-1-768x576.jpg 768w, https:\/\/www.aezuff.org\/extranet\/http:\/\/www.aezuff.org\/extranet\/wp-content\/uploads\/2012\/10\/2024\/11\/20241113_091109-1-1536x1152.jpg 1536w, https:\/\/www.aezuff.org\/extranet\/http:\/\/www.aezuff.org\/extranet\/wp-content\/uploads\/2012\/10\/2024\/11\/20241113_091109-1-2048x1536.jpg 2048w\" sizes=\"(max-width: 1024px) 100vw, 1024px\" \/><\/figure>\n<span class=\"synved-social-container synved-social-container-follow\"><a class=\"synved-social-button synved-social-button-follow synved-social-size-24 synved-social-resolution-single synved-social-provider-facebook nolightbox\" data-provider=\"facebook\" target=\"_blank\" rel=\"nofollow\" title=\"Siga-nos no Facebook\" href=\"https:\/\/www.facebook.com\/pages\/Agrupamento-de-Escolas-da-Zona-Urbana-da-Figueira-da-Foz\/112980278714783\" style=\"font-size: 0px; width:24px;height:24px;margin:0;margin-bottom:5px;margin-right:5px;\"><img alt=\"Facebook\" title=\"Siga-nos no Facebook\" class=\"synved-share-image synved-social-image synved-social-image-follow\" width=\"24\" height=\"24\" style=\"display: inline; width:24px;height:24px; margin: 0; padding: 0; border: none; box-shadow: none;\" src=\"https:\/\/www.aezuff.org\/extranet\/wp-content\/plugins\/social-media-feather\/synved-social\/addons\/extra-icons\/image\/social\/flag\/48x48\/facebook.png\" \/><\/a><a class=\"synved-social-button synved-social-button-follow synved-social-size-24 synved-social-resolution-single synved-social-provider-twitter nolightbox\" data-provider=\"twitter\" target=\"_blank\" rel=\"nofollow\" title=\"Siga-nos no Twitter\" href=\"https:\/\/twitter.com\/aezuff\" style=\"font-size: 0px; width:24px;height:24px;margin:0;margin-bottom:5px;margin-right:5px;\"><img alt=\"twitter\" title=\"Siga-nos no Twitter\" class=\"synved-share-image synved-social-image synved-social-image-follow\" width=\"24\" height=\"24\" style=\"display: inline; width:24px;height:24px; margin: 0; padding: 0; border: none; box-shadow: none;\" src=\"https:\/\/www.aezuff.org\/extranet\/wp-content\/plugins\/social-media-feather\/synved-social\/addons\/extra-icons\/image\/social\/flag\/48x48\/twitter.png\" \/><\/a><a class=\"synved-social-button synved-social-button-follow synved-social-size-24 synved-social-resolution-single synved-social-provider-youtube nolightbox\" data-provider=\"youtube\" target=\"_blank\" rel=\"nofollow\" title=\"Subscreva-nos no YouTube\" href=\"http:\/\/www.youtube.com\/user\/actividadeseb23jb\" style=\"font-size: 0px; width:24px;height:24px;margin:0;margin-bottom:5px;\"><img alt=\"youtube\" title=\"Subscreva-nos no YouTube\" class=\"synved-share-image synved-social-image synved-social-image-follow\" width=\"24\" height=\"24\" style=\"display: inline; width:24px;height:24px; margin: 0; padding: 0; border: none; box-shadow: none;\" src=\"https:\/\/www.aezuff.org\/extranet\/wp-content\/plugins\/social-media-feather\/synved-social\/addons\/extra-icons\/image\/social\/flag\/48x48\/youtube.png\" \/><\/a><a class=\"synved-social-credit\" target=\"_blank\" rel=\"nofollow\" title=\"WordPress Social Media Feather\" href=\"http:\/\/synved.com\/wordpress-social-media-feather\/\" style=\"color:#444; text-decoration:none; font-size:8px; margin-left:5px;vertical-align:10px;white-space:nowrap;\"><span>by <\/span><img style=\"display: inline;margin:0;padding:0;width:16px;height:16px;\" width=\"16\" height=\"16\" alt=\"feather\" src=\"https:\/\/www.aezuff.org\/extranet\/wp-content\/plugins\/social-media-feather\/synved-social\/image\/icon.png\" \/><\/a><\/span>","protected":false},"excerpt":{"rendered":"<p>Realizaram-se as Provas de Mega Salto e de Mega Lan\u00e7amento \u2013 VORTEX \u2013 fase escola,&nbsp; com imenso entusiasmo, salientando o \u00f3timo conv\u00edvio desportivo! Estiveram presentes duas centenas de alunos do AEZUFF, em que os&#46;&#46;&#46;<\/p>\n","protected":false},"author":1,"featured_media":14332,"comment_status":"closed","ping_status":"open","sticky":false,"template":"","format":"standard","meta":{"footnotes":""},"categories":[1],"tags":[],"_links":{"self":[{"href":"https:\/\/www.aezuff.org\/extranet\/wp-json\/wp\/v2\/posts\/14331"}],"collection":[{"href":"https:\/\/www.aezuff.org\/extranet\/wp-json\/wp\/v2\/posts"}],"about":[{"href":"https:\/\/www.aezuff.org\/extranet\/wp-json\/wp\/v2\/types\/post"}],"author":[{"embeddable":true,"href":"https:\/\/www.aezuff.org\/extranet\/wp-json\/wp\/v2\/users\/1"}],"replies":[{"embeddable":true,"href":"https:\/\/www.aezuff.org\/extranet\/wp-json\/wp\/v2\/comments?post=14331"}],"version-history":[{"count":1,"href":"https:\/\/www.aezuff.org\/extranet\/wp-json\/wp\/v2\/posts\/14331\/revisions"}],"predecessor-version":[{"id":14333,"href":"https:\/\/www.aezuff.org\/extranet\/wp-json\/wp\/v2\/posts\/14331\/revisions\/14333"}],"wp:featuredmedia":[{"embeddable":true,"href":"https:\/\/www.aezuff.org\/extranet\/wp-json\/wp\/v2\/media\/14332"}],"wp:attachment":[{"href":"https:\/\/www.aezuff.org\/extranet\/wp-json\/wp\/v2\/media?parent=14331"}],"wp:term":[{"taxonomy":"category","embeddable":true,"href":"https:\/\/www.aezuff.org\/extranet\/wp-json\/wp\/v2\/categories?post=14331"},{"taxonomy":"post_tag","embeddable":true,"href":"https:\/\/www.aezuff.org\/extranet\/wp-json\/wp\/v2\/tags?post=14331"}],"curies":[{"name":"wp","href":"https:\/\/api.w.org\/{rel}","templated":true}]}}