{"id":14627,"date":"2024-12-06T17:21:57","date_gmt":"2024-12-06T17:21:57","guid":{"rendered":"https:\/\/www.aezuff.org\/extranet\/?p=14627"},"modified":"2024-12-06T18:10:57","modified_gmt":"2024-12-06T18:10:57","slug":"corta-mato-fase-escola-aezuff-6-de-dezembro-2024","status":"publish","type":"post","link":"https:\/\/www.aezuff.org\/extranet\/corta-mato-fase-escola-aezuff-6-de-dezembro-2024\/","title":{"rendered":"CORTA-MATO \u2013 FASE ESCOLA \u2013 AEZUFF \u2013 6 de Dezembro 2024"},"content":{"rendered":"\n<p>CORTA-MATO \u2013 FASE ESCOLA \u2013 AEZUFF \u2013 6 de Dezembro 2024<\/p>\n\n\n\n<p>Dinamizado pelo Grupo de Educa\u00e7\u00e3o F\u00edsica da Escola B\u00e1sica Jo\u00e3o de Barros, o Agrupamento de Escolas da Zona Urbana da Figueira da Foz realizou, no dia 6 de dezembro, o t\u00e3o desejado Corta-Mato \u2013 fase escola, no Parque das Abadias, com a presen\u00e7a de 6 centenas de participantes. As condi\u00e7\u00f5es clim\u00e1ticas foram excelentes, sem vento e com 18 graus de temperatura primaveril, o que muito agradou a todos os envolvidos.<br \/>Compareceram nas Provas, alunos e alunas de todos os escal\u00f5es et\u00e1rios, inclusiv\u00e9 do 4.\u00ba ano do nosso Agrupamento.<br \/>Este evento, reuniu a comunidade educativa, Alunos, Pais, Assistentes Operacionais, Assistentes T\u00e9cnicas, Funcion\u00e1rios da CMFF e v\u00e1rias Entidades, a quem agradecemos desde j\u00e1 (APPACDM, Cruz Vermelha, Escola Segura e C\u00e2mara Municipal). Um agradecimento especial \u00e0 Dire\u00e7\u00e3o do AEZUFF a todos os Professores envolvidos (desde o 1.\u00ba Ciclo \u2013 4.\u00ba ano ao 9.\u00ba Ano) e \u00e0 significativa participa\u00e7\u00e3o dos Alunos colaboradores.<br \/>Atribu\u00edmos um louvor merecido \u00e0s excelentes presta\u00e7\u00f5es dos participantes, designando, os tr\u00eas primeiros classificados de cada escal\u00e3o:<br \/>Infantil A Fem: 1.\u00ba \u2013 Valentina Miranda &#8211; 5.\u00ba 13; 2.\u00ba \u2013 Matilde Amaral do 4.\u00ba A da Escola Rui Martins e em 3\u00ba, ex aequo \u2013 Teresa Crisanto &#8211; 5.\u00ba 2 e Eva Melo, do 5.\u00ba7.<br \/>Infantil A Masc: 1.\u00ba \u2013 Rodrigo Gra\u00e7a &#8211; 5.\u00ba 2; 2\u00ba \u2013 Jo\u00e3o Pereira do 5.\u00ba 4 e 3\u00ba \u2013 Rodrigo Freitas \u2013 5.\u00ba 7.<br \/>Infantil B Fem: 1.\u00ba \u2013 Ariana Fernandes \u2013 6.\u00ba 8; 2\u00ba \u2013 Mariia Minkovych &#8211; 6.\u00ba 2 e 3\u00ba \u2013 Melissa Fraga \u2013 6.\u00ba 10.<br \/>Infantil B Masc: 1.\u00ba \u2013 Rodrigo Gon\u00e7alves \u2013 6.\u00ba 11; 2\u00ba \u2013 Afonso Oliveira \u2013 6.\u00ba 8 e 3\u00ba \u2013 Dinis Oliveira \u2013 6.\u00ba 8.<br \/>Iniciado Fem: 1.\u00ba \u2013 Ana Gaspar \u2013 9.\u00ba A; 2\u00ba \u2013 Sara Soares \u2013 8.\u00ba B e 3\u00ba \u2013 Anamar Ribeiro \u2013 9.\u00ba B.<br \/>Iniciado Masc: 1.\u00ba \u2013 David Gaspar &#8211; 8.\u00ba A; 2\u00ba \u2013 Tobias Ayala &#8211; 9.\u00ba C e 3\u00ba \u2013 Pedro Ramos &#8211; 9.\u00ba A.<br \/>Juvenil Fem: 1.\u00ba \u2013 Maria Ossa \u2013 9.\u00ba B; 2\u00ba \u2013 Maria Luisa Nunes \u2013 9.\u00ba B e 3\u00ba \u2013 Luciana Vilas \u2013 9.\u00ba C.<br \/>Juvenil Masc: 1.\u00ba \u2013 Rafael Cunha \u2013 7.\u00baD; 2\u00ba \u2013 Axel Walter &#8211; 9.\u00ba C e 3\u00ba \u2013 Martim Neto -9.\u00ba A.<br \/>Para finalizar, o nosso agradecimento muito especial para os Atletas da APPACDM, que realizaram a Prova Adaptada, e que s\u00e3o sempre fundamentais neste evento. As classifica\u00e7\u00f5es foram as seguintes:<br \/>No escal\u00e3o masculino: 1.\u00ba &#8211; Ricardo Gaud\u00eancio; 2.\u00ba &#8211; Tiago Duarte e 3.\u00ba &#8211; Bernardo Pinto.<br \/>No escal\u00e3o feminino destacaram-se as seguintes atletas: 1.\u00ba lugar \u2013 Raquel Trindade; 2.\u00ba &#8211; Ana B\u00e1rbara e 3.\u00ba &#8211; Ana Braz\u00e3o.<br \/>Muitos parab\u00e9ns a todos, pelo excelente evento, onde predominaram valores essenciais, tais como, a inclus\u00e3o, o fair play, o respeito, a toler\u00e2ncia e o verdadeiro esp\u00edrito competitivo!<\/p>\n\n\n\n<figure class=\"wp-block-image size-large is-resized\"><img decoding=\"async\" loading=\"lazy\" width=\"768\" height=\"1024\" src=\"https:\/\/www.aezuff.org\/extranet\/http:\/\/www.aezuff.org\/extranet\/wp-content\/uploads\/2012\/10\/\/2024\/12\/IMG-20241206-WA0131-768x1024.jpg\" alt=\"\" class=\"wp-image-14628\" style=\"aspect-ratio:0.75;width:430px;height:auto\" srcset=\"https:\/\/www.aezuff.org\/extranet\/http:\/\/www.aezuff.org\/extranet\/wp-content\/uploads\/2012\/10\/2024\/12\/IMG-20241206-WA0131-768x1024.jpg 768w, https:\/\/www.aezuff.org\/extranet\/http:\/\/www.aezuff.org\/extranet\/wp-content\/uploads\/2012\/10\/2024\/12\/IMG-20241206-WA0131-225x300.jpg 225w, https:\/\/www.aezuff.org\/extranet\/http:\/\/www.aezuff.org\/extranet\/wp-content\/uploads\/2012\/10\/2024\/12\/IMG-20241206-WA0131-1152x1536.jpg 1152w, https:\/\/www.aezuff.org\/extranet\/http:\/\/www.aezuff.org\/extranet\/wp-content\/uploads\/2012\/10\/2024\/12\/IMG-20241206-WA0131.jpg 1500w\" sizes=\"(max-width: 768px) 100vw, 768px\" \/><\/figure>\n\n\n\n<figure class=\"wp-block-image size-large is-resized\"><img decoding=\"async\" loading=\"lazy\" width=\"768\" height=\"1024\" src=\"https:\/\/www.aezuff.org\/extranet\/http:\/\/www.aezuff.org\/extranet\/wp-content\/uploads\/2012\/10\/\/2024\/12\/IMG-20241206-WA0010-768x1024.jpg\" alt=\"\" class=\"wp-image-14629\" style=\"aspect-ratio:0.75;width:431px;height:auto\" srcset=\"https:\/\/www.aezuff.org\/extranet\/http:\/\/www.aezuff.org\/extranet\/wp-content\/uploads\/2012\/10\/2024\/12\/IMG-20241206-WA0010-768x1024.jpg 768w, https:\/\/www.aezuff.org\/extranet\/http:\/\/www.aezuff.org\/extranet\/wp-content\/uploads\/2012\/10\/2024\/12\/IMG-20241206-WA0010-225x300.jpg 225w, https:\/\/www.aezuff.org\/extranet\/http:\/\/www.aezuff.org\/extranet\/wp-content\/uploads\/2012\/10\/2024\/12\/IMG-20241206-WA0010-1152x1536.jpg 1152w, https:\/\/www.aezuff.org\/extranet\/http:\/\/www.aezuff.org\/extranet\/wp-content\/uploads\/2012\/10\/2024\/12\/IMG-20241206-WA0010.jpg 1200w\" sizes=\"(max-width: 768px) 100vw, 768px\" \/><\/figure>\n<span class=\"synved-social-container synved-social-container-follow\"><a class=\"synved-social-button synved-social-button-follow synved-social-size-24 synved-social-resolution-single synved-social-provider-facebook nolightbox\" data-provider=\"facebook\" target=\"_blank\" rel=\"nofollow\" title=\"Siga-nos no Facebook\" href=\"https:\/\/www.facebook.com\/pages\/Agrupamento-de-Escolas-da-Zona-Urbana-da-Figueira-da-Foz\/112980278714783\" style=\"font-size: 0px; width:24px;height:24px;margin:0;margin-bottom:5px;margin-right:5px;\"><img alt=\"Facebook\" title=\"Siga-nos no Facebook\" class=\"synved-share-image synved-social-image synved-social-image-follow\" width=\"24\" height=\"24\" style=\"display: inline; width:24px;height:24px; margin: 0; padding: 0; border: none; box-shadow: none;\" src=\"https:\/\/www.aezuff.org\/extranet\/wp-content\/plugins\/social-media-feather\/synved-social\/addons\/extra-icons\/image\/social\/flag\/48x48\/facebook.png\" \/><\/a><a class=\"synved-social-button synved-social-button-follow synved-social-size-24 synved-social-resolution-single synved-social-provider-twitter nolightbox\" data-provider=\"twitter\" target=\"_blank\" rel=\"nofollow\" title=\"Siga-nos no Twitter\" href=\"https:\/\/twitter.com\/aezuff\" style=\"font-size: 0px; width:24px;height:24px;margin:0;margin-bottom:5px;margin-right:5px;\"><img alt=\"twitter\" title=\"Siga-nos no Twitter\" class=\"synved-share-image synved-social-image synved-social-image-follow\" width=\"24\" height=\"24\" style=\"display: inline; width:24px;height:24px; margin: 0; padding: 0; border: none; box-shadow: none;\" src=\"https:\/\/www.aezuff.org\/extranet\/wp-content\/plugins\/social-media-feather\/synved-social\/addons\/extra-icons\/image\/social\/flag\/48x48\/twitter.png\" \/><\/a><a class=\"synved-social-button synved-social-button-follow synved-social-size-24 synved-social-resolution-single synved-social-provider-youtube nolightbox\" data-provider=\"youtube\" target=\"_blank\" rel=\"nofollow\" title=\"Subscreva-nos no YouTube\" href=\"http:\/\/www.youtube.com\/user\/actividadeseb23jb\" style=\"font-size: 0px; width:24px;height:24px;margin:0;margin-bottom:5px;\"><img alt=\"youtube\" title=\"Subscreva-nos no YouTube\" class=\"synved-share-image synved-social-image synved-social-image-follow\" width=\"24\" height=\"24\" style=\"display: inline; width:24px;height:24px; margin: 0; padding: 0; border: none; box-shadow: none;\" src=\"https:\/\/www.aezuff.org\/extranet\/wp-content\/plugins\/social-media-feather\/synved-social\/addons\/extra-icons\/image\/social\/flag\/48x48\/youtube.png\" \/><\/a><a class=\"synved-social-credit\" target=\"_blank\" rel=\"nofollow\" title=\"WordPress Social Media Feather\" href=\"http:\/\/synved.com\/wordpress-social-media-feather\/\" style=\"color:#444; text-decoration:none; font-size:8px; margin-left:5px;vertical-align:10px;white-space:nowrap;\"><span>by <\/span><img style=\"display: inline;margin:0;padding:0;width:16px;height:16px;\" width=\"16\" height=\"16\" alt=\"feather\" src=\"https:\/\/www.aezuff.org\/extranet\/wp-content\/plugins\/social-media-feather\/synved-social\/image\/icon.png\" \/><\/a><\/span>","protected":false},"excerpt":{"rendered":"<p>CORTA-MATO \u2013 FASE ESCOLA \u2013 AEZUFF \u2013 6 de Dezembro 2024 Dinamizado pelo Grupo de Educa\u00e7\u00e3o F\u00edsica da Escola B\u00e1sica Jo\u00e3o de Barros, o Agrupamento de Escolas da Zona Urbana da Figueira da Foz&#46;&#46;&#46;<\/p>\n","protected":false},"author":1,"featured_media":14628,"comment_status":"closed","ping_status":"open","sticky":false,"template":"","format":"standard","meta":{"footnotes":""},"categories":[1],"tags":[],"_links":{"self":[{"href":"https:\/\/www.aezuff.org\/extranet\/wp-json\/wp\/v2\/posts\/14627"}],"collection":[{"href":"https:\/\/www.aezuff.org\/extranet\/wp-json\/wp\/v2\/posts"}],"about":[{"href":"https:\/\/www.aezuff.org\/extranet\/wp-json\/wp\/v2\/types\/post"}],"author":[{"embeddable":true,"href":"https:\/\/www.aezuff.org\/extranet\/wp-json\/wp\/v2\/users\/1"}],"replies":[{"embeddable":true,"href":"https:\/\/www.aezuff.org\/extranet\/wp-json\/wp\/v2\/comments?post=14627"}],"version-history":[{"count":4,"href":"https:\/\/www.aezuff.org\/extranet\/wp-json\/wp\/v2\/posts\/14627\/revisions"}],"predecessor-version":[{"id":14634,"href":"https:\/\/www.aezuff.org\/extranet\/wp-json\/wp\/v2\/posts\/14627\/revisions\/14634"}],"wp:featuredmedia":[{"embeddable":true,"href":"https:\/\/www.aezuff.org\/extranet\/wp-json\/wp\/v2\/media\/14628"}],"wp:attachment":[{"href":"https:\/\/www.aezuff.org\/extranet\/wp-json\/wp\/v2\/media?parent=14627"}],"wp:term":[{"taxonomy":"category","embeddable":true,"href":"https:\/\/www.aezuff.org\/extranet\/wp-json\/wp\/v2\/categories?post=14627"},{"taxonomy":"post_tag","embeddable":true,"href":"https:\/\/www.aezuff.org\/extranet\/wp-json\/wp\/v2\/tags?post=14627"}],"curies":[{"name":"wp","href":"https:\/\/api.w.org\/{rel}","templated":true}]}}