{"id":14649,"date":"2024-12-18T09:12:43","date_gmt":"2024-12-18T09:12:43","guid":{"rendered":"https:\/\/www.aezuff.org\/extranet\/?p=14649"},"modified":"2024-12-18T09:14:31","modified_gmt":"2024-12-18T09:14:31","slug":"newsletter-para-ee-uso-responsavel-de-ecras","status":"publish","type":"post","link":"https:\/\/www.aezuff.org\/extranet\/newsletter-para-ee-uso-responsavel-de-ecras\/","title":{"rendered":"Newsletter para EE &#8211; Uso respons\u00e1vel de ecr\u00e3s"},"content":{"rendered":"\n<p>Prezados pais e encarregados de educa\u00e7\u00e3o,<\/p>\n\n\n\n<p>Esperamos que esta newsletter vos encontre todos bem.&nbsp;<\/p>\n\n\n\n<p>Hoje, gostar\u00edamos de abordar um tema importante: o uso de ecr\u00e3s por crian\u00e7as e adolescentes. Com a crescente depend\u00eancia de dispositivos eletr\u00f3nicos, \u00e9 essencial que estejamos atentos e promovamos um equil\u00edbrio saud\u00e1vel.<\/p>\n\n\n\n<p>Aqui est\u00e3o algumas dicas para ajudar a gerir o tempo de ecr\u00e3 dos vossos filhos:<\/p>\n\n\n\n<p><strong>Estabele\u00e7a limites claros<\/strong>: Defina um tempo di\u00e1rio para o uso de dispositivos. Isso pode incluir tempo para tarefas escolares, lazer e redes sociais. Lembre-se de que o tempo em frente aos ecr\u00e3s n\u00e3o deve interferir nas refei\u00e7\u00f5es ou no sono.<\/p>\n\n\n\n<p><strong>Promova atividades offline<\/strong>: Incentive atividades ao ar livre, leitura, jogos de tabuleiro e intera\u00e7\u00f5es familiares. O tempo offline \u00e9 fundamental para o desenvolvimento saud\u00e1vel.<\/p>\n\n\n\n<p><strong>Seja um modelo positivo<\/strong>: As crian\u00e7as aprendem observando os adultos. Mostre como usar os dispositivos de forma equilibrada e consciente.<\/p>\n\n\n\n<p><strong>Converse com os seus filhos<\/strong>: Abra um di\u00e1logo sobre o uso de ecr\u00e3s. Explique os riscos e benef\u00edcios. Esteja dispon\u00edvel para responder a perguntas e preocupa\u00e7\u00f5es.<\/p>\n\n\n\n<p><strong>Utilize ferramentas de controlo parental<\/strong>: Explore op\u00e7\u00f5es de controlo parental para monitorizar o conte\u00fado acessado pelos seus filhos. Isso ajuda a proteg\u00ea-los de conte\u00fado inadequado.<\/p>\n\n\n\n<p>Lembre-se de que o objetivo n\u00e3o \u00e9 eliminar completamente o uso de ecr\u00e3s, mas sim promover um equil\u00edbrio saud\u00e1vel. Juntos, podemos ajudar os vossos filhos a aproveitar o melhor da tecnologia enquanto cuidamos do seu bem-estar.<\/p>\n\n\n\n<p>Esperamos que esta newsletter seja \u00fatil para si e para os outros pais. Se tiver alguma d\u00favida ou sugest\u00e3o, n\u00e3o hesite em entrar em contacto connosco.<\/p>\n\n\n\n<div class=\"wp-block-buttons is-layout-flex wp-block-buttons-is-layout-flex\">\n<div class=\"wp-block-button\"><a class=\"wp-block-button__link wp-element-button\" href=\"http:\/\/www.aezuff.org\/extranet\/http:\/\/www.aezuff.org\/extranet\/wp-content\/uploads\/2012\/10\/\/2024\/12\/USO-RESPONSAVEL-DE-ECRAS.pdf\">Newsletter<\/a><\/div>\n<\/div>\n<span class=\"synved-social-container synved-social-container-follow\"><a class=\"synved-social-button synved-social-button-follow synved-social-size-24 synved-social-resolution-single synved-social-provider-facebook nolightbox\" data-provider=\"facebook\" target=\"_blank\" rel=\"nofollow\" title=\"Siga-nos no Facebook\" href=\"https:\/\/www.facebook.com\/pages\/Agrupamento-de-Escolas-da-Zona-Urbana-da-Figueira-da-Foz\/112980278714783\" style=\"font-size: 0px; width:24px;height:24px;margin:0;margin-bottom:5px;margin-right:5px;\"><img alt=\"Facebook\" title=\"Siga-nos no Facebook\" class=\"synved-share-image synved-social-image synved-social-image-follow\" width=\"24\" height=\"24\" style=\"display: inline; width:24px;height:24px; margin: 0; padding: 0; border: none; box-shadow: none;\" src=\"https:\/\/www.aezuff.org\/extranet\/wp-content\/plugins\/social-media-feather\/synved-social\/addons\/extra-icons\/image\/social\/flag\/48x48\/facebook.png\" \/><\/a><a class=\"synved-social-button synved-social-button-follow synved-social-size-24 synved-social-resolution-single synved-social-provider-twitter nolightbox\" data-provider=\"twitter\" target=\"_blank\" rel=\"nofollow\" title=\"Siga-nos no Twitter\" href=\"https:\/\/twitter.com\/aezuff\" style=\"font-size: 0px; width:24px;height:24px;margin:0;margin-bottom:5px;margin-right:5px;\"><img alt=\"twitter\" title=\"Siga-nos no Twitter\" class=\"synved-share-image synved-social-image synved-social-image-follow\" width=\"24\" height=\"24\" style=\"display: inline; width:24px;height:24px; margin: 0; padding: 0; border: none; box-shadow: none;\" src=\"https:\/\/www.aezuff.org\/extranet\/wp-content\/plugins\/social-media-feather\/synved-social\/addons\/extra-icons\/image\/social\/flag\/48x48\/twitter.png\" \/><\/a><a class=\"synved-social-button synved-social-button-follow synved-social-size-24 synved-social-resolution-single synved-social-provider-youtube nolightbox\" data-provider=\"youtube\" target=\"_blank\" rel=\"nofollow\" title=\"Subscreva-nos no YouTube\" href=\"http:\/\/www.youtube.com\/user\/actividadeseb23jb\" style=\"font-size: 0px; width:24px;height:24px;margin:0;margin-bottom:5px;\"><img alt=\"youtube\" title=\"Subscreva-nos no YouTube\" class=\"synved-share-image synved-social-image synved-social-image-follow\" width=\"24\" height=\"24\" style=\"display: inline; width:24px;height:24px; margin: 0; padding: 0; border: none; box-shadow: none;\" src=\"https:\/\/www.aezuff.org\/extranet\/wp-content\/plugins\/social-media-feather\/synved-social\/addons\/extra-icons\/image\/social\/flag\/48x48\/youtube.png\" \/><\/a><a class=\"synved-social-credit\" target=\"_blank\" rel=\"nofollow\" title=\"WordPress Social Media Feather\" href=\"http:\/\/synved.com\/wordpress-social-media-feather\/\" style=\"color:#444; text-decoration:none; font-size:8px; margin-left:5px;vertical-align:10px;white-space:nowrap;\"><span>by <\/span><img style=\"display: inline;margin:0;padding:0;width:16px;height:16px;\" width=\"16\" height=\"16\" alt=\"feather\" src=\"https:\/\/www.aezuff.org\/extranet\/wp-content\/plugins\/social-media-feather\/synved-social\/image\/icon.png\" \/><\/a><\/span>","protected":false},"excerpt":{"rendered":"<p>Prezados pais e encarregados de educa\u00e7\u00e3o, Esperamos que esta newsletter vos encontre todos bem.&nbsp; Hoje, gostar\u00edamos de abordar um tema importante: o uso de ecr\u00e3s por crian\u00e7as e adolescentes. Com a crescente depend\u00eancia de&#46;&#46;&#46;<\/p>\n","protected":false},"author":1,"featured_media":0,"comment_status":"closed","ping_status":"open","sticky":false,"template":"","format":"standard","meta":{"footnotes":""},"categories":[1],"tags":[],"_links":{"self":[{"href":"https:\/\/www.aezuff.org\/extranet\/wp-json\/wp\/v2\/posts\/14649"}],"collection":[{"href":"https:\/\/www.aezuff.org\/extranet\/wp-json\/wp\/v2\/posts"}],"about":[{"href":"https:\/\/www.aezuff.org\/extranet\/wp-json\/wp\/v2\/types\/post"}],"author":[{"embeddable":true,"href":"https:\/\/www.aezuff.org\/extranet\/wp-json\/wp\/v2\/users\/1"}],"replies":[{"embeddable":true,"href":"https:\/\/www.aezuff.org\/extranet\/wp-json\/wp\/v2\/comments?post=14649"}],"version-history":[{"count":2,"href":"https:\/\/www.aezuff.org\/extranet\/wp-json\/wp\/v2\/posts\/14649\/revisions"}],"predecessor-version":[{"id":14652,"href":"https:\/\/www.aezuff.org\/extranet\/wp-json\/wp\/v2\/posts\/14649\/revisions\/14652"}],"wp:attachment":[{"href":"https:\/\/www.aezuff.org\/extranet\/wp-json\/wp\/v2\/media?parent=14649"}],"wp:term":[{"taxonomy":"category","embeddable":true,"href":"https:\/\/www.aezuff.org\/extranet\/wp-json\/wp\/v2\/categories?post=14649"},{"taxonomy":"post_tag","embeddable":true,"href":"https:\/\/www.aezuff.org\/extranet\/wp-json\/wp\/v2\/tags?post=14649"}],"curies":[{"name":"wp","href":"https:\/\/api.w.org\/{rel}","templated":true}]}}