{"id":14738,"date":"2025-01-21T11:34:24","date_gmt":"2025-01-21T11:34:24","guid":{"rendered":"https:\/\/www.aezuff.org\/extranet\/?p=14738"},"modified":"2025-01-21T11:34:24","modified_gmt":"2025-01-21T11:34:24","slug":"desporto-escolar-corta-mato-distrital-20-de-janeiro-de-2025-aezuff-brilhou-no-escalao-de-infantil-a","status":"publish","type":"post","link":"https:\/\/www.aezuff.org\/extranet\/desporto-escolar-corta-mato-distrital-20-de-janeiro-de-2025-aezuff-brilhou-no-escalao-de-infantil-a\/","title":{"rendered":"Desporto Escolar &#8211; Corta Mato Distrital \u2013 20 de janeiro de 2025 &#8211; AEZUFF brilhou no escal\u00e3o de Infantil A"},"content":{"rendered":"\n<p>O Corta-Mato Distrital do Desporto Escolar realizou-se em Coimbra, na Pra\u00e7a da Can\u00e7\u00e3o. Foram cerca de 1700 participantes que correram nos diversos escal\u00f5es.<\/p>\n\n\n\n<p>Apesar de estar um tempo pouco convidativo, de chuva e frio, foram obtidos dois brilhantes t\u00edtulos de 1.\u00ba lugar, para a equipa feminina e para a equipa masculina do escal\u00e3o Infantil A. Destacaram-se ainda os dois t\u00edtulos de 3.\u00ba lugar, individual, para a aluna Matilde Amaral, do 4.\u00ba A, da Escola Rui Martins, e para o aluno Rodrigo Gra\u00e7a, do 5.\u00ba2.<\/p>\n\n\n\n<p>A equipa vencedora feminina foi constitu\u00edda por: MATILDE AMARAL (4.\u00baA Rui Martins); EVA MELO (5.\u00ba7); ADRIANA MOREIRA (4.\u00baC Abadias); TERESA CRISANTO (5.\u00ba2); LAURA GOMES (4.\u00ba A S. Juli\u00e3o Tavarede) e VALENTINA MIRANDA (5.\u00ba13).<\/p>\n\n\n\n<p>A equipa vencedora masculina foi constitu\u00edda por: RODRIGO GRA\u00c7A (5.\u00ba2); JO\u00c3O PEREIRA (5.\u00ba4); RODRIGO FREITAS (5.\u00ba7); SALVADOR ANDRADE (5.\u00ba3); FRANCISCO GARCIA (5.\u00ba8) e SALVADOR FETEIRA (5.\u00ba9).<\/p>\n\n\n\n<p>Acompanharam esta comitiva a professora Gabriela Coronel e os professores Jos\u00e9 Canhola e V\u00edtor Louren\u00e7o, que muito incentivaram estas equipas.<\/p>\n\n\n\n<p>Foi com muito interesse, entusiasmo e esp\u00edrito desportivo que esta comitiva participou neste evento, tendo dado o seu melhor.<\/p>\n\n\n\n<p>Muitos parab\u00e9ns a todos!<\/p>\n\n\n\n<figure class=\"wp-block-image size-large\"><img decoding=\"async\" loading=\"lazy\" width=\"1024\" height=\"586\" src=\"https:\/\/www.aezuff.org\/extranet\/http:\/\/www.aezuff.org\/extranet\/wp-content\/uploads\/2012\/10\/\/2025\/01\/IMG-20250120-WA0022-1024x586.jpg\" alt=\"\" class=\"wp-image-14739\" srcset=\"https:\/\/www.aezuff.org\/extranet\/http:\/\/www.aezuff.org\/extranet\/wp-content\/uploads\/2012\/10\/2025\/01\/IMG-20250120-WA0022-1024x586.jpg 1024w, https:\/\/www.aezuff.org\/extranet\/http:\/\/www.aezuff.org\/extranet\/wp-content\/uploads\/2012\/10\/2025\/01\/IMG-20250120-WA0022-300x172.jpg 300w, https:\/\/www.aezuff.org\/extranet\/http:\/\/www.aezuff.org\/extranet\/wp-content\/uploads\/2012\/10\/2025\/01\/IMG-20250120-WA0022-768x440.jpg 768w, https:\/\/www.aezuff.org\/extranet\/http:\/\/www.aezuff.org\/extranet\/wp-content\/uploads\/2012\/10\/2025\/01\/IMG-20250120-WA0022-1536x880.jpg 1536w, https:\/\/www.aezuff.org\/extranet\/http:\/\/www.aezuff.org\/extranet\/wp-content\/uploads\/2012\/10\/2025\/01\/IMG-20250120-WA0022.jpg 1577w\" sizes=\"(max-width: 1024px) 100vw, 1024px\" \/><\/figure>\n<span class=\"synved-social-container synved-social-container-follow\"><a class=\"synved-social-button synved-social-button-follow synved-social-size-24 synved-social-resolution-single synved-social-provider-facebook nolightbox\" data-provider=\"facebook\" target=\"_blank\" rel=\"nofollow\" title=\"Siga-nos no Facebook\" href=\"https:\/\/www.facebook.com\/pages\/Agrupamento-de-Escolas-da-Zona-Urbana-da-Figueira-da-Foz\/112980278714783\" style=\"font-size: 0px; width:24px;height:24px;margin:0;margin-bottom:5px;margin-right:5px;\"><img alt=\"Facebook\" title=\"Siga-nos no Facebook\" class=\"synved-share-image synved-social-image synved-social-image-follow\" width=\"24\" height=\"24\" style=\"display: inline; width:24px;height:24px; margin: 0; padding: 0; border: none; box-shadow: none;\" src=\"https:\/\/www.aezuff.org\/extranet\/wp-content\/plugins\/social-media-feather\/synved-social\/addons\/extra-icons\/image\/social\/flag\/48x48\/facebook.png\" \/><\/a><a class=\"synved-social-button synved-social-button-follow synved-social-size-24 synved-social-resolution-single synved-social-provider-twitter nolightbox\" data-provider=\"twitter\" target=\"_blank\" rel=\"nofollow\" title=\"Siga-nos no Twitter\" href=\"https:\/\/twitter.com\/aezuff\" style=\"font-size: 0px; width:24px;height:24px;margin:0;margin-bottom:5px;margin-right:5px;\"><img alt=\"twitter\" title=\"Siga-nos no Twitter\" class=\"synved-share-image synved-social-image synved-social-image-follow\" width=\"24\" height=\"24\" style=\"display: inline; width:24px;height:24px; margin: 0; padding: 0; border: none; box-shadow: none;\" src=\"https:\/\/www.aezuff.org\/extranet\/wp-content\/plugins\/social-media-feather\/synved-social\/addons\/extra-icons\/image\/social\/flag\/48x48\/twitter.png\" \/><\/a><a class=\"synved-social-button synved-social-button-follow synved-social-size-24 synved-social-resolution-single synved-social-provider-youtube nolightbox\" data-provider=\"youtube\" target=\"_blank\" rel=\"nofollow\" title=\"Subscreva-nos no YouTube\" href=\"http:\/\/www.youtube.com\/user\/actividadeseb23jb\" style=\"font-size: 0px; width:24px;height:24px;margin:0;margin-bottom:5px;\"><img alt=\"youtube\" title=\"Subscreva-nos no YouTube\" class=\"synved-share-image synved-social-image synved-social-image-follow\" width=\"24\" height=\"24\" style=\"display: inline; width:24px;height:24px; margin: 0; padding: 0; border: none; box-shadow: none;\" src=\"https:\/\/www.aezuff.org\/extranet\/wp-content\/plugins\/social-media-feather\/synved-social\/addons\/extra-icons\/image\/social\/flag\/48x48\/youtube.png\" \/><\/a><a class=\"synved-social-credit\" target=\"_blank\" rel=\"nofollow\" title=\"WordPress Social Media Feather\" href=\"http:\/\/synved.com\/wordpress-social-media-feather\/\" style=\"color:#444; text-decoration:none; font-size:8px; margin-left:5px;vertical-align:10px;white-space:nowrap;\"><span>by <\/span><img style=\"display: inline;margin:0;padding:0;width:16px;height:16px;\" width=\"16\" height=\"16\" alt=\"feather\" src=\"https:\/\/www.aezuff.org\/extranet\/wp-content\/plugins\/social-media-feather\/synved-social\/image\/icon.png\" \/><\/a><\/span>","protected":false},"excerpt":{"rendered":"<p>O Corta-Mato Distrital do Desporto Escolar realizou-se em Coimbra, na Pra\u00e7a da Can\u00e7\u00e3o. Foram cerca de 1700 participantes que correram nos diversos escal\u00f5es. Apesar de estar um tempo pouco convidativo, de chuva e frio,&#46;&#46;&#46;<\/p>\n","protected":false},"author":1,"featured_media":14739,"comment_status":"closed","ping_status":"open","sticky":false,"template":"","format":"standard","meta":{"footnotes":""},"categories":[1],"tags":[],"_links":{"self":[{"href":"https:\/\/www.aezuff.org\/extranet\/wp-json\/wp\/v2\/posts\/14738"}],"collection":[{"href":"https:\/\/www.aezuff.org\/extranet\/wp-json\/wp\/v2\/posts"}],"about":[{"href":"https:\/\/www.aezuff.org\/extranet\/wp-json\/wp\/v2\/types\/post"}],"author":[{"embeddable":true,"href":"https:\/\/www.aezuff.org\/extranet\/wp-json\/wp\/v2\/users\/1"}],"replies":[{"embeddable":true,"href":"https:\/\/www.aezuff.org\/extranet\/wp-json\/wp\/v2\/comments?post=14738"}],"version-history":[{"count":1,"href":"https:\/\/www.aezuff.org\/extranet\/wp-json\/wp\/v2\/posts\/14738\/revisions"}],"predecessor-version":[{"id":14740,"href":"https:\/\/www.aezuff.org\/extranet\/wp-json\/wp\/v2\/posts\/14738\/revisions\/14740"}],"wp:featuredmedia":[{"embeddable":true,"href":"https:\/\/www.aezuff.org\/extranet\/wp-json\/wp\/v2\/media\/14739"}],"wp:attachment":[{"href":"https:\/\/www.aezuff.org\/extranet\/wp-json\/wp\/v2\/media?parent=14738"}],"wp:term":[{"taxonomy":"category","embeddable":true,"href":"https:\/\/www.aezuff.org\/extranet\/wp-json\/wp\/v2\/categories?post=14738"},{"taxonomy":"post_tag","embeddable":true,"href":"https:\/\/www.aezuff.org\/extranet\/wp-json\/wp\/v2\/tags?post=14738"}],"curies":[{"name":"wp","href":"https:\/\/api.w.org\/{rel}","templated":true}]}}