{"id":14791,"date":"2025-02-07T16:24:36","date_gmt":"2025-02-07T16:24:36","guid":{"rendered":"https:\/\/www.aezuff.org\/extranet\/?p=14791"},"modified":"2025-02-07T16:24:36","modified_gmt":"2025-02-07T16:24:36","slug":"primeira-jornada-do-clde-de-basquetebol-infantis-b-reune-36-jovens-atletas","status":"publish","type":"post","link":"https:\/\/www.aezuff.org\/extranet\/primeira-jornada-do-clde-de-basquetebol-infantis-b-reune-36-jovens-atletas\/","title":{"rendered":"Primeira Jornada do CLDE de Basquetebol Infantis B re\u00fane 36 jovens atletas"},"content":{"rendered":"\n<p>Na tarde do dia 29 de janeiro, no pavilh\u00e3o da Escola Jo\u00e3o de Barros, realizou-se a primeira jornada do CLDE de Basquetebol no escal\u00e3o de Infantis B, um evento que destacou n\u00e3o apenas a competi\u00e7\u00e3o, mas tamb\u00e9m valores como inclus\u00e3o, solidariedade e supera\u00e7\u00e3o.<\/p>\n\n\n\n<p>Esta jornada contou com a participa\u00e7\u00e3o de tr\u00eas equipas: a equipa masculina da EB Dr. Jo\u00e3o de Barros, a equipa feminina da Escola Jo\u00e3o de Barros e a <a><\/a>equipa masculina da escola EB e Sec. Jo\u00e3o Garcia Bacelar (Tocha).<\/p>\n\n\n\n<p>Ao todo, estiveram envolvidos 42 jovens atletas e 6 jovens \u00e1rbitros\/oficiais de mesa.<\/p>\n\n\n\n<p>O Fair Play foi uma marca constante durante os 3 jogos disputados, mostrando que o desporto vai al\u00e9m da competi\u00e7\u00e3o, sendo uma ferramenta poderosa para unir pessoas e promover valores essenciais.<\/p>\n\n\n\n<p>Resultados:<\/p>\n\n\n\n<p>Escola Jo\u00e3o de Barros Masc. 38 &#8211; 10 EB e SEC Jo\u00e3o Garcia Bacelar;<\/p>\n\n\n\n<p>Escola Jo\u00e3o de Barros Fem. 21 &#8211; 9 EB e SEC Jo\u00e3o Garcia Bacelar;<\/p>\n\n\n\n<p>Escola Jo\u00e3o de Barros Masc. 41 &#8211; 32 Escola Jo\u00e3o de Barros Fem.<\/p>\n\n\n\n<figure class=\"wp-block-image size-full\"><img decoding=\"async\" loading=\"lazy\" width=\"996\" height=\"730\" src=\"https:\/\/www.aezuff.org\/extranet\/http:\/\/www.aezuff.org\/extranet\/wp-content\/uploads\/2012\/10\/\/2025\/02\/IMG_4855.jpg\" alt=\"\" class=\"wp-image-14792\" srcset=\"https:\/\/www.aezuff.org\/extranet\/http:\/\/www.aezuff.org\/extranet\/wp-content\/uploads\/2012\/10\/2025\/02\/IMG_4855.jpg 996w, https:\/\/www.aezuff.org\/extranet\/http:\/\/www.aezuff.org\/extranet\/wp-content\/uploads\/2012\/10\/2025\/02\/IMG_4855-300x220.jpg 300w, https:\/\/www.aezuff.org\/extranet\/http:\/\/www.aezuff.org\/extranet\/wp-content\/uploads\/2012\/10\/2025\/02\/IMG_4855-768x563.jpg 768w\" sizes=\"(max-width: 996px) 100vw, 996px\" \/><\/figure>\n<span class=\"synved-social-container synved-social-container-follow\"><a class=\"synved-social-button synved-social-button-follow synved-social-size-24 synved-social-resolution-single synved-social-provider-facebook nolightbox\" data-provider=\"facebook\" target=\"_blank\" rel=\"nofollow\" title=\"Siga-nos no Facebook\" href=\"https:\/\/www.facebook.com\/pages\/Agrupamento-de-Escolas-da-Zona-Urbana-da-Figueira-da-Foz\/112980278714783\" style=\"font-size: 0px; width:24px;height:24px;margin:0;margin-bottom:5px;margin-right:5px;\"><img alt=\"Facebook\" title=\"Siga-nos no Facebook\" class=\"synved-share-image synved-social-image synved-social-image-follow\" width=\"24\" height=\"24\" style=\"display: inline; width:24px;height:24px; margin: 0; padding: 0; border: none; box-shadow: none;\" src=\"https:\/\/www.aezuff.org\/extranet\/wp-content\/plugins\/social-media-feather\/synved-social\/addons\/extra-icons\/image\/social\/flag\/48x48\/facebook.png\" \/><\/a><a class=\"synved-social-button synved-social-button-follow synved-social-size-24 synved-social-resolution-single synved-social-provider-twitter nolightbox\" data-provider=\"twitter\" target=\"_blank\" rel=\"nofollow\" title=\"Siga-nos no Twitter\" href=\"https:\/\/twitter.com\/aezuff\" style=\"font-size: 0px; width:24px;height:24px;margin:0;margin-bottom:5px;margin-right:5px;\"><img alt=\"twitter\" title=\"Siga-nos no Twitter\" class=\"synved-share-image synved-social-image synved-social-image-follow\" width=\"24\" height=\"24\" style=\"display: inline; width:24px;height:24px; margin: 0; padding: 0; border: none; box-shadow: none;\" src=\"https:\/\/www.aezuff.org\/extranet\/wp-content\/plugins\/social-media-feather\/synved-social\/addons\/extra-icons\/image\/social\/flag\/48x48\/twitter.png\" \/><\/a><a class=\"synved-social-button synved-social-button-follow synved-social-size-24 synved-social-resolution-single synved-social-provider-youtube nolightbox\" data-provider=\"youtube\" target=\"_blank\" rel=\"nofollow\" title=\"Subscreva-nos no YouTube\" href=\"http:\/\/www.youtube.com\/user\/actividadeseb23jb\" style=\"font-size: 0px; width:24px;height:24px;margin:0;margin-bottom:5px;\"><img alt=\"youtube\" title=\"Subscreva-nos no YouTube\" class=\"synved-share-image synved-social-image synved-social-image-follow\" width=\"24\" height=\"24\" style=\"display: inline; width:24px;height:24px; margin: 0; padding: 0; border: none; box-shadow: none;\" src=\"https:\/\/www.aezuff.org\/extranet\/wp-content\/plugins\/social-media-feather\/synved-social\/addons\/extra-icons\/image\/social\/flag\/48x48\/youtube.png\" \/><\/a><a class=\"synved-social-credit\" target=\"_blank\" rel=\"nofollow\" title=\"WordPress Social Media Feather\" href=\"http:\/\/synved.com\/wordpress-social-media-feather\/\" style=\"color:#444; text-decoration:none; font-size:8px; margin-left:5px;vertical-align:10px;white-space:nowrap;\"><span>by <\/span><img style=\"display: inline;margin:0;padding:0;width:16px;height:16px;\" width=\"16\" height=\"16\" alt=\"feather\" src=\"https:\/\/www.aezuff.org\/extranet\/wp-content\/plugins\/social-media-feather\/synved-social\/image\/icon.png\" \/><\/a><\/span>","protected":false},"excerpt":{"rendered":"<p>Na tarde do dia 29 de janeiro, no pavilh\u00e3o da Escola Jo\u00e3o de Barros, realizou-se a primeira jornada do CLDE de Basquetebol no escal\u00e3o de Infantis B, um evento que destacou n\u00e3o apenas a&#46;&#46;&#46;<\/p>\n","protected":false},"author":1,"featured_media":14792,"comment_status":"closed","ping_status":"open","sticky":false,"template":"","format":"standard","meta":{"footnotes":""},"categories":[1],"tags":[],"_links":{"self":[{"href":"https:\/\/www.aezuff.org\/extranet\/wp-json\/wp\/v2\/posts\/14791"}],"collection":[{"href":"https:\/\/www.aezuff.org\/extranet\/wp-json\/wp\/v2\/posts"}],"about":[{"href":"https:\/\/www.aezuff.org\/extranet\/wp-json\/wp\/v2\/types\/post"}],"author":[{"embeddable":true,"href":"https:\/\/www.aezuff.org\/extranet\/wp-json\/wp\/v2\/users\/1"}],"replies":[{"embeddable":true,"href":"https:\/\/www.aezuff.org\/extranet\/wp-json\/wp\/v2\/comments?post=14791"}],"version-history":[{"count":1,"href":"https:\/\/www.aezuff.org\/extranet\/wp-json\/wp\/v2\/posts\/14791\/revisions"}],"predecessor-version":[{"id":14793,"href":"https:\/\/www.aezuff.org\/extranet\/wp-json\/wp\/v2\/posts\/14791\/revisions\/14793"}],"wp:featuredmedia":[{"embeddable":true,"href":"https:\/\/www.aezuff.org\/extranet\/wp-json\/wp\/v2\/media\/14792"}],"wp:attachment":[{"href":"https:\/\/www.aezuff.org\/extranet\/wp-json\/wp\/v2\/media?parent=14791"}],"wp:term":[{"taxonomy":"category","embeddable":true,"href":"https:\/\/www.aezuff.org\/extranet\/wp-json\/wp\/v2\/categories?post=14791"},{"taxonomy":"post_tag","embeddable":true,"href":"https:\/\/www.aezuff.org\/extranet\/wp-json\/wp\/v2\/tags?post=14791"}],"curies":[{"name":"wp","href":"https:\/\/api.w.org\/{rel}","templated":true}]}}