{"id":14822,"date":"2025-02-20T10:11:37","date_gmt":"2025-02-20T10:11:37","guid":{"rendered":"https:\/\/www.aezuff.org\/extranet\/?p=14822"},"modified":"2025-02-20T10:11:38","modified_gmt":"2025-02-20T10:11:38","slug":"orcamento-participativo-das-escolas-2025-a-voz-dos-alunos-na-melhoria-da-escola","status":"publish","type":"post","link":"https:\/\/www.aezuff.org\/extranet\/orcamento-participativo-das-escolas-2025-a-voz-dos-alunos-na-melhoria-da-escola\/","title":{"rendered":"Or\u00e7amento Participativo das Escolas 2025\u00a0\u2013 A voz dos alunos na melhoria da escola!\u00a0"},"content":{"rendered":"\n<p>O Or\u00e7amento Participativo das Escolas 2025 j\u00e1 arrancou e promete dar aos alunos do 3.\u00ba ciclo a oportunidade de decidir como investir 500\u20ac na melhoria da sua escola. Este projeto visa estimular a participa\u00e7\u00e3o c\u00edvica, a inclus\u00e3o e o bem-estar, permitindo que os estudantes apresentem, debatam e votem propostas que tragam benef\u00edcios para toda a comunidade escolar.<\/p>\n\n\n\n<p><strong>Etapas do processo:<\/strong><br \/>&#8211;&nbsp;<em>At\u00e9 28 de fevereiro<\/em>&nbsp;\u2013 Entrega das propostas<br \/>&#8211;&nbsp;<em>6 de mar\u00e7o<\/em>&nbsp;\u2013 Reuni\u00e3o entre os proponentes e o coordenador local para ajustes nas propostas.<br \/>&#8211;&nbsp;<em>10 a 21 de mar\u00e7o<\/em>&nbsp;\u2013 Divulga\u00e7\u00e3o e debate das ideias apresentadas.<br \/>&#8211;&nbsp;<em>24 de mar\u00e7o<\/em>&nbsp;(Dia do Estudante)\u2013&nbsp;<strong>Dia de vota\u00e7\u00e3o<\/strong>! Todos os alunos do 3.\u00ba ciclo poder\u00e3o escolher a melhor proposta.<br \/>&#8211;&nbsp;<em>At\u00e9 dezembro de 2025<\/em>&nbsp;\u2013 Implementa\u00e7\u00e3o do projeto vencedor.<\/p>\n\n\n\n<p>Com o envolvimento ativo de toda a comunidade educativa no incentivo \u00e0 participa\u00e7\u00e3o dos alunos e na dinamiza\u00e7\u00e3o do debate, esta&nbsp;iniciativa ser\u00e1 um&nbsp;<strong>sucesso garantido<\/strong>!<\/p>\n\n\n\n<p>Este \u00e9 um momento importante para os jovens exercitarem a sua cidadania ativa e responsabilidade democr\u00e1tica, demonstrando que a sua voz e as suas ideias t\u00eam um impacto real na escola.<\/p>\n\n\n\n<p>Juntos, podemos construir uma escola melhor!\u00a0<\/p>\n\n\n\n<p><\/p>\n\n\n\n<p><strong><a href=\"http:\/\/www.aezuff.org\/extranet\/http:\/\/www.aezuff.org\/extranet\/wp-content\/uploads\/2012\/10\/\/2025\/02\/Orcamento-Participativo-2025-Regulamento.pdf\">Regulamento<\/a><\/strong><\/p>\n\n\n\n<figure class=\"wp-block-image size-large is-resized\"><img decoding=\"async\" loading=\"lazy\" width=\"723\" height=\"1024\" src=\"https:\/\/www.aezuff.org\/extranet\/http:\/\/www.aezuff.org\/extranet\/wp-content\/uploads\/2012\/10\/\/2025\/02\/OPE-723x1024.jpg\" alt=\"\" class=\"wp-image-14824\" style=\"aspect-ratio:0.7060546875;width:481px;height:auto\" srcset=\"https:\/\/www.aezuff.org\/extranet\/http:\/\/www.aezuff.org\/extranet\/wp-content\/uploads\/2012\/10\/2025\/02\/OPE-723x1024.jpg 723w, https:\/\/www.aezuff.org\/extranet\/http:\/\/www.aezuff.org\/extranet\/wp-content\/uploads\/2012\/10\/2025\/02\/OPE-212x300.jpg 212w, https:\/\/www.aezuff.org\/extranet\/http:\/\/www.aezuff.org\/extranet\/wp-content\/uploads\/2012\/10\/2025\/02\/OPE-768x1088.jpg 768w, https:\/\/www.aezuff.org\/extranet\/http:\/\/www.aezuff.org\/extranet\/wp-content\/uploads\/2012\/10\/2025\/02\/OPE-1085x1536.jpg 1085w, https:\/\/www.aezuff.org\/extranet\/http:\/\/www.aezuff.org\/extranet\/wp-content\/uploads\/2012\/10\/2025\/02\/OPE.jpg 1446w\" sizes=\"(max-width: 723px) 100vw, 723px\" \/><\/figure>\n<span class=\"synved-social-container synved-social-container-follow\"><a class=\"synved-social-button synved-social-button-follow synved-social-size-24 synved-social-resolution-single synved-social-provider-facebook nolightbox\" data-provider=\"facebook\" target=\"_blank\" rel=\"nofollow\" title=\"Siga-nos no Facebook\" href=\"https:\/\/www.facebook.com\/pages\/Agrupamento-de-Escolas-da-Zona-Urbana-da-Figueira-da-Foz\/112980278714783\" style=\"font-size: 0px; width:24px;height:24px;margin:0;margin-bottom:5px;margin-right:5px;\"><img alt=\"Facebook\" title=\"Siga-nos no Facebook\" class=\"synved-share-image synved-social-image synved-social-image-follow\" width=\"24\" height=\"24\" style=\"display: inline; width:24px;height:24px; margin: 0; padding: 0; border: none; box-shadow: none;\" src=\"https:\/\/www.aezuff.org\/extranet\/wp-content\/plugins\/social-media-feather\/synved-social\/addons\/extra-icons\/image\/social\/flag\/48x48\/facebook.png\" \/><\/a><a class=\"synved-social-button synved-social-button-follow synved-social-size-24 synved-social-resolution-single synved-social-provider-twitter nolightbox\" data-provider=\"twitter\" target=\"_blank\" rel=\"nofollow\" title=\"Siga-nos no Twitter\" href=\"https:\/\/twitter.com\/aezuff\" style=\"font-size: 0px; width:24px;height:24px;margin:0;margin-bottom:5px;margin-right:5px;\"><img alt=\"twitter\" title=\"Siga-nos no Twitter\" class=\"synved-share-image synved-social-image synved-social-image-follow\" width=\"24\" height=\"24\" style=\"display: inline; width:24px;height:24px; margin: 0; padding: 0; border: none; box-shadow: none;\" src=\"https:\/\/www.aezuff.org\/extranet\/wp-content\/plugins\/social-media-feather\/synved-social\/addons\/extra-icons\/image\/social\/flag\/48x48\/twitter.png\" \/><\/a><a class=\"synved-social-button synved-social-button-follow synved-social-size-24 synved-social-resolution-single synved-social-provider-youtube nolightbox\" data-provider=\"youtube\" target=\"_blank\" rel=\"nofollow\" title=\"Subscreva-nos no YouTube\" href=\"http:\/\/www.youtube.com\/user\/actividadeseb23jb\" style=\"font-size: 0px; width:24px;height:24px;margin:0;margin-bottom:5px;\"><img alt=\"youtube\" title=\"Subscreva-nos no YouTube\" class=\"synved-share-image synved-social-image synved-social-image-follow\" width=\"24\" height=\"24\" style=\"display: inline; width:24px;height:24px; margin: 0; padding: 0; border: none; box-shadow: none;\" src=\"https:\/\/www.aezuff.org\/extranet\/wp-content\/plugins\/social-media-feather\/synved-social\/addons\/extra-icons\/image\/social\/flag\/48x48\/youtube.png\" \/><\/a><a class=\"synved-social-credit\" target=\"_blank\" rel=\"nofollow\" title=\"WordPress Social Media Feather\" href=\"http:\/\/synved.com\/wordpress-social-media-feather\/\" style=\"color:#444; text-decoration:none; font-size:8px; margin-left:5px;vertical-align:10px;white-space:nowrap;\"><span>by <\/span><img style=\"display: inline;margin:0;padding:0;width:16px;height:16px;\" width=\"16\" height=\"16\" alt=\"feather\" src=\"https:\/\/www.aezuff.org\/extranet\/wp-content\/plugins\/social-media-feather\/synved-social\/image\/icon.png\" \/><\/a><\/span>","protected":false},"excerpt":{"rendered":"<p>O Or\u00e7amento Participativo das Escolas 2025 j\u00e1 arrancou e promete dar aos alunos do 3.\u00ba ciclo a oportunidade de decidir como investir 500\u20ac na melhoria da sua escola. Este projeto visa estimular a participa\u00e7\u00e3o&#46;&#46;&#46;<\/p>\n","protected":false},"author":1,"featured_media":14824,"comment_status":"closed","ping_status":"open","sticky":false,"template":"","format":"standard","meta":{"footnotes":""},"categories":[1],"tags":[],"_links":{"self":[{"href":"https:\/\/www.aezuff.org\/extranet\/wp-json\/wp\/v2\/posts\/14822"}],"collection":[{"href":"https:\/\/www.aezuff.org\/extranet\/wp-json\/wp\/v2\/posts"}],"about":[{"href":"https:\/\/www.aezuff.org\/extranet\/wp-json\/wp\/v2\/types\/post"}],"author":[{"embeddable":true,"href":"https:\/\/www.aezuff.org\/extranet\/wp-json\/wp\/v2\/users\/1"}],"replies":[{"embeddable":true,"href":"https:\/\/www.aezuff.org\/extranet\/wp-json\/wp\/v2\/comments?post=14822"}],"version-history":[{"count":1,"href":"https:\/\/www.aezuff.org\/extranet\/wp-json\/wp\/v2\/posts\/14822\/revisions"}],"predecessor-version":[{"id":14825,"href":"https:\/\/www.aezuff.org\/extranet\/wp-json\/wp\/v2\/posts\/14822\/revisions\/14825"}],"wp:featuredmedia":[{"embeddable":true,"href":"https:\/\/www.aezuff.org\/extranet\/wp-json\/wp\/v2\/media\/14824"}],"wp:attachment":[{"href":"https:\/\/www.aezuff.org\/extranet\/wp-json\/wp\/v2\/media?parent=14822"}],"wp:term":[{"taxonomy":"category","embeddable":true,"href":"https:\/\/www.aezuff.org\/extranet\/wp-json\/wp\/v2\/categories?post=14822"},{"taxonomy":"post_tag","embeddable":true,"href":"https:\/\/www.aezuff.org\/extranet\/wp-json\/wp\/v2\/tags?post=14822"}],"curies":[{"name":"wp","href":"https:\/\/api.w.org\/{rel}","templated":true}]}}