{"id":14842,"date":"2025-02-27T12:09:33","date_gmt":"2025-02-27T12:09:33","guid":{"rendered":"https:\/\/www.aezuff.org\/extranet\/?p=14842"},"modified":"2025-02-27T12:09:33","modified_gmt":"2025-02-27T12:09:33","slug":"competicoes-nacionais-de-ciencia-em-rede-2025","status":"publish","type":"post","link":"https:\/\/www.aezuff.org\/extranet\/competicoes-nacionais-de-ciencia-em-rede-2025\/","title":{"rendered":"Competi\u00e7\u00f5es Nacionais de Ci\u00eancia em Rede 2025"},"content":{"rendered":"\n<p>As alunas Sara Portugal Soares e Maria Beatriz Braz Esteves, do 8.\u00ba B da Escola Jo\u00e3o de Barros, participaram nas Competi\u00e7\u00f5es Nacionais de Ci\u00eancia em Rede 2025, promovidas pela Universidade de Aveiro, tendo ficado classificadas em 2.\u00ba lugar a n\u00edvel nacional na competi\u00e7\u00e3o fisQ 8.\u00ba Qu\u00edmica e em 5.\u00ba lugar a n\u00edvel nacional na competi\u00e7\u00e3o fisQ 8.\u00ba F\u00edsica. Muitos parab\u00e9ns para ambas!<\/p>\n\n\n\n<p><a href=\"https:\/\/www.facebook.com\/photo\/?fbid=1071845314957683&amp;set=pcb.1071845574957657&amp;__cft__[0]=AZUkCMYOLlA7rsWFXP84eEkXYRA8uyLVjqoxI7R-6z_M4tQZqD5F-49jH-dnqRqGt1KDGu8tYZzrwaxY6KMuKQvpvBu__l4fjsBEznHmS1Veh8tHW14V9gCCJGmO9YSrWuThmq39B0jNvOJlb_GRxZzbea64Q469OAgUNCoivqAaVA&amp;__tn__=*bH-R\"><\/a><\/p>\n\n\n\n<figure class=\"wp-block-image is-resized\"><a href=\"https:\/\/www.facebook.com\/photo\/?fbid=1071845314957683&amp;set=pcb.1071845574957657&amp;__cft__[0]=AZUkCMYOLlA7rsWFXP84eEkXYRA8uyLVjqoxI7R-6z_M4tQZqD5F-49jH-dnqRqGt1KDGu8tYZzrwaxY6KMuKQvpvBu__l4fjsBEznHmS1Veh8tHW14V9gCCJGmO9YSrWuThmq39B0jNvOJlb_GRxZzbea64Q469OAgUNCoivqAaVA&amp;__tn__=*bH-R\"><img decoding=\"async\" src=\"https:\/\/scontent.flis10-1.fna.fbcdn.net\/v\/t39.30808-6\/480705804_1071845318291016_2741555860499476228_n.jpg?stp=cp6_dst-jpg_s600x600_tt6&amp;_nc_cat=102&amp;ccb=1-7&amp;_nc_sid=127cfc&amp;_nc_ohc=csiexzjPHOsQ7kNvgEmzf4Y&amp;_nc_oc=AdiJNWr4yIFWPdV3KfRB_VU9FjhwtiLYUAcF4avT2nhXh6VN4sonCYQ5goLr7fuBStY&amp;_nc_zt=23&amp;_nc_ht=scontent.flis10-1.fna&amp;_nc_gid=AgmyJVglSgVXGvJgYnrQihV&amp;oh=00_AYD8aMc5lzojAr9Krtasnol3eqdk2N1qEyAZ2cEVB2Wfhw&amp;oe=67C63352\" alt=\"\" style=\"aspect-ratio:0.75;width:266px;height:auto\"\/><\/a><\/figure>\n\n\n\n<p><a href=\"https:\/\/www.facebook.com\/photo\/?fbid=1071845361624345&amp;set=pcb.1071845574957657&amp;__cft__[0]=AZUkCMYOLlA7rsWFXP84eEkXYRA8uyLVjqoxI7R-6z_M4tQZqD5F-49jH-dnqRqGt1KDGu8tYZzrwaxY6KMuKQvpvBu__l4fjsBEznHmS1Veh8tHW14V9gCCJGmO9YSrWuThmq39B0jNvOJlb_GRxZzbea64Q469OAgUNCoivqAaVA&amp;__tn__=*bH-R\"><\/a><\/p>\n\n\n\n<figure class=\"wp-block-image is-resized\"><a href=\"https:\/\/www.facebook.com\/photo\/?fbid=1071845361624345&amp;set=pcb.1071845574957657&amp;__cft__[0]=AZUkCMYOLlA7rsWFXP84eEkXYRA8uyLVjqoxI7R-6z_M4tQZqD5F-49jH-dnqRqGt1KDGu8tYZzrwaxY6KMuKQvpvBu__l4fjsBEznHmS1Veh8tHW14V9gCCJGmO9YSrWuThmq39B0jNvOJlb_GRxZzbea64Q469OAgUNCoivqAaVA&amp;__tn__=*bH-R\"><img decoding=\"async\" src=\"https:\/\/scontent.flis10-1.fna.fbcdn.net\/v\/t39.30808-6\/480570868_1071845364957678_4464972850175981096_n.jpg?stp=cp6_dst-jpg_s600x600_tt6&amp;_nc_cat=106&amp;ccb=1-7&amp;_nc_sid=127cfc&amp;_nc_ohc=sxrZZB2kFl8Q7kNvgHodUFS&amp;_nc_oc=AdjkMzO4zWQKB1bLtsU8oZIBUr43foWGVy43uKxAXsfvbPkjSyqBehh-W4ZPp24Ovw8&amp;_nc_zt=23&amp;_nc_ht=scontent.flis10-1.fna&amp;_nc_gid=AgmyJVglSgVXGvJgYnrQihV&amp;oh=00_AYBrXXvNVf3OJ-6XAgQemx4Nd_RW-K4L3GuqetsLQGsj6w&amp;oe=67C6423F\" alt=\"\" style=\"aspect-ratio:0.75;width:264px;height:auto\"\/><\/a><\/figure>\n\n\n\n<p><\/p>\n<span class=\"synved-social-container synved-social-container-follow\"><a class=\"synved-social-button synved-social-button-follow synved-social-size-24 synved-social-resolution-single synved-social-provider-facebook nolightbox\" data-provider=\"facebook\" target=\"_blank\" rel=\"nofollow\" title=\"Siga-nos no Facebook\" href=\"https:\/\/www.facebook.com\/pages\/Agrupamento-de-Escolas-da-Zona-Urbana-da-Figueira-da-Foz\/112980278714783\" style=\"font-size: 0px; width:24px;height:24px;margin:0;margin-bottom:5px;margin-right:5px;\"><img alt=\"Facebook\" title=\"Siga-nos no Facebook\" class=\"synved-share-image synved-social-image synved-social-image-follow\" width=\"24\" height=\"24\" style=\"display: inline; width:24px;height:24px; margin: 0; padding: 0; border: none; box-shadow: none;\" src=\"https:\/\/www.aezuff.org\/extranet\/wp-content\/plugins\/social-media-feather\/synved-social\/addons\/extra-icons\/image\/social\/flag\/48x48\/facebook.png\" \/><\/a><a class=\"synved-social-button synved-social-button-follow synved-social-size-24 synved-social-resolution-single synved-social-provider-twitter nolightbox\" data-provider=\"twitter\" target=\"_blank\" rel=\"nofollow\" title=\"Siga-nos no Twitter\" href=\"https:\/\/twitter.com\/aezuff\" style=\"font-size: 0px; width:24px;height:24px;margin:0;margin-bottom:5px;margin-right:5px;\"><img alt=\"twitter\" title=\"Siga-nos no Twitter\" class=\"synved-share-image synved-social-image synved-social-image-follow\" width=\"24\" height=\"24\" style=\"display: inline; width:24px;height:24px; margin: 0; padding: 0; border: none; box-shadow: none;\" src=\"https:\/\/www.aezuff.org\/extranet\/wp-content\/plugins\/social-media-feather\/synved-social\/addons\/extra-icons\/image\/social\/flag\/48x48\/twitter.png\" \/><\/a><a class=\"synved-social-button synved-social-button-follow synved-social-size-24 synved-social-resolution-single synved-social-provider-youtube nolightbox\" data-provider=\"youtube\" target=\"_blank\" rel=\"nofollow\" title=\"Subscreva-nos no YouTube\" href=\"http:\/\/www.youtube.com\/user\/actividadeseb23jb\" style=\"font-size: 0px; width:24px;height:24px;margin:0;margin-bottom:5px;\"><img alt=\"youtube\" title=\"Subscreva-nos no YouTube\" class=\"synved-share-image synved-social-image synved-social-image-follow\" width=\"24\" height=\"24\" style=\"display: inline; width:24px;height:24px; margin: 0; padding: 0; border: none; box-shadow: none;\" src=\"https:\/\/www.aezuff.org\/extranet\/wp-content\/plugins\/social-media-feather\/synved-social\/addons\/extra-icons\/image\/social\/flag\/48x48\/youtube.png\" \/><\/a><a class=\"synved-social-credit\" target=\"_blank\" rel=\"nofollow\" title=\"WordPress Social Media Feather\" href=\"http:\/\/synved.com\/wordpress-social-media-feather\/\" style=\"color:#444; text-decoration:none; font-size:8px; margin-left:5px;vertical-align:10px;white-space:nowrap;\"><span>by <\/span><img style=\"display: inline;margin:0;padding:0;width:16px;height:16px;\" width=\"16\" height=\"16\" alt=\"feather\" src=\"https:\/\/www.aezuff.org\/extranet\/wp-content\/plugins\/social-media-feather\/synved-social\/image\/icon.png\" \/><\/a><\/span>","protected":false},"excerpt":{"rendered":"<p>As alunas Sara Portugal Soares e Maria Beatriz Braz Esteves, do 8.\u00ba B da Escola Jo\u00e3o de Barros, participaram nas Competi\u00e7\u00f5es Nacionais de Ci\u00eancia em Rede 2025, promovidas pela Universidade de Aveiro, tendo ficado&#46;&#46;&#46;<\/p>\n","protected":false},"author":1,"featured_media":0,"comment_status":"closed","ping_status":"open","sticky":false,"template":"","format":"standard","meta":{"footnotes":""},"categories":[1],"tags":[],"_links":{"self":[{"href":"https:\/\/www.aezuff.org\/extranet\/wp-json\/wp\/v2\/posts\/14842"}],"collection":[{"href":"https:\/\/www.aezuff.org\/extranet\/wp-json\/wp\/v2\/posts"}],"about":[{"href":"https:\/\/www.aezuff.org\/extranet\/wp-json\/wp\/v2\/types\/post"}],"author":[{"embeddable":true,"href":"https:\/\/www.aezuff.org\/extranet\/wp-json\/wp\/v2\/users\/1"}],"replies":[{"embeddable":true,"href":"https:\/\/www.aezuff.org\/extranet\/wp-json\/wp\/v2\/comments?post=14842"}],"version-history":[{"count":1,"href":"https:\/\/www.aezuff.org\/extranet\/wp-json\/wp\/v2\/posts\/14842\/revisions"}],"predecessor-version":[{"id":14843,"href":"https:\/\/www.aezuff.org\/extranet\/wp-json\/wp\/v2\/posts\/14842\/revisions\/14843"}],"wp:attachment":[{"href":"https:\/\/www.aezuff.org\/extranet\/wp-json\/wp\/v2\/media?parent=14842"}],"wp:term":[{"taxonomy":"category","embeddable":true,"href":"https:\/\/www.aezuff.org\/extranet\/wp-json\/wp\/v2\/categories?post=14842"},{"taxonomy":"post_tag","embeddable":true,"href":"https:\/\/www.aezuff.org\/extranet\/wp-json\/wp\/v2\/tags?post=14842"}],"curies":[{"name":"wp","href":"https:\/\/api.w.org\/{rel}","templated":true}]}}