{"id":14986,"date":"2025-05-07T20:11:59","date_gmt":"2025-05-07T20:11:59","guid":{"rendered":"https:\/\/www.aezuff.org\/extranet\/?p=14986"},"modified":"2025-05-07T20:13:30","modified_gmt":"2025-05-07T20:13:30","slug":"ix-taca-desporto-escolar-2025-06-05-25","status":"publish","type":"post","link":"https:\/\/www.aezuff.org\/extranet\/ix-taca-desporto-escolar-2025-06-05-25\/","title":{"rendered":"IX Ta\u00e7a Desporto Escolar 2025 \u2013 06\/05\/25"},"content":{"rendered":"\n<p>No dia 6 de maio, alunos do 7.\u00ba ano do Agrupamento de Escolas da Zona Urbana da Figueira da Foz participaram na Ta\u00e7a do Desporto Escolar da CLDE de Coimbra, que teve lugar na&nbsp;Escola B\u00e1sica n\u00ba 1 da Lous\u00e3.<\/p>\n\n\n\n<p>Esta competi\u00e7\u00e3o \u00e9 dirigida aos alunos do 7.\u00ba ano, nascidos nos anos&nbsp;2011, 2012 e 2013, e \u00e9 composta pelas modalidades de Voleibol 2&#215;2, Futebol 4&#215;4, Badm\u00ednton e Gin\u00e1stica. Os alunos do nosso Agrupamento que participaram foram os&nbsp;seguintes:<\/p>\n\n\n\n<p>&#8211; Voleibol 2&#215;2 &#8211; alunos do 7.\u00ba A (Ezra Grove, Giovanna Ibarra, Isabella Ribeiro, Pedro Bicho);<\/p>\n\n\n\n<p>&#8211; Gin\u00e1stica &#8211; alunos do 7.\u00ba B (Kau\u00e3 Gomes, Kyara L\u00e9, Maria Camar\u00e3o, Mariana Estev\u00e3o, Martim Sim\u00f5es)<\/p>\n\n\n\n<p>&#8211; Badm\u00ednton &#8211; alunos do 7.\u00ba C (Anna Mendes, Jo\u00e3o Santos, Sarah Morgado, Silvano Cerlini)<\/p>\n\n\n\n<p>&#8211; Futebol 4&#215;4 &#8211; alunos do 7.\u00ba D (Ant\u00f3nio Carvalho, Jos\u00e9 Fitas, Rashell Barrezueta, Sasha Silva, Susana Rainho, Finn Snijders)<\/p>\n\n\n\n<p>Acompanharam a comitiva os professores de Educa\u00e7\u00e3o F\u00edsica, Jo\u00e3o Furet, Jo\u00e3o Louren\u00e7o, Jos\u00e9 Canhola e Vitor Louren\u00e7o.<\/p>\n\n\n\n<p>A atividade decorreu da melhor forma, com os alunos a participarem com entusiasmo, respeito e fair-play. O Agrupamento ficou classificado em 2.\u00ba lugar. Foi uma excelente experi\u00eancia para todos os alunos!<\/p>\n\n\n\n<figure class=\"wp-block-image size-large\"><img decoding=\"async\" loading=\"lazy\" width=\"1024\" height=\"771\" src=\"https:\/\/www.aezuff.org\/extranet\/http:\/\/www.aezuff.org\/extranet\/wp-content\/uploads\/2012\/10\/\/2025\/05\/IMG-20250506-WA0000-1024x771.jpg\" alt=\"\" class=\"wp-image-14989\" srcset=\"https:\/\/www.aezuff.org\/extranet\/http:\/\/www.aezuff.org\/extranet\/wp-content\/uploads\/2012\/10\/2025\/05\/IMG-20250506-WA0000-1024x771.jpg 1024w, https:\/\/www.aezuff.org\/extranet\/http:\/\/www.aezuff.org\/extranet\/wp-content\/uploads\/2012\/10\/2025\/05\/IMG-20250506-WA0000-300x226.jpg 300w, https:\/\/www.aezuff.org\/extranet\/http:\/\/www.aezuff.org\/extranet\/wp-content\/uploads\/2012\/10\/2025\/05\/IMG-20250506-WA0000-768x578.jpg 768w, https:\/\/www.aezuff.org\/extranet\/http:\/\/www.aezuff.org\/extranet\/wp-content\/uploads\/2012\/10\/2025\/05\/IMG-20250506-WA0000-1536x1157.jpg 1536w, https:\/\/www.aezuff.org\/extranet\/http:\/\/www.aezuff.org\/extranet\/wp-content\/uploads\/2012\/10\/2025\/05\/IMG-20250506-WA0000.jpg 2040w\" sizes=\"(max-width: 1024px) 100vw, 1024px\" \/><\/figure>\n<span class=\"synved-social-container synved-social-container-follow\"><a class=\"synved-social-button synved-social-button-follow synved-social-size-24 synved-social-resolution-single synved-social-provider-facebook nolightbox\" data-provider=\"facebook\" target=\"_blank\" rel=\"nofollow\" title=\"Siga-nos no Facebook\" href=\"https:\/\/www.facebook.com\/pages\/Agrupamento-de-Escolas-da-Zona-Urbana-da-Figueira-da-Foz\/112980278714783\" style=\"font-size: 0px; width:24px;height:24px;margin:0;margin-bottom:5px;margin-right:5px;\"><img alt=\"Facebook\" title=\"Siga-nos no Facebook\" class=\"synved-share-image synved-social-image synved-social-image-follow\" width=\"24\" height=\"24\" style=\"display: inline; width:24px;height:24px; margin: 0; padding: 0; border: none; box-shadow: none;\" src=\"https:\/\/www.aezuff.org\/extranet\/wp-content\/plugins\/social-media-feather\/synved-social\/addons\/extra-icons\/image\/social\/flag\/48x48\/facebook.png\" \/><\/a><a class=\"synved-social-button synved-social-button-follow synved-social-size-24 synved-social-resolution-single synved-social-provider-twitter nolightbox\" data-provider=\"twitter\" target=\"_blank\" rel=\"nofollow\" title=\"Siga-nos no Twitter\" href=\"https:\/\/twitter.com\/aezuff\" style=\"font-size: 0px; width:24px;height:24px;margin:0;margin-bottom:5px;margin-right:5px;\"><img alt=\"twitter\" title=\"Siga-nos no Twitter\" class=\"synved-share-image synved-social-image synved-social-image-follow\" width=\"24\" height=\"24\" style=\"display: inline; width:24px;height:24px; margin: 0; padding: 0; border: none; box-shadow: none;\" src=\"https:\/\/www.aezuff.org\/extranet\/wp-content\/plugins\/social-media-feather\/synved-social\/addons\/extra-icons\/image\/social\/flag\/48x48\/twitter.png\" \/><\/a><a class=\"synved-social-button synved-social-button-follow synved-social-size-24 synved-social-resolution-single synved-social-provider-youtube nolightbox\" data-provider=\"youtube\" target=\"_blank\" rel=\"nofollow\" title=\"Subscreva-nos no YouTube\" href=\"http:\/\/www.youtube.com\/user\/actividadeseb23jb\" style=\"font-size: 0px; width:24px;height:24px;margin:0;margin-bottom:5px;\"><img alt=\"youtube\" title=\"Subscreva-nos no YouTube\" class=\"synved-share-image synved-social-image synved-social-image-follow\" width=\"24\" height=\"24\" style=\"display: inline; width:24px;height:24px; margin: 0; padding: 0; border: none; box-shadow: none;\" src=\"https:\/\/www.aezuff.org\/extranet\/wp-content\/plugins\/social-media-feather\/synved-social\/addons\/extra-icons\/image\/social\/flag\/48x48\/youtube.png\" \/><\/a><a class=\"synved-social-credit\" target=\"_blank\" rel=\"nofollow\" title=\"WordPress Social Media Feather\" href=\"http:\/\/synved.com\/wordpress-social-media-feather\/\" style=\"color:#444; text-decoration:none; font-size:8px; margin-left:5px;vertical-align:10px;white-space:nowrap;\"><span>by <\/span><img style=\"display: inline;margin:0;padding:0;width:16px;height:16px;\" width=\"16\" height=\"16\" alt=\"feather\" src=\"https:\/\/www.aezuff.org\/extranet\/wp-content\/plugins\/social-media-feather\/synved-social\/image\/icon.png\" \/><\/a><\/span>","protected":false},"excerpt":{"rendered":"<p>No dia 6 de maio, alunos do 7.\u00ba ano do Agrupamento de Escolas da Zona Urbana da Figueira da Foz participaram na Ta\u00e7a do Desporto Escolar da CLDE de Coimbra, que teve lugar na&nbsp;Escola&#46;&#46;&#46;<\/p>\n","protected":false},"author":1,"featured_media":14987,"comment_status":"closed","ping_status":"open","sticky":false,"template":"","format":"standard","meta":{"footnotes":""},"categories":[1],"tags":[],"_links":{"self":[{"href":"https:\/\/www.aezuff.org\/extranet\/wp-json\/wp\/v2\/posts\/14986"}],"collection":[{"href":"https:\/\/www.aezuff.org\/extranet\/wp-json\/wp\/v2\/posts"}],"about":[{"href":"https:\/\/www.aezuff.org\/extranet\/wp-json\/wp\/v2\/types\/post"}],"author":[{"embeddable":true,"href":"https:\/\/www.aezuff.org\/extranet\/wp-json\/wp\/v2\/users\/1"}],"replies":[{"embeddable":true,"href":"https:\/\/www.aezuff.org\/extranet\/wp-json\/wp\/v2\/comments?post=14986"}],"version-history":[{"count":2,"href":"https:\/\/www.aezuff.org\/extranet\/wp-json\/wp\/v2\/posts\/14986\/revisions"}],"predecessor-version":[{"id":14990,"href":"https:\/\/www.aezuff.org\/extranet\/wp-json\/wp\/v2\/posts\/14986\/revisions\/14990"}],"wp:featuredmedia":[{"embeddable":true,"href":"https:\/\/www.aezuff.org\/extranet\/wp-json\/wp\/v2\/media\/14987"}],"wp:attachment":[{"href":"https:\/\/www.aezuff.org\/extranet\/wp-json\/wp\/v2\/media?parent=14986"}],"wp:term":[{"taxonomy":"category","embeddable":true,"href":"https:\/\/www.aezuff.org\/extranet\/wp-json\/wp\/v2\/categories?post=14986"},{"taxonomy":"post_tag","embeddable":true,"href":"https:\/\/www.aezuff.org\/extranet\/wp-json\/wp\/v2\/tags?post=14986"}],"curies":[{"name":"wp","href":"https:\/\/api.w.org\/{rel}","templated":true}]}}