{"id":15008,"date":"2025-05-09T11:30:07","date_gmt":"2025-05-09T11:30:07","guid":{"rendered":"https:\/\/www.aezuff.org\/extranet\/?p=15008"},"modified":"2025-05-09T11:30:07","modified_gmt":"2025-05-09T11:30:07","slug":"14-o-concurso-de-danca-jbarros-resultados","status":"publish","type":"post","link":"https:\/\/www.aezuff.org\/extranet\/14-o-concurso-de-danca-jbarros-resultados\/","title":{"rendered":"14.\u00ba Concurso de Dan\u00e7a JBarros &#8211; Resultados"},"content":{"rendered":"\n<p>O<strong> Dia Mundial da Dan\u00e7a (<\/strong>celebrado a29 de abril)foi comemorado pelo Grupo de Educa\u00e7\u00e3o F\u00edsica, atrav\u00e9s da realiza\u00e7\u00e3o do<strong> 14.\u00ba Concurso de Dan\u00e7a JBarros.<\/strong><\/p>\n\n\n\n<p>Este ano, tivemos a participa\u00e7\u00e3o de 27 coreografias, estando envolvidos 45 alun@s dos tr\u00eas ciclos de ensino b\u00e1sico, onde demonstraram a sua paix\u00e3o pela dan\u00e7a e as suas capacidades art\u00edsticas, contribuindo para que este evento alcan\u00e7asse com sucesso as metas do Projeto Educativo do AEZUFF.<\/p>\n\n\n\n<p>PARAB\u00c9NS A TOD@S!<\/p>\n\n\n\n<p>Agradecemos a tod@s os alun@s participantes e a tod@s @s intervenientes envolvid@s (pais\/encarregad@s de educa\u00e7\u00e3o\/professores\/auxiliares da a\u00e7\u00e3o educativa) que apoiaram os seus alun@s\/educand@s, permitindo a realiza\u00e7\u00e3o deste evento.<\/p>\n\n\n\n<p>Agradecemos igualmente aos elementos do j\u00fari \u2013 Prof.\u00aa Bela Matos (Diretora do AEZUFF), Prof.\u00aa Isabel Oliveira (Coordenadora do Desporto Escolar), Sr. Ant\u00f3nio Gir\u00e3o (Presidente da Associa\u00e7\u00e3o de Pais\/EE), D. Vera Pinto (T\u00e9cnica Administrativa, representante do Pessoal N\u00e3o Docente) e \u00e0 aluna Maria Vieira (Representante dos alunos) \u2013 que aceitaram com satisfa\u00e7\u00e3o o convite para concretizar essa tarefa.<\/p>\n\n\n\n<p>Apresentamos as coreografias que obtiveram mais pontua\u00e7\u00e3o, por ciclo de ensino e categoria:<\/p>\n\n\n\n<p><strong>1.\u00ba Ciclo:<\/strong> Individual \u2013 Maria Beatriz Salt\u00e3o &#8211; 4.\u00baA EB Viso.<\/p>\n\n\n\n<p><strong>1.\u00ba Ciclo: <\/strong>Grupo \u2013 &#8220;Four Stars&#8221; \u2013 Lara Schlengher, Melyssa Oliveira, Sofia Reis &#8211; 4.\u00baB S. Juli\u00e3o\/Tavarede; Maria Carlota Fernandes &#8211; 4.\u00baB Abadias;<\/p>\n\n\n\n<p><strong>2.\u00ba Ciclo:<\/strong> Individual \u2013 Emiliana Braz &#8211; 5.\u00ba1.<\/p>\n\n\n\n<p><strong>2.\u00ba Ciclo:<\/strong> Grupo \u2013 &#8220;PB at School&#8221; \u2013 Carolina Grilo, Maria Carlota Fernandes, Petra Pinheiro &#8211; 4.\u00baB Abadias; Jo\u00e3o Resende &#8211; 5.\u00ba6.<\/p>\n\n\n\n<p><strong>3.\u00ba Ciclo<\/strong>: Individual \u2013 \u00cdris Nascimento &#8211; 8.\u00baE.<\/p>\n\n\n\n<p><strong>3.\u00ba Ciclo:<\/strong> Grupo \u2013 &#8220;As Amigas&#8221; \u2013 Daniela Vieira e \u00cdris Nascimento &#8211; 8.\u00baE<\/p>\n\n\n\n<p>As medalhas ser\u00e3o entregues na Feira VIV\u2019AEZUFF.<\/p>\n\n\n\n<p class=\"has-text-align-right\"><em>&#8220;O corpo diz o que as palavras n\u00e3o podem dizer&#8221;<\/em><\/p>\n\n\n\n<p class=\"has-text-align-right\"><em>Martha Graham<\/em><\/p>\n\n\n\n<figure class=\"wp-block-image size-large\"><img decoding=\"async\" loading=\"lazy\" width=\"1024\" height=\"576\" src=\"https:\/\/www.aezuff.org\/extranet\/http:\/\/www.aezuff.org\/extranet\/wp-content\/uploads\/2012\/10\/\/2025\/05\/Diapositivo1-1024x576.jpg\" alt=\"\" class=\"wp-image-15009\" srcset=\"https:\/\/www.aezuff.org\/extranet\/http:\/\/www.aezuff.org\/extranet\/wp-content\/uploads\/2012\/10\/2025\/05\/Diapositivo1-1024x576.jpg 1024w, https:\/\/www.aezuff.org\/extranet\/http:\/\/www.aezuff.org\/extranet\/wp-content\/uploads\/2012\/10\/2025\/05\/Diapositivo1-300x169.jpg 300w, https:\/\/www.aezuff.org\/extranet\/http:\/\/www.aezuff.org\/extranet\/wp-content\/uploads\/2012\/10\/2025\/05\/Diapositivo1-768x432.jpg 768w, https:\/\/www.aezuff.org\/extranet\/http:\/\/www.aezuff.org\/extranet\/wp-content\/uploads\/2012\/10\/2025\/05\/Diapositivo1.jpg 1280w\" sizes=\"(max-width: 1024px) 100vw, 1024px\" \/><\/figure>\n\n\n\n<figure class=\"wp-block-image size-large\"><img decoding=\"async\" loading=\"lazy\" width=\"1024\" height=\"576\" src=\"https:\/\/www.aezuff.org\/extranet\/http:\/\/www.aezuff.org\/extranet\/wp-content\/uploads\/2012\/10\/\/2025\/05\/Diapositivo2-1024x576.jpg\" alt=\"\" class=\"wp-image-15010\" srcset=\"https:\/\/www.aezuff.org\/extranet\/http:\/\/www.aezuff.org\/extranet\/wp-content\/uploads\/2012\/10\/2025\/05\/Diapositivo2-1024x576.jpg 1024w, https:\/\/www.aezuff.org\/extranet\/http:\/\/www.aezuff.org\/extranet\/wp-content\/uploads\/2012\/10\/2025\/05\/Diapositivo2-300x169.jpg 300w, https:\/\/www.aezuff.org\/extranet\/http:\/\/www.aezuff.org\/extranet\/wp-content\/uploads\/2012\/10\/2025\/05\/Diapositivo2-768x432.jpg 768w, https:\/\/www.aezuff.org\/extranet\/http:\/\/www.aezuff.org\/extranet\/wp-content\/uploads\/2012\/10\/2025\/05\/Diapositivo2.jpg 1280w\" sizes=\"(max-width: 1024px) 100vw, 1024px\" \/><\/figure>\n<span class=\"synved-social-container synved-social-container-follow\"><a class=\"synved-social-button synved-social-button-follow synved-social-size-24 synved-social-resolution-single synved-social-provider-facebook nolightbox\" data-provider=\"facebook\" target=\"_blank\" rel=\"nofollow\" title=\"Siga-nos no Facebook\" href=\"https:\/\/www.facebook.com\/pages\/Agrupamento-de-Escolas-da-Zona-Urbana-da-Figueira-da-Foz\/112980278714783\" style=\"font-size: 0px; width:24px;height:24px;margin:0;margin-bottom:5px;margin-right:5px;\"><img alt=\"Facebook\" title=\"Siga-nos no Facebook\" class=\"synved-share-image synved-social-image synved-social-image-follow\" width=\"24\" height=\"24\" style=\"display: inline; width:24px;height:24px; margin: 0; padding: 0; border: none; box-shadow: none;\" src=\"https:\/\/www.aezuff.org\/extranet\/wp-content\/plugins\/social-media-feather\/synved-social\/addons\/extra-icons\/image\/social\/flag\/48x48\/facebook.png\" \/><\/a><a class=\"synved-social-button synved-social-button-follow synved-social-size-24 synved-social-resolution-single synved-social-provider-twitter nolightbox\" data-provider=\"twitter\" target=\"_blank\" rel=\"nofollow\" title=\"Siga-nos no Twitter\" href=\"https:\/\/twitter.com\/aezuff\" style=\"font-size: 0px; width:24px;height:24px;margin:0;margin-bottom:5px;margin-right:5px;\"><img alt=\"twitter\" title=\"Siga-nos no Twitter\" class=\"synved-share-image synved-social-image synved-social-image-follow\" width=\"24\" height=\"24\" style=\"display: inline; width:24px;height:24px; margin: 0; padding: 0; border: none; box-shadow: none;\" src=\"https:\/\/www.aezuff.org\/extranet\/wp-content\/plugins\/social-media-feather\/synved-social\/addons\/extra-icons\/image\/social\/flag\/48x48\/twitter.png\" \/><\/a><a class=\"synved-social-button synved-social-button-follow synved-social-size-24 synved-social-resolution-single synved-social-provider-youtube nolightbox\" data-provider=\"youtube\" target=\"_blank\" rel=\"nofollow\" title=\"Subscreva-nos no YouTube\" href=\"http:\/\/www.youtube.com\/user\/actividadeseb23jb\" style=\"font-size: 0px; width:24px;height:24px;margin:0;margin-bottom:5px;\"><img alt=\"youtube\" title=\"Subscreva-nos no YouTube\" class=\"synved-share-image synved-social-image synved-social-image-follow\" width=\"24\" height=\"24\" style=\"display: inline; width:24px;height:24px; margin: 0; padding: 0; border: none; box-shadow: none;\" src=\"https:\/\/www.aezuff.org\/extranet\/wp-content\/plugins\/social-media-feather\/synved-social\/addons\/extra-icons\/image\/social\/flag\/48x48\/youtube.png\" \/><\/a><a class=\"synved-social-credit\" target=\"_blank\" rel=\"nofollow\" title=\"WordPress Social Media Feather\" href=\"http:\/\/synved.com\/wordpress-social-media-feather\/\" style=\"color:#444; text-decoration:none; font-size:8px; margin-left:5px;vertical-align:10px;white-space:nowrap;\"><span>by <\/span><img style=\"display: inline;margin:0;padding:0;width:16px;height:16px;\" width=\"16\" height=\"16\" alt=\"feather\" src=\"https:\/\/www.aezuff.org\/extranet\/wp-content\/plugins\/social-media-feather\/synved-social\/image\/icon.png\" \/><\/a><\/span>","protected":false},"excerpt":{"rendered":"<p>O Dia Mundial da Dan\u00e7a (celebrado a29 de abril)foi comemorado pelo Grupo de Educa\u00e7\u00e3o F\u00edsica, atrav\u00e9s da realiza\u00e7\u00e3o do 14.\u00ba Concurso de Dan\u00e7a JBarros. Este ano, tivemos a participa\u00e7\u00e3o de 27 coreografias, estando envolvidos&#46;&#46;&#46;<\/p>\n","protected":false},"author":1,"featured_media":15009,"comment_status":"closed","ping_status":"open","sticky":false,"template":"","format":"standard","meta":{"footnotes":""},"categories":[1],"tags":[],"_links":{"self":[{"href":"https:\/\/www.aezuff.org\/extranet\/wp-json\/wp\/v2\/posts\/15008"}],"collection":[{"href":"https:\/\/www.aezuff.org\/extranet\/wp-json\/wp\/v2\/posts"}],"about":[{"href":"https:\/\/www.aezuff.org\/extranet\/wp-json\/wp\/v2\/types\/post"}],"author":[{"embeddable":true,"href":"https:\/\/www.aezuff.org\/extranet\/wp-json\/wp\/v2\/users\/1"}],"replies":[{"embeddable":true,"href":"https:\/\/www.aezuff.org\/extranet\/wp-json\/wp\/v2\/comments?post=15008"}],"version-history":[{"count":1,"href":"https:\/\/www.aezuff.org\/extranet\/wp-json\/wp\/v2\/posts\/15008\/revisions"}],"predecessor-version":[{"id":15011,"href":"https:\/\/www.aezuff.org\/extranet\/wp-json\/wp\/v2\/posts\/15008\/revisions\/15011"}],"wp:featuredmedia":[{"embeddable":true,"href":"https:\/\/www.aezuff.org\/extranet\/wp-json\/wp\/v2\/media\/15009"}],"wp:attachment":[{"href":"https:\/\/www.aezuff.org\/extranet\/wp-json\/wp\/v2\/media?parent=15008"}],"wp:term":[{"taxonomy":"category","embeddable":true,"href":"https:\/\/www.aezuff.org\/extranet\/wp-json\/wp\/v2\/categories?post=15008"},{"taxonomy":"post_tag","embeddable":true,"href":"https:\/\/www.aezuff.org\/extranet\/wp-json\/wp\/v2\/tags?post=15008"}],"curies":[{"name":"wp","href":"https:\/\/api.w.org\/{rel}","templated":true}]}}