{"id":15032,"date":"2025-05-18T10:59:24","date_gmt":"2025-05-18T10:59:24","guid":{"rendered":"https:\/\/www.aezuff.org\/extranet\/?p=15032"},"modified":"2025-05-18T10:59:24","modified_gmt":"2025-05-18T10:59:24","slug":"final-four-de-basquetebol-na-escola-basica-joao-de-barros-14-05-25","status":"publish","type":"post","link":"https:\/\/www.aezuff.org\/extranet\/final-four-de-basquetebol-na-escola-basica-joao-de-barros-14-05-25\/","title":{"rendered":"FINAL FOUR de Basquetebol na Escola B\u00e1sica Jo\u00e3o de Barros \u2013 14\/ 05\/ 25"},"content":{"rendered":"\n<p>A Escola Jo\u00e3o de Barros recebeu na passada 4.\u00aa-feira (14 de maio) a Final Four do Campeonato Local do Desporto Escolar de Basquetebol, no escal\u00e3o de Infantis B.<\/p>\n\n\n\n<p>Estiveram presentes a equipa feminina e a equipa masculina da Escola Jo\u00e3o de Barros e as equipas mistas da Escola n.\u00ba 2 de T\u00e1bua e EB 2,3 Alice Gouveia.<\/p>\n\n\n\n<p>Est\u00e3o de parab\u00e9ns tod@s os alun@s presentes, que jogaram com emo\u00e7\u00e3o e empenho&nbsp;e muito felizes por representarem as suas Escolas numa competi\u00e7\u00e3o desportiva. Ao longo do ano foram capazes de conciliar as tarefas escolares com o Basquetebol, aproveitando o valor formativo que s\u00f3 a pr\u00e1tica deste desporto consegue proporcionar.<\/p>\n\n\n\n<p>Resultados:<\/p>\n\n\n\n<p>1\/2 Final &#8211; jogo 1:<\/p>\n\n\n\n<p>EB Jo\u00e3o de Barros (masculinos) &nbsp;<strong>70 &#8211; 2<\/strong>&nbsp;EB n.\u00ba 2 T\u00e1bua;<\/p>\n\n\n\n<p>1\/2 Final &#8211; jogo 2:<\/p>\n\n\n\n<p>&nbsp;EB Alice Gouveia&nbsp;<strong>11 &#8211; 40<\/strong>&nbsp; EB Jo\u00e3o de Barros (femininos);<\/p>\n\n\n\n<p>3.\u00ba e 4.\u00ba lugar &#8211; jogo 3:<\/p>\n\n\n\n<p>EB Alice Gouveia&nbsp;<strong>28 &#8211;&nbsp;&nbsp;20<\/strong>&nbsp;EB n.\u00ba 2 T\u00e1bua;<\/p>\n\n\n\n<p>FINAL &#8211; jogo 4:<\/p>\n\n\n\n<p>EB Jo\u00e3o de Barros (masculinos)&nbsp;<strong>48 &#8211; 19<\/strong>&nbsp;EB Jo\u00e3o de Barros (femininos)<\/p>\n\n\n\n<p>No final dos jogos, foram entregues os trof\u00e9us de equipa e respetivas medalhas de acordo com as seguintes&nbsp;Classifica\u00e7\u00f5es Finais:<\/p>\n\n\n\n<p>Torneio Feminino<\/p>\n\n\n\n<p>1.\u00ba Classificado &#8211; EB Jo\u00e3o de Barros&nbsp;<\/p>\n\n\n\n<p>2.\u00ba Classificado &#8211; EB Silva Gaio<\/p>\n\n\n\n<p>Torneio Masculino<\/p>\n\n\n\n<p>1.\u00ba Classificado &#8211; EB Jo\u00e3o de Barros<\/p>\n\n\n\n<p>2.\u00ba Classificado &#8211; EB e Sec. Jo\u00e3o Garcia Bacelar<\/p>\n\n\n\n<p>Torneio Misto<\/p>\n\n\n\n<p>1.\u00ba Classificado &#8211; EB Alice Gouveia<\/p>\n\n\n\n<p>2.\u00ba Classificado EB n.\u00ba 2 T\u00e1bua<\/p>\n\n\n\n<p>Finalizada a \u00e9poca competitiva, importa destacar o elevado interesse que o Basquetebol conseguiu mobilizar nos nossos alunos, afirmando-se como uma valiosa oferta de atividade desportiva que a Escola e o Desporto Escolar devem continuar a investir.<\/p>\n\n\n\n<p>Como dizemos no in\u00edcio e no final&nbsp;de cada jogo:<\/p>\n\n\n\n<p>BARROS! BARROS! BARROS!<\/p>\n\n\n\n<figure class=\"wp-block-image size-large\"><img decoding=\"async\" loading=\"lazy\" width=\"1024\" height=\"430\" src=\"https:\/\/www.aezuff.org\/extranet\/http:\/\/www.aezuff.org\/extranet\/wp-content\/uploads\/2012\/10\/\/2025\/05\/todos-20250514_165401-1024x430.jpg\" alt=\"\" class=\"wp-image-15033\" srcset=\"https:\/\/www.aezuff.org\/extranet\/http:\/\/www.aezuff.org\/extranet\/wp-content\/uploads\/2012\/10\/2025\/05\/todos-20250514_165401-1024x430.jpg 1024w, https:\/\/www.aezuff.org\/extranet\/http:\/\/www.aezuff.org\/extranet\/wp-content\/uploads\/2012\/10\/2025\/05\/todos-20250514_165401-300x126.jpg 300w, https:\/\/www.aezuff.org\/extranet\/http:\/\/www.aezuff.org\/extranet\/wp-content\/uploads\/2012\/10\/2025\/05\/todos-20250514_165401-768x323.jpg 768w, https:\/\/www.aezuff.org\/extranet\/http:\/\/www.aezuff.org\/extranet\/wp-content\/uploads\/2012\/10\/2025\/05\/todos-20250514_165401-1536x645.jpg 1536w, https:\/\/www.aezuff.org\/extranet\/http:\/\/www.aezuff.org\/extranet\/wp-content\/uploads\/2012\/10\/2025\/05\/todos-20250514_165401-2048x860.jpg 2048w\" sizes=\"(max-width: 1024px) 100vw, 1024px\" \/><\/figure>\n<span class=\"synved-social-container synved-social-container-follow\"><a class=\"synved-social-button synved-social-button-follow synved-social-size-24 synved-social-resolution-single synved-social-provider-facebook nolightbox\" data-provider=\"facebook\" target=\"_blank\" rel=\"nofollow\" title=\"Siga-nos no Facebook\" href=\"https:\/\/www.facebook.com\/pages\/Agrupamento-de-Escolas-da-Zona-Urbana-da-Figueira-da-Foz\/112980278714783\" style=\"font-size: 0px; width:24px;height:24px;margin:0;margin-bottom:5px;margin-right:5px;\"><img alt=\"Facebook\" title=\"Siga-nos no Facebook\" class=\"synved-share-image synved-social-image synved-social-image-follow\" width=\"24\" height=\"24\" style=\"display: inline; width:24px;height:24px; margin: 0; padding: 0; border: none; box-shadow: none;\" src=\"https:\/\/www.aezuff.org\/extranet\/wp-content\/plugins\/social-media-feather\/synved-social\/addons\/extra-icons\/image\/social\/flag\/48x48\/facebook.png\" \/><\/a><a class=\"synved-social-button synved-social-button-follow synved-social-size-24 synved-social-resolution-single synved-social-provider-twitter nolightbox\" data-provider=\"twitter\" target=\"_blank\" rel=\"nofollow\" title=\"Siga-nos no Twitter\" href=\"https:\/\/twitter.com\/aezuff\" style=\"font-size: 0px; width:24px;height:24px;margin:0;margin-bottom:5px;margin-right:5px;\"><img alt=\"twitter\" title=\"Siga-nos no Twitter\" class=\"synved-share-image synved-social-image synved-social-image-follow\" width=\"24\" height=\"24\" style=\"display: inline; width:24px;height:24px; margin: 0; padding: 0; border: none; box-shadow: none;\" src=\"https:\/\/www.aezuff.org\/extranet\/wp-content\/plugins\/social-media-feather\/synved-social\/addons\/extra-icons\/image\/social\/flag\/48x48\/twitter.png\" \/><\/a><a class=\"synved-social-button synved-social-button-follow synved-social-size-24 synved-social-resolution-single synved-social-provider-youtube nolightbox\" data-provider=\"youtube\" target=\"_blank\" rel=\"nofollow\" title=\"Subscreva-nos no YouTube\" href=\"http:\/\/www.youtube.com\/user\/actividadeseb23jb\" style=\"font-size: 0px; width:24px;height:24px;margin:0;margin-bottom:5px;\"><img alt=\"youtube\" title=\"Subscreva-nos no YouTube\" class=\"synved-share-image synved-social-image synved-social-image-follow\" width=\"24\" height=\"24\" style=\"display: inline; width:24px;height:24px; margin: 0; padding: 0; border: none; box-shadow: none;\" src=\"https:\/\/www.aezuff.org\/extranet\/wp-content\/plugins\/social-media-feather\/synved-social\/addons\/extra-icons\/image\/social\/flag\/48x48\/youtube.png\" \/><\/a><a class=\"synved-social-credit\" target=\"_blank\" rel=\"nofollow\" title=\"WordPress Social Media Feather\" href=\"http:\/\/synved.com\/wordpress-social-media-feather\/\" style=\"color:#444; text-decoration:none; font-size:8px; margin-left:5px;vertical-align:10px;white-space:nowrap;\"><span>by <\/span><img style=\"display: inline;margin:0;padding:0;width:16px;height:16px;\" width=\"16\" height=\"16\" alt=\"feather\" src=\"https:\/\/www.aezuff.org\/extranet\/wp-content\/plugins\/social-media-feather\/synved-social\/image\/icon.png\" \/><\/a><\/span>","protected":false},"excerpt":{"rendered":"<p>A Escola Jo\u00e3o de Barros recebeu na passada 4.\u00aa-feira (14 de maio) a Final Four do Campeonato Local do Desporto Escolar de Basquetebol, no escal\u00e3o de Infantis B. Estiveram presentes a equipa feminina e&#46;&#46;&#46;<\/p>\n","protected":false},"author":1,"featured_media":15033,"comment_status":"closed","ping_status":"open","sticky":false,"template":"","format":"standard","meta":{"footnotes":""},"categories":[1],"tags":[],"_links":{"self":[{"href":"https:\/\/www.aezuff.org\/extranet\/wp-json\/wp\/v2\/posts\/15032"}],"collection":[{"href":"https:\/\/www.aezuff.org\/extranet\/wp-json\/wp\/v2\/posts"}],"about":[{"href":"https:\/\/www.aezuff.org\/extranet\/wp-json\/wp\/v2\/types\/post"}],"author":[{"embeddable":true,"href":"https:\/\/www.aezuff.org\/extranet\/wp-json\/wp\/v2\/users\/1"}],"replies":[{"embeddable":true,"href":"https:\/\/www.aezuff.org\/extranet\/wp-json\/wp\/v2\/comments?post=15032"}],"version-history":[{"count":1,"href":"https:\/\/www.aezuff.org\/extranet\/wp-json\/wp\/v2\/posts\/15032\/revisions"}],"predecessor-version":[{"id":15034,"href":"https:\/\/www.aezuff.org\/extranet\/wp-json\/wp\/v2\/posts\/15032\/revisions\/15034"}],"wp:featuredmedia":[{"embeddable":true,"href":"https:\/\/www.aezuff.org\/extranet\/wp-json\/wp\/v2\/media\/15033"}],"wp:attachment":[{"href":"https:\/\/www.aezuff.org\/extranet\/wp-json\/wp\/v2\/media?parent=15032"}],"wp:term":[{"taxonomy":"category","embeddable":true,"href":"https:\/\/www.aezuff.org\/extranet\/wp-json\/wp\/v2\/categories?post=15032"},{"taxonomy":"post_tag","embeddable":true,"href":"https:\/\/www.aezuff.org\/extranet\/wp-json\/wp\/v2\/tags?post=15032"}],"curies":[{"name":"wp","href":"https:\/\/api.w.org\/{rel}","templated":true}]}}