{"id":15084,"date":"2025-06-09T06:59:32","date_gmt":"2025-06-09T06:59:32","guid":{"rendered":"https:\/\/www.aezuff.org\/extranet\/?p=15084"},"modified":"2025-06-09T06:59:32","modified_gmt":"2025-06-09T06:59:32","slug":"visita-alentejo-espiritualidade-e-historia-dos-alunos-do-7o-ano-de-emrc","status":"publish","type":"post","link":"https:\/\/www.aezuff.org\/extranet\/visita-alentejo-espiritualidade-e-historia-dos-alunos-do-7o-ano-de-emrc\/","title":{"rendered":"Visita \u201cAlentejo, Espiritualidade e Hist\u00f3ria\u201d dos alunos do 7\u00ba ano de EMRC"},"content":{"rendered":"\n<p>Mais uma grande atividade da disciplina de Educa\u00e7\u00e3o Moral e Religiosa Cat\u00f3lica.<\/p>\n\n\n\n<p>Nos dias 27 e 28 de maio tivemos a grande atividade dos alunos do 7.\u00ba ano de EMRC, \u201cAlentejo, espiritualidade e hist\u00f3ria\u201d. Esta atividade foi realizada em conjunto com professores e alunos de EMRC do Agrupamento de Escolas Caranguejeira &#8211; Santa Catarina da Serra.<\/p>\n\n\n\n<p>Dois dias extraordinariamente diferentes e cheios de visitas e experi\u00eancias novas vividas com muita alegria e intensidade. Nesta atividade os alunos foram acompanhados pelos professores Gil Gon\u00e7alves (EMRC) e Ernestina Tiago (Hist\u00f3ria).<\/p>\n\n\n\n<p>N\u00e3o \u00e9 f\u00e1cil, numa pequena not\u00edcia, descrever todas as atividades e vistas realizadas durante estes dias.<\/p>\n\n\n\n<p>Aqui fica um breve resumo:<\/p>\n\n\n\n<p>Centro de Ci\u00eancia Viva de Estremoz; Pa\u00e7o Ducal em Vila Vi\u00e7osa; Semin\u00e1rio de \u00c9vora (local da nossa estadia); Barragem de Alqueva (onde realizamos um lindo e emocionante passeio de barco); Visita \u00e0 cidade de \u00c9vora: Templo Romano de Diana; Pra\u00e7a do Geraldo; Centro de Arte e Cultura Eug\u00e9nio de Almeida; Pa\u00e7o de S\u00e3o Miguel.<\/p>\n\n\n\n<p>Foi verdadeiramente uma atividade rica em Hist\u00f3ria e Espiritualidade.<\/p>\n\n\n\n<p>Aproveitamos para agradecer a importante e imprescind\u00edvel colabora\u00e7\u00e3o da professora Ernestina Maria Tiago, assim como \u00e0 Dire\u00e7\u00e3o e aos servi\u00e7os administrativos, por toda a ajuda prestada.<\/p>\n\n\n\n<p>Temos a certeza de que esta atividade vai ficar guardada, para sempre, na mem\u00f3ria de todos os que nela participaram.<\/p>\n\n\n\n<figure class=\"wp-block-image size-large\"><img decoding=\"async\" loading=\"lazy\" width=\"845\" height=\"1024\" src=\"https:\/\/www.aezuff.org\/extranet\/http:\/\/www.aezuff.org\/extranet\/wp-content\/uploads\/2012\/10\/\/2025\/06\/A-845x1024.jpg\" alt=\"\" class=\"wp-image-15085\" srcset=\"https:\/\/www.aezuff.org\/extranet\/http:\/\/www.aezuff.org\/extranet\/wp-content\/uploads\/2012\/10\/2025\/06\/A-845x1024.jpg 845w, https:\/\/www.aezuff.org\/extranet\/http:\/\/www.aezuff.org\/extranet\/wp-content\/uploads\/2012\/10\/2025\/06\/A-248x300.jpg 248w, https:\/\/www.aezuff.org\/extranet\/http:\/\/www.aezuff.org\/extranet\/wp-content\/uploads\/2012\/10\/2025\/06\/A-768x930.jpg 768w, https:\/\/www.aezuff.org\/extranet\/http:\/\/www.aezuff.org\/extranet\/wp-content\/uploads\/2012\/10\/2025\/06\/A.jpg 947w\" sizes=\"(max-width: 845px) 100vw, 845px\" \/><\/figure>\n<span class=\"synved-social-container synved-social-container-follow\"><a class=\"synved-social-button synved-social-button-follow synved-social-size-24 synved-social-resolution-single synved-social-provider-facebook nolightbox\" data-provider=\"facebook\" target=\"_blank\" rel=\"nofollow\" title=\"Siga-nos no Facebook\" href=\"https:\/\/www.facebook.com\/pages\/Agrupamento-de-Escolas-da-Zona-Urbana-da-Figueira-da-Foz\/112980278714783\" style=\"font-size: 0px; width:24px;height:24px;margin:0;margin-bottom:5px;margin-right:5px;\"><img alt=\"Facebook\" title=\"Siga-nos no Facebook\" class=\"synved-share-image synved-social-image synved-social-image-follow\" width=\"24\" height=\"24\" style=\"display: inline; width:24px;height:24px; margin: 0; padding: 0; border: none; box-shadow: none;\" src=\"https:\/\/www.aezuff.org\/extranet\/wp-content\/plugins\/social-media-feather\/synved-social\/addons\/extra-icons\/image\/social\/flag\/48x48\/facebook.png\" \/><\/a><a class=\"synved-social-button synved-social-button-follow synved-social-size-24 synved-social-resolution-single synved-social-provider-twitter nolightbox\" data-provider=\"twitter\" target=\"_blank\" rel=\"nofollow\" title=\"Siga-nos no Twitter\" href=\"https:\/\/twitter.com\/aezuff\" style=\"font-size: 0px; width:24px;height:24px;margin:0;margin-bottom:5px;margin-right:5px;\"><img alt=\"twitter\" title=\"Siga-nos no Twitter\" class=\"synved-share-image synved-social-image synved-social-image-follow\" width=\"24\" height=\"24\" style=\"display: inline; width:24px;height:24px; margin: 0; padding: 0; border: none; box-shadow: none;\" src=\"https:\/\/www.aezuff.org\/extranet\/wp-content\/plugins\/social-media-feather\/synved-social\/addons\/extra-icons\/image\/social\/flag\/48x48\/twitter.png\" \/><\/a><a class=\"synved-social-button synved-social-button-follow synved-social-size-24 synved-social-resolution-single synved-social-provider-youtube nolightbox\" data-provider=\"youtube\" target=\"_blank\" rel=\"nofollow\" title=\"Subscreva-nos no YouTube\" href=\"http:\/\/www.youtube.com\/user\/actividadeseb23jb\" style=\"font-size: 0px; width:24px;height:24px;margin:0;margin-bottom:5px;\"><img alt=\"youtube\" title=\"Subscreva-nos no YouTube\" class=\"synved-share-image synved-social-image synved-social-image-follow\" width=\"24\" height=\"24\" style=\"display: inline; width:24px;height:24px; margin: 0; padding: 0; border: none; box-shadow: none;\" src=\"https:\/\/www.aezuff.org\/extranet\/wp-content\/plugins\/social-media-feather\/synved-social\/addons\/extra-icons\/image\/social\/flag\/48x48\/youtube.png\" \/><\/a><a class=\"synved-social-credit\" target=\"_blank\" rel=\"nofollow\" title=\"WordPress Social Media Feather\" href=\"http:\/\/synved.com\/wordpress-social-media-feather\/\" style=\"color:#444; text-decoration:none; font-size:8px; margin-left:5px;vertical-align:10px;white-space:nowrap;\"><span>by <\/span><img style=\"display: inline;margin:0;padding:0;width:16px;height:16px;\" width=\"16\" height=\"16\" alt=\"feather\" src=\"https:\/\/www.aezuff.org\/extranet\/wp-content\/plugins\/social-media-feather\/synved-social\/image\/icon.png\" \/><\/a><\/span>","protected":false},"excerpt":{"rendered":"<p>Mais uma grande atividade da disciplina de Educa\u00e7\u00e3o Moral e Religiosa Cat\u00f3lica. Nos dias 27 e 28 de maio tivemos a grande atividade dos alunos do 7.\u00ba ano de EMRC, \u201cAlentejo, espiritualidade e hist\u00f3ria\u201d.&#46;&#46;&#46;<\/p>\n","protected":false},"author":1,"featured_media":15085,"comment_status":"closed","ping_status":"open","sticky":false,"template":"","format":"standard","meta":{"footnotes":""},"categories":[1],"tags":[],"_links":{"self":[{"href":"https:\/\/www.aezuff.org\/extranet\/wp-json\/wp\/v2\/posts\/15084"}],"collection":[{"href":"https:\/\/www.aezuff.org\/extranet\/wp-json\/wp\/v2\/posts"}],"about":[{"href":"https:\/\/www.aezuff.org\/extranet\/wp-json\/wp\/v2\/types\/post"}],"author":[{"embeddable":true,"href":"https:\/\/www.aezuff.org\/extranet\/wp-json\/wp\/v2\/users\/1"}],"replies":[{"embeddable":true,"href":"https:\/\/www.aezuff.org\/extranet\/wp-json\/wp\/v2\/comments?post=15084"}],"version-history":[{"count":1,"href":"https:\/\/www.aezuff.org\/extranet\/wp-json\/wp\/v2\/posts\/15084\/revisions"}],"predecessor-version":[{"id":15086,"href":"https:\/\/www.aezuff.org\/extranet\/wp-json\/wp\/v2\/posts\/15084\/revisions\/15086"}],"wp:featuredmedia":[{"embeddable":true,"href":"https:\/\/www.aezuff.org\/extranet\/wp-json\/wp\/v2\/media\/15085"}],"wp:attachment":[{"href":"https:\/\/www.aezuff.org\/extranet\/wp-json\/wp\/v2\/media?parent=15084"}],"wp:term":[{"taxonomy":"category","embeddable":true,"href":"https:\/\/www.aezuff.org\/extranet\/wp-json\/wp\/v2\/categories?post=15084"},{"taxonomy":"post_tag","embeddable":true,"href":"https:\/\/www.aezuff.org\/extranet\/wp-json\/wp\/v2\/tags?post=15084"}],"curies":[{"name":"wp","href":"https:\/\/api.w.org\/{rel}","templated":true}]}}