{"id":15130,"date":"2025-08-22T08:58:36","date_gmt":"2025-08-22T08:58:36","guid":{"rendered":"https:\/\/www.aezuff.org\/extranet\/?p=15130"},"modified":"2025-08-22T08:58:37","modified_gmt":"2025-08-22T08:58:37","slug":"distribuicao-de-manuais-escolares-ano-letivo-2025-2026-5-o-ano","status":"publish","type":"post","link":"https:\/\/www.aezuff.org\/extranet\/distribuicao-de-manuais-escolares-ano-letivo-2025-2026-5-o-ano\/","title":{"rendered":"Distribui\u00e7\u00e3o de Manuais Escolares &#8211; Ano Letivo 2025\/2026 &#8211; 5.\u00ba ano"},"content":{"rendered":"\n<p>Caros alunos e Exmos. Encarregados de Educa\u00e7\u00e3o.<\/p>\n\n\n\n<p>Bom dia!<\/p>\n\n\n\n<p>Informamos que iremos dar in\u00edcio \u00e0 distribui\u00e7\u00e3o dos&nbsp;Manuais&nbsp;Escolares, para o pr\u00f3ximo ano letivo,&nbsp;a todos os alunos que v\u00e3o frequentar&nbsp;o 5.\u00ba ano na Escola B\u00e1sica Jo\u00e3o de Barros, na pr\u00f3xima semana.<\/p>\n\n\n\n<p><a>Para facilitar este processo devem trazer os Vouchers impressos e que podem ser obtidos na plataforma MEGA em&nbsp;<\/a><a href=\"https:\/\/manuaisescolares.pt\/\" target=\"_blank\" rel=\"noreferrer noopener\">https:\/\/manuaisescolares.pt\/<\/a><\/p>\n\n\n\n<p>Solicitamos a&nbsp;<strong>vossa maior aten\u00e7\u00e3o ao documento em anexo ao presente email<\/strong>&nbsp;que reporta ao calend\u00e1rio da distribui\u00e7\u00e3o dos&nbsp;manuais&nbsp;escolares, no \u00e2mbito da sua&nbsp;entrega&nbsp;gratuita.<\/p>\n\n\n\n<p><a>Os alunos que ainda&nbsp;<strong>t\u00eam Kit Tecnol\u00f3gico do 1.\u00ba ciclo<\/strong>&nbsp;para entregar, podem faz\u00ea-lo nos dias 27, 28&nbsp;e 29 de agosto, das 9h00-12h00&nbsp;e das 14h00 \u00e0s 16h00, na sala A6. Para facilitar este processo devem trazer o Auto de&nbsp;Entrega. Os alunos que t\u00eam&nbsp;escal\u00e3o&nbsp;A, B ou C do ASE devem manter consigo o kit digital do 1.\u00ba ciclo.<\/a><\/p>\n\n\n\n<p><strong>Chamamos a aten\u00e7\u00e3o para a necessidade de serem cumpridas as datas e os hor\u00e1rios estipulados.<\/strong><\/p>\n\n\n\n<p>Com os melhores cumprimentos,<\/p>\n\n\n\n<p>A Diretora,<\/p>\n\n\n\n<p>Bela Matos<\/p>\n\n\n\n<p><\/p>\n\n\n\n<p>Calend\u00e1rio de distribui\u00e7\u00e3o &#8211; http:\/\/www.aezuff.org\/extranet\/http:\/\/www.aezuff.org\/extranet\/wp-content\/uploads\/2012\/10\/\/2025\/08\/Informacao-EE_Manuais-escolares-e-computadores_2025_2026_2o-e-3o-ciclo.docx-1.pdf<\/p>\n\n\n\n<figure class=\"wp-block-image size-full is-style-rounded\"><img decoding=\"async\" loading=\"lazy\" width=\"225\" height=\"225\" src=\"https:\/\/www.aezuff.org\/extranet\/http:\/\/www.aezuff.org\/extranet\/wp-content\/uploads\/2012\/10\/\/2025\/08\/Informacao-2.png\" alt=\"\" class=\"wp-image-15131\" srcset=\"https:\/\/www.aezuff.org\/extranet\/http:\/\/www.aezuff.org\/extranet\/wp-content\/uploads\/2012\/10\/2025\/08\/Informacao-2.png 225w, https:\/\/www.aezuff.org\/extranet\/http:\/\/www.aezuff.org\/extranet\/wp-content\/uploads\/2012\/10\/2025\/08\/Informacao-2-150x150.png 150w, https:\/\/www.aezuff.org\/extranet\/http:\/\/www.aezuff.org\/extranet\/wp-content\/uploads\/2012\/10\/2025\/08\/Informacao-2-80x80.png 80w\" sizes=\"(max-width: 225px) 100vw, 225px\" \/><\/figure>\n<span class=\"synved-social-container synved-social-container-follow\"><a class=\"synved-social-button synved-social-button-follow synved-social-size-24 synved-social-resolution-single synved-social-provider-facebook nolightbox\" data-provider=\"facebook\" target=\"_blank\" rel=\"nofollow\" title=\"Siga-nos no Facebook\" href=\"https:\/\/www.facebook.com\/pages\/Agrupamento-de-Escolas-da-Zona-Urbana-da-Figueira-da-Foz\/112980278714783\" style=\"font-size: 0px; width:24px;height:24px;margin:0;margin-bottom:5px;margin-right:5px;\"><img alt=\"Facebook\" title=\"Siga-nos no Facebook\" class=\"synved-share-image synved-social-image synved-social-image-follow\" width=\"24\" height=\"24\" style=\"display: inline; width:24px;height:24px; margin: 0; padding: 0; border: none; box-shadow: none;\" src=\"https:\/\/www.aezuff.org\/extranet\/wp-content\/plugins\/social-media-feather\/synved-social\/addons\/extra-icons\/image\/social\/flag\/48x48\/facebook.png\" \/><\/a><a class=\"synved-social-button synved-social-button-follow synved-social-size-24 synved-social-resolution-single synved-social-provider-twitter nolightbox\" data-provider=\"twitter\" target=\"_blank\" rel=\"nofollow\" title=\"Siga-nos no Twitter\" href=\"https:\/\/twitter.com\/aezuff\" style=\"font-size: 0px; width:24px;height:24px;margin:0;margin-bottom:5px;margin-right:5px;\"><img alt=\"twitter\" title=\"Siga-nos no Twitter\" class=\"synved-share-image synved-social-image synved-social-image-follow\" width=\"24\" height=\"24\" style=\"display: inline; width:24px;height:24px; margin: 0; padding: 0; border: none; box-shadow: none;\" src=\"https:\/\/www.aezuff.org\/extranet\/wp-content\/plugins\/social-media-feather\/synved-social\/addons\/extra-icons\/image\/social\/flag\/48x48\/twitter.png\" \/><\/a><a class=\"synved-social-button synved-social-button-follow synved-social-size-24 synved-social-resolution-single synved-social-provider-youtube nolightbox\" data-provider=\"youtube\" target=\"_blank\" rel=\"nofollow\" title=\"Subscreva-nos no YouTube\" href=\"http:\/\/www.youtube.com\/user\/actividadeseb23jb\" style=\"font-size: 0px; width:24px;height:24px;margin:0;margin-bottom:5px;\"><img alt=\"youtube\" title=\"Subscreva-nos no YouTube\" class=\"synved-share-image synved-social-image synved-social-image-follow\" width=\"24\" height=\"24\" style=\"display: inline; width:24px;height:24px; margin: 0; padding: 0; border: none; box-shadow: none;\" src=\"https:\/\/www.aezuff.org\/extranet\/wp-content\/plugins\/social-media-feather\/synved-social\/addons\/extra-icons\/image\/social\/flag\/48x48\/youtube.png\" \/><\/a><a class=\"synved-social-credit\" target=\"_blank\" rel=\"nofollow\" title=\"WordPress Social Media Feather\" href=\"http:\/\/synved.com\/wordpress-social-media-feather\/\" style=\"color:#444; text-decoration:none; font-size:8px; margin-left:5px;vertical-align:10px;white-space:nowrap;\"><span>by <\/span><img style=\"display: inline;margin:0;padding:0;width:16px;height:16px;\" width=\"16\" height=\"16\" alt=\"feather\" src=\"https:\/\/www.aezuff.org\/extranet\/wp-content\/plugins\/social-media-feather\/synved-social\/image\/icon.png\" \/><\/a><\/span>","protected":false},"excerpt":{"rendered":"<p>Caros alunos e Exmos. Encarregados de Educa\u00e7\u00e3o. Bom dia! Informamos que iremos dar in\u00edcio \u00e0 distribui\u00e7\u00e3o dos&nbsp;Manuais&nbsp;Escolares, para o pr\u00f3ximo ano letivo,&nbsp;a todos os alunos que v\u00e3o frequentar&nbsp;o 5.\u00ba ano na Escola B\u00e1sica Jo\u00e3o&#46;&#46;&#46;<\/p>\n","protected":false},"author":1,"featured_media":15131,"comment_status":"closed","ping_status":"open","sticky":false,"template":"","format":"standard","meta":{"footnotes":""},"categories":[1],"tags":[],"_links":{"self":[{"href":"https:\/\/www.aezuff.org\/extranet\/wp-json\/wp\/v2\/posts\/15130"}],"collection":[{"href":"https:\/\/www.aezuff.org\/extranet\/wp-json\/wp\/v2\/posts"}],"about":[{"href":"https:\/\/www.aezuff.org\/extranet\/wp-json\/wp\/v2\/types\/post"}],"author":[{"embeddable":true,"href":"https:\/\/www.aezuff.org\/extranet\/wp-json\/wp\/v2\/users\/1"}],"replies":[{"embeddable":true,"href":"https:\/\/www.aezuff.org\/extranet\/wp-json\/wp\/v2\/comments?post=15130"}],"version-history":[{"count":1,"href":"https:\/\/www.aezuff.org\/extranet\/wp-json\/wp\/v2\/posts\/15130\/revisions"}],"predecessor-version":[{"id":15132,"href":"https:\/\/www.aezuff.org\/extranet\/wp-json\/wp\/v2\/posts\/15130\/revisions\/15132"}],"wp:featuredmedia":[{"embeddable":true,"href":"https:\/\/www.aezuff.org\/extranet\/wp-json\/wp\/v2\/media\/15131"}],"wp:attachment":[{"href":"https:\/\/www.aezuff.org\/extranet\/wp-json\/wp\/v2\/media?parent=15130"}],"wp:term":[{"taxonomy":"category","embeddable":true,"href":"https:\/\/www.aezuff.org\/extranet\/wp-json\/wp\/v2\/categories?post=15130"},{"taxonomy":"post_tag","embeddable":true,"href":"https:\/\/www.aezuff.org\/extranet\/wp-json\/wp\/v2\/tags?post=15130"}],"curies":[{"name":"wp","href":"https:\/\/api.w.org\/{rel}","templated":true}]}}